{"id":248099,"date":"2025-08-28T12:53:12","date_gmt":"2025-08-28T10:53:12","guid":{"rendered":"https:\/\/www.pladostelma.com\/?p=248099"},"modified":"2025-08-28T12:53:16","modified_gmt":"2025-08-28T10:53:16","slug":"plados-e-la-sostenibilita-ambientale","status":"publish","type":"post","link":"https:\/\/www.pladostelma.com\/pl\/news\/plados-e-la-sostenibilita-ambientale\/","title":{"rendered":"Plados i zr\u00f3wnowa\u017cony rozw\u00f3j \u015brodowiskowy: certyfikowane i konkretne zobowi\u0105zanie"},"content":{"rendered":"<p>Przez ponad 25 lat firma Plados Telma wyr\u00f3\u017cnia\u0142a si\u0119 jako bran\u017ca zdolna do \u0142\u0105czenia <strong>innowacja<\/strong>, <strong>jako\u015b\u0107<\/strong> e <strong>odpowiedzialno\u015b\u0107 za \u015brodowisko<\/strong>.<\/p>\n\n\n\n<p>U podstaw naszej wizji le\u017cy \u015bwiadomo\u015b\u0107, \u017ce ka\u017cda decyzja biznesowa mo\u017ce generowa\u0107 nie tylko warto\u015b\u0107 ekonomiczn\u0105, ale tak\u017ce <strong>spo\u0142eczny<\/strong> oraz <strong>ekologiczny<\/strong>.<\/p>\n\n\n\n<p>Dlatego nasz\u0105 drog\u0105 do zr\u00f3wnowa\u017conego rozwoju jest <strong>uporz\u0105dkowany<\/strong>, <strong>wymierny<\/strong> e <strong>odnotowany<\/strong> poziom mi\u0119dzynarodowy.<\/p>\n\n\n\n<h2 class=\"wp-block-heading\"><strong>System zarz\u0105dzania \u015brodowiskowego z certyfikatem ISO 14001<\/strong><\/h2>\n\n\n\n<p>Nasza certyfikacja <strong>ISO 14001:2015<\/strong> jest konkretnym dowodem na istnienie zorganizowanego i proaktywnego systemu kontroli i poprawy wp\u0142ywu naszej dzia\u0142alno\u015bci na \u015brodowisko.<\/p>\n\n\n\n<p>Nie jest to obowi\u0105zek, ale \u015bwiadomy wyb\u00f3r: <strong>Zdefiniuj<\/strong>, <strong>wdro\u017cenie<\/strong> e <strong>udoskonala\u0107<\/strong> korporacyjn\u0105 polityk\u0119 \u015brodowiskow\u0105 obejmuj\u0105c\u0105 wszystkie etapy cyklu produkcyjnego.<\/p>\n\n\n\n<p>Od pozyskiwania surowc\u00f3w po produkcj\u0119 zlewozmywak\u00f3w, kt\u00f3re zmniejszaj\u0105 zu\u017cycie energii i wody, przy ka\u017cdym wyborze kierujemy si\u0119 zasadami odpowiedzialno\u015bci ekologicznej.<\/p>\n\n\n\n<p>Kto wybiera<strong> Plados<\/strong>wybiera r\u00f3wnie\u017c bran\u017c\u0119, kt\u00f3ra dzia\u0142a na rzecz bardziej zr\u00f3wnowa\u017conej przysz\u0142o\u015bci.<\/p>\n\n\n<div class=\"wp-block-image\">\n<figure class=\"aligncenter size-large is-resized\"><img decoding=\"async\" width=\"1024\" height=\"686\" src=\"https:\/\/www.pladostelma.com\/wp-content\/uploads\/progetto_life_green_composite-1024x686.jpg\" alt=\"\" class=\"wp-image-245682\" style=\"width:587px;height:auto\" srcset=\"https:\/\/www.pladostelma.com\/wp-content\/uploads\/progetto_life_green_composite-1024x686.jpg 1024w, https:\/\/www.pladostelma.com\/wp-content\/uploads\/progetto_life_green_composite-300x201.jpg 300w, https:\/\/www.pladostelma.com\/wp-content\/uploads\/progetto_life_green_composite-768x514.jpg 768w, https:\/\/www.pladostelma.com\/wp-content\/uploads\/progetto_life_green_composite-1536x1028.jpg 1536w, https:\/\/www.pladostelma.com\/wp-content\/uploads\/progetto_life_green_composite-2048x1371.jpg 2048w, https:\/\/www.pladostelma.com\/wp-content\/uploads\/progetto_life_green_composite-18x12.jpg 18w, https:\/\/www.pladostelma.com\/wp-content\/uploads\/progetto_life_green_composite-600x402.jpg 600w, https:\/\/www.pladostelma.com\/wp-content\/uploads\/progetto_life_green_composite-100x67.jpg 100w\" sizes=\"(max-width: 1024px) 100vw, 1024px\" \/><\/figure><\/div>\n\n\n<h2 class=\"wp-block-heading\"><strong>Energia s\u0142oneczna i redukcja emisji<\/strong><\/h2>\n\n\n\n<p>Nasze zaanga\u017cowanie w zmniejszenie zu\u017cycia energii przek\u0142ada si\u0119 na konkretne dzia\u0142ania, takie jak instalacja systemu fotowoltaicznego na dachach naszych fabryk.<\/p>\n\n\n\n<p>Dzi\u0119ki tej inwestycji:<\/p>\n\n\n\n<ul class=\"wp-block-list\">\n<li><strong>Do 40% zapotrzebowania na energi\u0119 pokrywaj\u0105 \u017ar\u00f3d\u0142a rinnovabili<\/strong>;<\/li>\n\n\n\n<li><strong>Unikamy emisji oko\u0142o 300 ton CO\u2082 rocznie.<\/strong>;<\/li>\n\n\n\n<li><strong>Oszcz\u0119dno\u015b\u0107 ta odpowiada 20 000 drzew potrzebnych do zr\u00f3wnowa\u017cenia tej samej ilo\u015bci gaz\u00f3w cieplarnianych<\/strong>.<\/li>\n<\/ul>\n\n\n<div class=\"wp-block-image\">\n<figure class=\"aligncenter size-large is-resized\"><img decoding=\"async\" width=\"1024\" height=\"683\" src=\"https:\/\/www.pladostelma.com\/wp-content\/uploads\/FOTOVOLTAICO-1024x683.jpg\" alt=\"\" class=\"wp-image-239342\" style=\"width:591px;height:auto\" srcset=\"https:\/\/www.pladostelma.com\/wp-content\/uploads\/FOTOVOLTAICO-1024x683.jpg 1024w, https:\/\/www.pladostelma.com\/wp-content\/uploads\/FOTOVOLTAICO-300x200.jpg 300w, https:\/\/www.pladostelma.com\/wp-content\/uploads\/FOTOVOLTAICO-768x512.jpg 768w, https:\/\/www.pladostelma.com\/wp-content\/uploads\/FOTOVOLTAICO-1536x1024.jpg 1536w, https:\/\/www.pladostelma.com\/wp-content\/uploads\/FOTOVOLTAICO-18x12.jpg 18w, https:\/\/www.pladostelma.com\/wp-content\/uploads\/FOTOVOLTAICO-600x400.jpg 600w, https:\/\/www.pladostelma.com\/wp-content\/uploads\/FOTOVOLTAICO-100x67.jpg 100w, https:\/\/www.pladostelma.com\/wp-content\/uploads\/FOTOVOLTAICO.jpg 1920w\" sizes=\"(max-width: 1024px) 100vw, 1024px\" \/><figcaption class=\"wp-element-caption\">System fotowoltaiczny na dachu Pochmurne niebo T\u0142o<\/figcaption><\/figure><\/div>\n\n\n<h2 class=\"wp-block-heading\"><strong>Wszechstronna, zr\u00f3wnowa\u017cona rewolucja<\/strong><\/h2>\n\n\n\n<p>L'<strong>zielona dusza<\/strong> przez <strong>Plados<\/strong> obejmuje ca\u0142y \u0142a\u0144cuch warto\u015bci:<\/p>\n\n\n\n<ul class=\"wp-block-list\">\n<li><strong>Wyb\u00f3r surowca;<\/strong><\/li>\n\n\n\n<li><strong>Wydajne procesy produkcyjne;<\/strong><\/li>\n\n\n\n<li><strong>Optymalizacja wykorzystania zasob\u00f3w;<\/strong><\/li>\n\n\n\n<li><strong>Badanie cyklu \u017cycia produkt\u00f3w.<\/strong><\/li>\n<\/ul>\n\n\n\n<p>Z tej perspektywy \u015brodowisko nie jest zmienn\u0105 zewn\u0119trzn\u0105, ale elementem powi\u0105zanym z <strong>jako\u015b\u0107 produktu<\/strong> i <strong>dobrobyt ludzi<\/strong>.<\/p>\n\n\n\n<h2 class=\"wp-block-heading\"><strong>Opakowanie 100% bez plastiku<\/strong><\/h2>\n\n\n\n<p><strong>Opakowanie r\u00f3wnie\u017c m\u00f3wi j\u0119zykiem zr\u00f3wnowa\u017conego rozwoju<\/strong>. Po intensywnych pracach badawczo-rozwojowych wprowadzili\u015bmy opakowania ca\u0142kowicie pozbawione tworzyw sztucznych, wykonane w <strong>100% z p\u0142yty z certyfikatem FSC\u00ae<\/strong>.<\/p>\n\n\n\n<p>Jego g\u0142\u00f3wne cechy:<\/p>\n\n\n\n<ul class=\"wp-block-list\">\n<li><strong>Zero plastiku<\/strong> wewn\u0119trzne i zewn\u0119trzne<\/li>\n\n\n\n<li><strong>Neutralny wp\u0142yw na \u015brodowisko<\/strong> poprzez redukcj\u0119 emisji w ca\u0142ym cyklu \u017cycia<\/li>\n\n\n\n<li><strong>Biodegradowalne i naturalne materia\u0142y<\/strong> ochrona r\u00f3\u017cnorodno\u015bci biologicznej<\/li>\n\n\n\n<li><strong>100% nadaje si\u0119 do recyklingu<\/strong>zgodnie z zasadami gospodarki o obiegu zamkni\u0119tym<\/li>\n\n\n\n<li><strong>Gwarantowane bezpiecze\u0144stwo<\/strong> zgodnie z mi\u0119dzynarodowymi testami ISTA 1C<\/li>\n<\/ul>\n\n\n<div class=\"wp-block-image\">\n<figure class=\"aligncenter size-large is-resized\"><img decoding=\"async\" width=\"819\" height=\"1024\" src=\"https:\/\/www.pladostelma.com\/wp-content\/uploads\/100plasticfree-819x1024.jpg\" alt=\"Illustrazione wieloryb, 100% bez plastiku\" class=\"wp-image-247834\" style=\"width:386px;height:auto\" srcset=\"https:\/\/www.pladostelma.com\/wp-content\/uploads\/100plasticfree-819x1024.jpg 819w, https:\/\/www.pladostelma.com\/wp-content\/uploads\/100plasticfree-240x300.jpg 240w, https:\/\/www.pladostelma.com\/wp-content\/uploads\/100plasticfree-768x960.jpg 768w, https:\/\/www.pladostelma.com\/wp-content\/uploads\/100plasticfree-10x12.jpg 10w, https:\/\/www.pladostelma.com\/wp-content\/uploads\/100plasticfree-480x600.jpg 480w, https:\/\/www.pladostelma.com\/wp-content\/uploads\/100plasticfree-80x100.jpg 80w, https:\/\/www.pladostelma.com\/wp-content\/uploads\/100plasticfree.jpg 1024w\" sizes=\"(max-width: 819px) 100vw, 819px\" \/><\/figure><\/div>\n\n\n<h2 class=\"wp-block-heading\"><strong>Wniosek: dla \u015brodowiska i dla ludzi<\/strong><\/h2>\n\n\n\n<p>W Plados wierzymy, \u017ce zr\u00f3wnowa\u017cony rozw\u00f3j oznacza <strong>codzienne zaanga\u017cowanie<\/strong>, <strong>sp\u00f3jne wybory<\/strong> e <strong>inwestycje przysz\u0142o\u015bciowe<\/strong>.<\/p>\n\n\n\n<p>Ka\u017cda innowacja technologiczna, ka\u017cdy produkowany przez nas zlewozmywak, ka\u017cdy szczeg\u00f3\u0142 naszego opakowania opowiada histori\u0119 szacunku dla \u015brodowiska i wiary w przysz\u0142o\u015b\u0107.<\/p>\n\n\n\n<p><strong>Odpowiedzialny wyb\u00f3r dzi\u015b, dla lepszej kuchni i planety jutro.<\/strong><\/p>\n\n\n\n<p><\/p>","protected":false},"excerpt":{"rendered":"<p>Da oltre 25 anni, Plados Telma si distingue come realt\u00e0 industriale capace di coniugare innovazione, qualit\u00e0 e responsabilit\u00e0 ambientale. Alla base della nostra visione, c\u2019\u00e8 la consapevolezza che ogni scelta aziendale pu\u00f2 generare valore non solo economico, ma anche sociale ed ecologico. Per questo, il nostro percorso verso la sostenibilit\u00e0 \u00e8 strutturato, misurabile e riconosciuto [&hellip;]<\/p>\n","protected":false},"author":61,"featured_media":248104,"comment_status":"closed","ping_status":"closed","sticky":false,"template":"","format":"standard","meta":{"_acf_changed":false,"_seopress_robots_primary_cat":"none","_seopress_titles_title":"","_seopress_titles_desc":"","_seopress_robots_index":"","_uag_custom_page_level_css":"","iawp_total_views":1140,"uix_meta_title":"","uix_meta_description":"","uix_canonical_url":"","footnotes":""},"categories":[79],"tags":[],"class_list":["post-248099","post","type-post","status-publish","format-standard","has-post-thumbnail","hentry","category-news"],"acf":[],"uagb_featured_image_src":{"full":["https:\/\/www.pladostelma.com\/wp-content\/uploads\/Plados-sostenibilita-ambientale-scaled.jpg",2560,1440,false],"thumbnail":["https:\/\/www.pladostelma.com\/wp-content\/uploads\/Plados-sostenibilita-ambientale-150x150.jpg",150,150,true],"medium":["https:\/\/www.pladostelma.com\/wp-content\/uploads\/Plados-sostenibilita-ambientale-300x169.jpg",300,169,true],"medium_large":["https:\/\/www.pladostelma.com\/wp-content\/uploads\/Plados-sostenibilita-ambientale-768x432.jpg",768,432,true],"large":["https:\/\/www.pladostelma.com\/wp-content\/uploads\/Plados-sostenibilita-ambientale-1024x576.jpg",1024,576,true],"1536x1536":["https:\/\/www.pladostelma.com\/wp-content\/uploads\/Plados-sostenibilita-ambientale-1536x864.jpg",1536,864,true],"2048x2048":["https:\/\/www.pladostelma.com\/wp-content\/uploads\/Plados-sostenibilita-ambientale-2048x1152.jpg",2048,1152,true],"trp-custom-language-flag":["https:\/\/www.pladostelma.com\/wp-content\/uploads\/Plados-sostenibilita-ambientale-18x10.jpg",18,10,true],"woocommerce_thumbnail":["https:\/\/www.pladostelma.com\/wp-content\/uploads\/Plados-sostenibilita-ambientale-300x169.jpg",300,169,true],"woocommerce_single":["https:\/\/www.pladostelma.com\/wp-content\/uploads\/Plados-sostenibilita-ambientale-600x338.jpg",600,338,true],"woocommerce_gallery_thumbnail":["https:\/\/www.pladostelma.com\/wp-content\/uploads\/Plados-sostenibilita-ambientale-100x56.jpg",100,56,true],"variation_swatches_image_size":["https:\/\/www.pladostelma.com\/wp-content\/uploads\/Plados-sostenibilita-ambientale-50x50.jpg",50,50,true],"variation_swatches_tooltip_size":["https:\/\/www.pladostelma.com\/wp-content\/uploads\/Plados-sostenibilita-ambientale-100x100.jpg",100,100,true]},"uagb_author_info":{"display_name":"PladosTelma","author_link":"https:\/\/www.pladostelma.com\/pl\/author\/pladostelma\/"},"uagb_comment_info":0,"uagb_excerpt":"Da oltre 25 anni, Plados Telma si distingue come realt\u00e0 industriale capace di coniugare innovazione, qualit\u00e0 e responsabilit\u00e0 ambientale. Alla base della nostra visione, c\u2019\u00e8 la consapevolezza che ogni scelta aziendale pu\u00f2 generare valore non solo economico, ma anche sociale ed ecologico. Per questo, il nostro percorso verso la sostenibilit\u00e0 \u00e8 strutturato, misurabile e riconosciuto&hellip;","_links":{"self":[{"href":"https:\/\/www.pladostelma.com\/pl\/wp-json\/wp\/v2\/posts\/248099","targetHints":{"allow":["GET"]}}],"collection":[{"href":"https:\/\/www.pladostelma.com\/pl\/wp-json\/wp\/v2\/posts"}],"about":[{"href":"https:\/\/www.pladostelma.com\/pl\/wp-json\/wp\/v2\/types\/post"}],"author":[{"embeddable":true,"href":"https:\/\/www.pladostelma.com\/pl\/wp-json\/wp\/v2\/users\/61"}],"replies":[{"embeddable":true,"href":"https:\/\/www.pladostelma.com\/pl\/wp-json\/wp\/v2\/comments?post=248099"}],"version-history":[{"count":0,"href":"https:\/\/www.pladostelma.com\/pl\/wp-json\/wp\/v2\/posts\/248099\/revisions"}],"wp:featuredmedia":[{"embeddable":true,"href":"https:\/\/www.pladostelma.com\/pl\/wp-json\/wp\/v2\/media\/248104"}],"wp:attachment":[{"href":"https:\/\/www.pladostelma.com\/pl\/wp-json\/wp\/v2\/media?parent=248099"}],"wp:term":[{"taxonomy":"category","embeddable":true,"href":"https:\/\/www.pladostelma.com\/pl\/wp-json\/wp\/v2\/categories?post=248099"},{"taxonomy":"post_tag","embeddable":true,"href":"https:\/\/www.pladostelma.com\/pl\/wp-json\/wp\/v2\/tags?post=248099"}],"curies":[{"name":"wp","href":"https:\/\/api.w.org\/{rel}","templated":true}]}}