{"id":248053,"date":"2025-06-20T10:43:25","date_gmt":"2025-06-20T08:43:25","guid":{"rendered":"https:\/\/www.pladostelma.com\/?p=248053"},"modified":"2025-06-20T10:52:36","modified_gmt":"2025-06-20T08:52:36","slug":"life-green-composite-final-seminar","status":"publish","type":"post","link":"https:\/\/www.pladostelma.com\/pl\/uncategorized\/life-green-composite-final-seminar\/","title":{"rendered":"SEMINARIUM KO\u0143COWE LIFE GREEN COMPOSITE"},"content":{"rendered":"<div class=\"wp-block-columns is-layout-flex wp-container-core-columns-is-layout-9d6595d7 wp-block-columns-is-layout-flex\">\n<div class=\"wp-block-column is-layout-flow wp-block-column-is-layout-flow\" style=\"flex-basis:66.66%\">\n<p>W miar\u0119 zbli\u017cania si\u0119 zako\u0144czenia europejskiego projektu\u00a0<strong>KOMPOZYT LIFE GREEN<\/strong>z przyjemno\u015bci\u0105 zapraszamy na\u00a0<strong>Seminarium ko\u0144cowe<\/strong>, kt\u00f3ry si\u0119 odb\u0119dzie:<br><br><b>CZWARTEK, 10 LIPCA 2025 R,<\/b>\u00a0<br>na<strong>Uniwersytet w Camerino<\/strong>,\u00a0<strong>Hala \"Carlo Urbani<\/strong>,<br>z p\u00f3\u017aniejsz\u0105 wizyt\u0105 w\u00a0<strong>Warsztaty MARLIC<\/strong>. <br><br>Podczas wydarzenia b\u0119dziemy dzieli\u0107 si\u0119\u00a0<strong>g\u0142\u00f3wne wyniki<\/strong>\u00a0projektu,\u00a0<strong>zielone zlewozmywaki i panele<\/strong>i otworzy\u0107 dyskusj\u0119 na temat potencja\u0142u zastosowania produktu ubocznego <strong>granulat zielony<\/strong>r\u00f3wnie\u017c w obszarach alternatywnych do paneli kompozytowych. <br>Z rado\u015bci\u0105 powitamy Tw\u00f3j udzia\u0142, maj\u0105c pewno\u015b\u0107, \u017ce Twoja obecno\u015b\u0107 wniesie cenny wk\u0142ad w ko\u0144cow\u0105 debat\u0119. <br><br>Pe\u0142ne szczeg\u00f3\u0142y projektu s\u0105 dost\u0119pne pod nast\u0119puj\u0105cym linkiem: \ud83d\udc49<br>\ud83d\udc49\u00a0<a href=\"https:\/\/www.pladostelma.com\/life-green-composite\">https:\/\/www.pladostelma.com\/life-green-composite<\/a><br><br>Program wydarzenia mo\u017cna pobra\u0107 poni\u017cej:<\/p>\n<\/div>\n\n\n\n<div class=\"wp-block-column is-layout-flow wp-block-column-is-layout-flow\" style=\"flex-basis:33.33%\">\n<figure class=\"wp-block-image size-large is-resized\"><img decoding=\"async\" width=\"533\" height=\"1024\" src=\"https:\/\/www.pladostelma.com\/wp-content\/uploads\/save_the_date-533x1024.jpg\" alt=\"Seminarium LIFE Green Composite w Camerino.\" class=\"wp-image-248060\" style=\"width:auto;height:480px\" srcset=\"https:\/\/www.pladostelma.com\/wp-content\/uploads\/save_the_date-533x1024.jpg 533w, https:\/\/www.pladostelma.com\/wp-content\/uploads\/save_the_date-156x300.jpg 156w, https:\/\/www.pladostelma.com\/wp-content\/uploads\/save_the_date-768x1476.jpg 768w, https:\/\/www.pladostelma.com\/wp-content\/uploads\/save_the_date-799x1536.jpg 799w, https:\/\/www.pladostelma.com\/wp-content\/uploads\/save_the_date-6x12.jpg 6w, https:\/\/www.pladostelma.com\/wp-content\/uploads\/save_the_date-312x600.jpg 312w, https:\/\/www.pladostelma.com\/wp-content\/uploads\/save_the_date-52x100.jpg 52w, https:\/\/www.pladostelma.com\/wp-content\/uploads\/save_the_date.jpg 1020w\" sizes=\"(max-width: 533px) 100vw, 533px\" \/><\/figure>\n<\/div>\n<\/div>\n\n\n\n<div style=\"height:25px\" aria-hidden=\"true\" class=\"wp-block-spacer\"><\/div>\n\n\n\n<div class=\"wp-block-columns is-layout-flex wp-container-core-columns-is-layout-9d6595d7 wp-block-columns-is-layout-flex\">\n<div class=\"wp-block-column is-layout-flow wp-block-column-is-layout-flow\">\n<div data-wp-interactive=\"core\/file\" class=\"wp-block-file\"><object data-wp-bind--hidden=\"!state.hasPdfPreview\" hidden class=\"wp-block-file__embed\" data=\"https:\/\/www.pladostelma.com\/wp-content\/uploads\/Locandina_finale.pdf\" type=\"application\/pdf\" style=\"width:100%;height:1073px\" aria-label=\"Osadzone z Poster_final.\"><\/object><a id=\"wp-block-file--media-b680d7c5-795f-4e38-9c1f-4b65db6558a3\" href=\"https:\/\/www.pladostelma.com\/wp-content\/uploads\/Locandina_finale.pdf\">Poster_final<\/a><a href=\"https:\/\/www.pladostelma.com\/wp-content\/uploads\/Locandina_finale.pdf\" class=\"wp-block-file__button wp-element-button\" download aria-describedby=\"wp-block-file--media-b680d7c5-795f-4e38-9c1f-4b65db6558a3\">Pobierz<\/a><\/div>\n\n\n\n<p><\/p>\n\n\n\n<p><\/p>\n\n\n\n<p><\/p>\n\n\n\n<p><\/p>\n\n\n\n<p><\/p>\n\n\n\n<p><\/p>\n\n\n\n<p><\/p>\n\n\n\n<p><\/p>\n<\/div>\n<\/div>\n\n\n\n<p><\/p>","protected":false},"excerpt":{"rendered":"<p>Con l\u2019avvicinarsi della conclusione del progetto europeo\u00a0LIFE GREEN COMPOSITE, abbiamo il piacere di invitarvi al\u00a0Seminario finale, che si terr\u00e0: GIOVED\u00cc 10 LUGLIO 2025,\u00a0presso l\u2019Universit\u00e0 di Camerino,\u00a0sala \u201cCarlo Urbani\u201d,con successiva visita ai\u00a0laboratori MARLIC. Durante l\u2019evento condivideremo i\u00a0risultati principali\u00a0del progetto,\u00a0lavelli e pannelli green,\u00a0e apriremo un momento di confronto sulle potenzialit\u00e0 applicative\u00a0del sottoprodotto granulato green, anche in ambiti [&hellip;]<\/p>\n","protected":false},"author":2,"featured_media":0,"comment_status":"closed","ping_status":"closed","sticky":false,"template":"","format":"standard","meta":{"_acf_changed":false,"_seopress_robots_primary_cat":"none","_seopress_titles_title":"","_seopress_titles_desc":"","_seopress_robots_index":"","_uag_custom_page_level_css":"","iawp_total_views":14,"uix_meta_title":"","uix_meta_description":"","uix_canonical_url":"","footnotes":""},"categories":[1],"tags":[],"class_list":["post-248053","post","type-post","status-publish","format-standard","hentry","category-uncategorized"],"acf":[],"uagb_featured_image_src":{"full":false,"thumbnail":false,"medium":false,"medium_large":false,"large":false,"1536x1536":false,"2048x2048":false,"trp-custom-language-flag":false,"woocommerce_thumbnail":false,"woocommerce_single":false,"woocommerce_gallery_thumbnail":false,"variation_swatches_image_size":false,"variation_swatches_tooltip_size":false},"uagb_author_info":{"display_name":"Luca Cavaleri","author_link":"https:\/\/www.pladostelma.com\/pl\/author\/luca\/"},"uagb_comment_info":0,"uagb_excerpt":"Con l\u2019avvicinarsi della conclusione del progetto europeo\u00a0LIFE GREEN COMPOSITE, abbiamo il piacere di invitarvi al\u00a0Seminario finale, che si terr\u00e0: GIOVED\u00cc 10 LUGLIO 2025,\u00a0presso l\u2019Universit\u00e0 di Camerino,\u00a0sala \u201cCarlo Urbani\u201d,con successiva visita ai\u00a0laboratori MARLIC. Durante l\u2019evento condivideremo i\u00a0risultati principali\u00a0del progetto,\u00a0lavelli e pannelli green,\u00a0e apriremo un momento di confronto sulle potenzialit\u00e0 applicative\u00a0del sottoprodotto granulato green, anche in ambiti&hellip;","_links":{"self":[{"href":"https:\/\/www.pladostelma.com\/pl\/wp-json\/wp\/v2\/posts\/248053","targetHints":{"allow":["GET"]}}],"collection":[{"href":"https:\/\/www.pladostelma.com\/pl\/wp-json\/wp\/v2\/posts"}],"about":[{"href":"https:\/\/www.pladostelma.com\/pl\/wp-json\/wp\/v2\/types\/post"}],"author":[{"embeddable":true,"href":"https:\/\/www.pladostelma.com\/pl\/wp-json\/wp\/v2\/users\/2"}],"replies":[{"embeddable":true,"href":"https:\/\/www.pladostelma.com\/pl\/wp-json\/wp\/v2\/comments?post=248053"}],"version-history":[{"count":0,"href":"https:\/\/www.pladostelma.com\/pl\/wp-json\/wp\/v2\/posts\/248053\/revisions"}],"wp:attachment":[{"href":"https:\/\/www.pladostelma.com\/pl\/wp-json\/wp\/v2\/media?parent=248053"}],"wp:term":[{"taxonomy":"category","embeddable":true,"href":"https:\/\/www.pladostelma.com\/pl\/wp-json\/wp\/v2\/categories?post=248053"},{"taxonomy":"post_tag","embeddable":true,"href":"https:\/\/www.pladostelma.com\/pl\/wp-json\/wp\/v2\/tags?post=248053"}],"curies":[{"name":"wp","href":"https:\/\/api.w.org\/{rel}","templated":true}]}}