{"id":248024,"date":"2025-07-16T17:01:21","date_gmt":"2025-07-16T15:01:21","guid":{"rendered":"https:\/\/www.pladostelma.com\/?p=248024"},"modified":"2025-07-16T17:29:03","modified_gmt":"2025-07-16T15:29:03","slug":"la-gamma-colori-plados-tra-materiali-innovativi-e-una-profonda-ricerca-estetica","status":"publish","type":"post","link":"https:\/\/www.pladostelma.com\/pl\/news\/la-gamma-colori-plados-tra-materiali-innovativi-e-una-profonda-ricerca-estetica\/","title":{"rendered":"Gama kolor\u00f3w Plados: mi\u0119dzy innowacyjnymi materia\u0142ami a g\u0142\u0119bokimi badaniami estetycznymi"},"content":{"rendered":"<p>W Plados wierzymy, \u017ce ka\u017cdy szczeg\u00f3\u0142 przyczynia si\u0119 do stworzenia kuchni, kt\u00f3ra jest nie tylko funkcjonalna, ale tak\u017ce jest dzie\u0142em sztuki. Nasze zlewozmywaki kompozytowe s\u0105 projektowane z pasj\u0105 i po\u015bwi\u0119ceniem, s\u0105 wynikiem wieloletnich bada\u0144 i innowacji technologicznych, kt\u00f3re obejmuj\u0105 <strong>zr\u00f3wnowa\u017cony rozw\u00f3j<\/strong>w <strong>projekt<\/strong> i<strong>doskona\u0142o\u015b\u0107<\/strong> jako\u015b\u0107. W tym artykule chcieliby\u015bmy zabra\u0107 Ci\u0119 na wycieczk\u0119 po naszej wyrafinowanej gamie kolor\u00f3w, wszech\u015bwiecie odcieni zaprojektowanych w najdrobniejszych szczeg\u00f3\u0142ach, aby ka\u017cdy pok\u00f3j by\u0142 wyj\u0105tkowy i przytulny.<\/p>\n\n\n\n<h2 class=\"wp-block-heading\">Serce bada\u0144: jako\u015b\u0107, innowacyjno\u015b\u0107 i zr\u00f3wnowa\u017cony rozw\u00f3j<\/h2>\n\n\n\n<p>Nasze codzienne zaanga\u017cowanie znajduje odzwierciedlenie w wyborze najnowocze\u015bniejszych materia\u0142\u00f3w i proces\u00f3w produkcyjnych. \u0141a\u0144cuch warto\u015bci Plados charakteryzuje si\u0119 \u015bcis\u0142\u0105 koncentracj\u0105 na zmniejszaniu wp\u0142ywu na \u015brodowisko i nieustannym d\u0105\u017ceniem do doskona\u0142o\u015bci. Na przyk\u0142ad w <strong>RINNOVA<\/strong> przemy\u015bleli\u015bmy wykorzystanie surowc\u00f3w, w wyniku czego powsta\u0142y zlewozmywaki sk\u0142adaj\u0105ce si\u0119 z ponad 90% komponent\u00f3w rinnovabili. Wyb\u00f3r ten, opr\u00f3cz zagwarantowania wydajno\u015bci technicznej r\u00f3wnej tradycyjnym metodom, jest wyrazem bardziej ekologicznej i \u015bwiadomej przysz\u0142o\u015bci.<\/p>\n\n\n\n<h2 class=\"wp-block-heading\">RINNOVA: Ekologiczna elegancja<\/h2>\n\n\n\n<p>Linia <strong>RINNOVA<\/strong> stanowi idealne po\u0142\u0105czenie ekologicznej innowacji i estetycznego pi\u0119kna. Kolory zaprojektowane dla tej serii s\u0105 wynikiem dog\u0142\u0119bnych bada\u0144 i dok\u0142adnych test\u00f3w, gwarantuj\u0105c d\u0142ugotrwa\u0142e i wizualnie uderzaj\u0105ce odwzorowanie kolor\u00f3w:<\/p>\n\n\n\n<ul class=\"wp-block-list\">\n<li><strong>R1 - Arctic White:<\/strong> Czysta, \u015bwietlista biel, przypominaj\u0105ca czysto\u015b\u0107 o\u015bnie\u017conych Alp i wnosz\u0105ca natychmiastow\u0105 \u015bwie\u017co\u015b\u0107 do ka\u017cdego pomieszczenia.<\/li>\n\n\n\n<li><strong>R2 - Dune Beige:<\/strong> Ciep\u0142y i naturalny odcie\u0144, inspirowany mi\u0119kkimi krzywiznami wydm, idealny do tworzenia przytulnej i zr\u00f3wnowa\u017conej atmosfery.<\/li>\n\n\n\n<li><strong>R3 - Alp Stone:<\/strong> Kolor przywo\u0142uj\u0105cy na my\u015bl solidno\u015b\u0107 alpejskich ska\u0142, charakteryzuj\u0105cy si\u0119 neutralnymi i wyrafinowanymi tonami, idealny do minimalistycznych przestrzeni.<\/li>\n\n\n\n<li><strong>R4 - Volcano Black:<\/strong> Intensywna, g\u0142\u0119boka czer\u0144, przypominaj\u0105ca moc sch\u0142odzonej lawy, nadaj\u0105ca jej odrobin\u0119 wyrafinowanej elegancji.<\/li>\n<\/ul>\n\n\n<div class=\"wp-block-image\">\n<figure class=\"aligncenter size-large\"><img decoding=\"async\" width=\"1006\" height=\"1024\" src=\"https:\/\/www.pladostelma.com\/wp-content\/uploads\/Colori-RN-no-logo-1006x1024.jpg\" alt=\"Nowoczesny czarny zlewozmywak z warzywami i eleganck\u0105 bateri\u0105.\" class=\"wp-image-248080\" srcset=\"https:\/\/www.pladostelma.com\/wp-content\/uploads\/Colori-RN-no-logo-1006x1024.jpg 1006w, https:\/\/www.pladostelma.com\/wp-content\/uploads\/Colori-RN-no-logo-295x300.jpg 295w, https:\/\/www.pladostelma.com\/wp-content\/uploads\/Colori-RN-no-logo-768x782.jpg 768w, https:\/\/www.pladostelma.com\/wp-content\/uploads\/Colori-RN-no-logo-1509x1536.jpg 1509w, https:\/\/www.pladostelma.com\/wp-content\/uploads\/Colori-RN-no-logo-12x12.jpg 12w, https:\/\/www.pladostelma.com\/wp-content\/uploads\/Colori-RN-no-logo-590x600.jpg 590w, https:\/\/www.pladostelma.com\/wp-content\/uploads\/Colori-RN-no-logo-98x100.jpg 98w, https:\/\/www.pladostelma.com\/wp-content\/uploads\/Colori-RN-no-logo-50x50.jpg 50w, https:\/\/www.pladostelma.com\/wp-content\/uploads\/Colori-RN-no-logo.jpg 1634w\" sizes=\"(max-width: 1006px) 100vw, 1006px\" \/><\/figure><\/div>\n\n\n<p>Ka\u017cdy klosz zosta\u0142 zaprojektowany tak, aby nie tylko poprawi\u0107 efekt estetyczny, ale tak\u017ce zapewni\u0107 doskona\u0142\u0105 integracj\u0119 z r\u00f3\u017cnymi stylami kuchni, tworz\u0105c \u015brodowiska, kt\u00f3re wzmacniaj\u0105 \u015bwiat\u0142o i spazio.<\/p>\n\n\n\n<p>efekt jedwabiu na powierzchni zlewozmywaka zapewnia niezwykle przyjemne uczucie w dotyku<\/p>\n\n\n\n<h2 class=\"wp-block-heading\">nanoSTONE: Niewidzialna technologia, namacalne pi\u0119kno<\/h2>\n\n\n\n<p>Przej\u015bcie do linii <strong>nanoSTONE<\/strong>wkraczamy na terytorium, na kt\u00f3rym technologia spotyka si\u0119 z wra\u017cliwo\u015bci\u0105 projektow\u0105. Ten ekskluzywny materia\u0142, sk\u0142adaj\u0105cy si\u0119 z czystej \u017cywicy akrylowej i mieszanki zaawansowanych technologicznie wype\u0142niaczy mineralnych, tworzy sie\u0107 molekularn\u0105, kt\u00f3ra zapewnia doskona\u0142\u0105 odporno\u015b\u0107 na uderzenia i szok termiczny, zachowuj\u0105c jednocze\u015bnie powierzchni\u0119, kt\u00f3ra jest zaskakuj\u0105co jedwabista w dotyku. Odcienie oferowane w tym asortymencie to:<\/p>\n\n\n\n<ul class=\"wp-block-list\">\n<li><strong>N1 - Milk White:<\/strong> Kremowa biel, kt\u00f3ra oddaje mi\u0119kko\u015b\u0107 i czysto\u015b\u0107, idealna do jasnych pomieszcze\u0144.<\/li>\n\n\n\n<li><strong>N3 - Argan:<\/strong> Zainspirowany ciep\u0142em i elegancj\u0105, ten odcie\u0144 przywo\u0142uje \u015br\u00f3dziemnomorskie niuanse, idealne do tworzenia relaksuj\u0105cej atmosfery.<\/li>\n\n\n\n<li><strong>N4 - Urban Grey:<\/strong> Nowoczesna szaro\u015b\u0107 o wyrafinowanym charakterze, doskonale pasuj\u0105ca do wsp\u00f3\u0142czesnych kontekst\u00f3w.<\/li>\n\n\n\n<li><strong>N6 - Deep Black:<\/strong> Intensywna, odwa\u017cna czer\u0144, kt\u00f3ra nadaje g\u0142\u0119bi i kontrastu, podkre\u015blaj\u0105c linie zlewozmywak\u00f3w.<\/li>\n<\/ul>\n\n\n<div class=\"wp-block-image\">\n<figure class=\"aligncenter size-large\"><img decoding=\"async\" width=\"1006\" height=\"1024\" src=\"https:\/\/www.pladostelma.com\/wp-content\/uploads\/Colori-NS-no-logo-1006x1024.jpg\" alt=\"Bia\u0142y zlew kuchenny z akcesoriami na marmurowym blacie.\" class=\"wp-image-248081\" srcset=\"https:\/\/www.pladostelma.com\/wp-content\/uploads\/Colori-NS-no-logo-1006x1024.jpg 1006w, https:\/\/www.pladostelma.com\/wp-content\/uploads\/Colori-NS-no-logo-295x300.jpg 295w, https:\/\/www.pladostelma.com\/wp-content\/uploads\/Colori-NS-no-logo-768x782.jpg 768w, https:\/\/www.pladostelma.com\/wp-content\/uploads\/Colori-NS-no-logo-1509x1536.jpg 1509w, https:\/\/www.pladostelma.com\/wp-content\/uploads\/Colori-NS-no-logo-12x12.jpg 12w, https:\/\/www.pladostelma.com\/wp-content\/uploads\/Colori-NS-no-logo-590x600.jpg 590w, https:\/\/www.pladostelma.com\/wp-content\/uploads\/Colori-NS-no-logo-98x100.jpg 98w, https:\/\/www.pladostelma.com\/wp-content\/uploads\/Colori-NS-no-logo-50x50.jpg 50w, https:\/\/www.pladostelma.com\/wp-content\/uploads\/Colori-NS-no-logo.jpg 1634w\" sizes=\"(max-width: 1006px) 100vw, 1006px\" \/><\/figure><\/div>\n\n\n<p>Po\u0142\u0105czenie innowacji technologicznych i nowoczesnej estetyki sprawia, \u017ce nanoSTONE jest idealnym wyborem dla tych, kt\u00f3rzy chc\u0105 najnowocze\u015bniejszego produktu bez po\u015bwi\u0119cania ekskluzywnego wygl\u0105du.<\/p>\n\n\n\n<h2 class=\"wp-block-heading\">ULTRAMETAL: Moc metalu w kuchni<\/h2>\n\n\n\n<p>Do kuchni, kt\u00f3re wymagaj\u0105 odrobiny nowoczesno\u015bci i wyrafinowania, polecamy <strong>ULTRAMETAL<\/strong> oferuje wyko\u0144czenia charakteryzuj\u0105ce si\u0119 metalicznymi cz\u0105steczkami, kryszta\u0142ami kwarcu i granitem, kt\u00f3re tworz\u0105 uderzaj\u0105ce efekty kolorystyczne. Powierzchnie te, o ch\u0142odnych, satynowych odcieniach, harmonijnie \u0142\u0105cz\u0105 si\u0119 z urz\u0105dzeniami ze stali nierdzewnej i nowoczesnymi aran\u017cacjami:<\/p>\n\n\n\n<ul class=\"wp-block-list\">\n<li><strong>41 - Aluminium:<\/strong> Jasny metaliczny kolor, kt\u00f3ry przypomina czysto\u015b\u0107 i lekko\u015b\u0107 obrabianego metalu, idealny do jasnych wn\u0119trz.<\/li>\n\n\n\n<li><strong>42 - Tytan:<\/strong> Mocny, wsp\u00f3\u0142czesny ton, symbol solidno\u015bci i innowacyjno\u015bci, idealny do dynamicznych \u015brodowisk.<\/li>\n\n\n\n<li><strong>14 - Concrete:<\/strong> Nowoczesna interpretacja betonu, \u0142\u0105cz\u0105ca miejsko\u015b\u0107 z funkcjonalno\u015bci\u0105, nadaj\u0105ca projektowi industrialny charakter.<\/li>\n\n\n\n<li><strong>44 - Czarny:<\/strong> Metaliczna czer\u0144, g\u0142\u0119boka i magnetyczna, wyr\u00f3\u017cniaj\u0105ca si\u0119 elegancj\u0105 i wszechstronno\u015bci\u0105, odpowiednia dla os\u00f3b poszukuj\u0105cych mocnego, nowoczesnego stylu.<\/li>\n<\/ul>\n\n\n<div class=\"wp-block-image\">\n<figure class=\"aligncenter size-large\"><img decoding=\"async\" width=\"1006\" height=\"1024\" src=\"https:\/\/www.pladostelma.com\/wp-content\/uploads\/Colori-UM-no-logo-1006x1024.jpg\" alt=\"\" class=\"wp-image-248082\" srcset=\"https:\/\/www.pladostelma.com\/wp-content\/uploads\/Colori-UM-no-logo-1006x1024.jpg 1006w, https:\/\/www.pladostelma.com\/wp-content\/uploads\/Colori-UM-no-logo-295x300.jpg 295w, https:\/\/www.pladostelma.com\/wp-content\/uploads\/Colori-UM-no-logo-768x782.jpg 768w, https:\/\/www.pladostelma.com\/wp-content\/uploads\/Colori-UM-no-logo-1509x1536.jpg 1509w, https:\/\/www.pladostelma.com\/wp-content\/uploads\/Colori-UM-no-logo-12x12.jpg 12w, https:\/\/www.pladostelma.com\/wp-content\/uploads\/Colori-UM-no-logo-590x600.jpg 590w, https:\/\/www.pladostelma.com\/wp-content\/uploads\/Colori-UM-no-logo-98x100.jpg 98w, https:\/\/www.pladostelma.com\/wp-content\/uploads\/Colori-UM-no-logo-50x50.jpg 50w, https:\/\/www.pladostelma.com\/wp-content\/uploads\/Colori-UM-no-logo.jpg 1634w\" sizes=\"(max-width: 1006px) 100vw, 1006px\" \/><\/figure><\/div>\n\n\n<p>Powierzchnie ULTRAMETAL s\u0105 nie tylko przyjemne dla oka: ich higieniczny charakter i odporno\u015b\u0107 na zarysowania i chemikalia sprawiaj\u0105, \u017ce s\u0105 idealne do \u0142atwej i d\u0142ugotrwa\u0142ej konserwacji.<\/p>\n\n\n\n<h2 class=\"wp-block-heading\">microULTRAGRANIT: Wyrafinowanie i wytrzyma\u0142o\u015b\u0107 bez kompromis\u00f3w<\/h2>\n\n\n\n<p>Innowacje s\u0105 uzupe\u0142niane przez <strong>microULTRAGRANIT<\/strong>Wyko\u0144czenie, kt\u00f3re wykorzystuje sedymentacj\u0119 mikrocz\u0105stek kwarcu i granitu, tworz\u0105c wy\u017csz\u0105 koncentracj\u0119 powierzchni ni\u017c 80%. Ten wyrafinowany proces poprawia w\u0142a\u015bciwo\u015bci estetyczne i nadaje zlewozmywakowi niesamowit\u0105 twardo\u015b\u0107 powierzchni.<\/p>\n\n\n\n<p>Odcienie proponowane dla materia\u0142u microULTRAGRANIT to:<\/p>\n\n\n\n<ul class=\"wp-block-list\">\n<li><strong>56 - Jasmine<\/strong>Delikatny, \u015bwietlisty odcie\u0144, przypominaj\u0105cy czysto\u015b\u0107 kwiatu, od kt\u00f3rego pochodzi jego nazwa. Idealny do pomieszcze\u0144 o \u015bwie\u017cych, przyjaznych kolorach.<\/li>\n\n\n\n<li><strong>70 - Czarny mat<\/strong>Absolutna elegancja w matowym wyko\u0144czeniu. G\u0142\u0119boka, nowoczesna czer\u0144, idealna do tworzenia wyrafinowanych kontrast\u00f3w i efektownych \u015brodowisk.<\/li>\n\n\n\n<li><strong>72 - Trufla<\/strong>Ciep\u0142y i otulaj\u0105cy, inspirowany odcieniami ziemi. Nadaje naturalny i wyrafinowany charakter, idealny do wsp\u00f3\u0142czesnych kuchni.<\/li>\n\n\n\n<li><strong>90 - Opal Bia\u0142y<\/strong>Jasny i aksamitny, przywodzi na my\u015bl delikatno\u015b\u0107 opalu. Wszechstronny wyb\u00f3r, kt\u00f3ry pasuje do ka\u017cdego stylu z trze\u017awo\u015bci\u0105 i elegancj\u0105.<\/li>\n\n\n\n<li><strong>94 - Avena<\/strong>Mi\u0119kki i naturalny, przypomina ciep\u0142e odcienie zb\u00f3\u017c. Idealny do \u015brodowisk kuchennych, kt\u00f3re chc\u0105 zapewni\u0107 komfort i harmoni\u0119.<\/li>\n\n\n\n<li><strong>95 - czarny heban<\/strong>Intensywny i odwa\u017cny, z g\u0142\u0119bokimi niuansami przypominaj\u0105cymi drewno hebanowe. Idealny dla os\u00f3b poszukuj\u0105cych odwa\u017cnej i ponadczasowej estetyki.<\/li>\n\n\n\n<li><strong>98 - Bia\u0142y<\/strong>Ponadczasowy klasyk. Czysty, niezb\u0119dny, zawsze na czasie: neutralna baza, kt\u00f3ra podkre\u015bla ka\u017cd\u0105 kombinacj\u0119 kolor\u00f3w.<\/li>\n<\/ul>\n\n\n<div class=\"wp-block-image\">\n<figure class=\"aligncenter size-large\"><img decoding=\"async\" width=\"790\" height=\"1024\" src=\"https:\/\/www.pladostelma.com\/wp-content\/uploads\/Colori-UG-no-logo-790x1024.jpg\" alt=\"Czarny zlewozmywak kuchenny z nowoczesn\u0105 bateri\u0105\" class=\"wp-image-248083\" srcset=\"https:\/\/www.pladostelma.com\/wp-content\/uploads\/Colori-UG-no-logo-790x1024.jpg 790w, https:\/\/www.pladostelma.com\/wp-content\/uploads\/Colori-UG-no-logo-232x300.jpg 232w, https:\/\/www.pladostelma.com\/wp-content\/uploads\/Colori-UG-no-logo-768x995.jpg 768w, https:\/\/www.pladostelma.com\/wp-content\/uploads\/Colori-UG-no-logo-1186x1536.jpg 1186w, https:\/\/www.pladostelma.com\/wp-content\/uploads\/Colori-UG-no-logo-1581x2048.jpg 1581w, https:\/\/www.pladostelma.com\/wp-content\/uploads\/Colori-UG-no-logo-9x12.jpg 9w, https:\/\/www.pladostelma.com\/wp-content\/uploads\/Colori-UG-no-logo-463x600.jpg 463w, https:\/\/www.pladostelma.com\/wp-content\/uploads\/Colori-UG-no-logo-77x100.jpg 77w, https:\/\/www.pladostelma.com\/wp-content\/uploads\/Colori-UG-no-logo.jpg 1634w\" sizes=\"(max-width: 790px) 100vw, 790px\" \/><\/figure><\/div>\n\n\n<h2 class=\"wp-block-heading\">Zaproszenie do odkrywania harmonii kolor\u00f3w<\/h2>\n\n\n\n<p>Bogactwo naszej gamy kolorystycznej nie jest przypadkowe, ale jest wynikiem \u015bcie\u017cki, na kt\u00f3rej innowacyjno\u015b\u0107, zr\u00f3wnowa\u017cony rozw\u00f3j i pasja do projektowania \u0142\u0105cz\u0105 si\u0119, tworz\u0105c wyj\u0105tkowe produkty.<\/p>\n\n\n\n<p>Ka\u017cdy odcie\u0144, ka\u017cde wyko\u0144czenie jest wynikiem nieustannych bada\u0144 maj\u0105cych na celu udoskonalenie samej istoty kuchni: spazio, w kt\u00f3rym funkcjonalno\u015b\u0107 i pi\u0119kno spotykaj\u0105 si\u0119 <strong>aby codzienne \u017cycie by\u0142o nieustann\u0105 uczt\u0105 dla oczu.<\/strong><\/p>\n\n\n\n<p>Zapraszamy do odkrycia ka\u017cdego szczeg\u00f3\u0142u naszych bada\u0144 i zainspirowania si\u0119 wyrafinowaniem naszych produkt\u00f3w, odwiedzaj\u0105c nasz\u0105 stron\u0119 z materia\u0142ami i kolorami: <a href=\"https:\/\/www.pladostelma.com\/materiali-e-colori\/\" target=\"_blank\" rel=\"noreferrer noopener\"><strong>Materia\u0142y i kolory Plados Telma<\/strong><\/a>. Ka\u017cdy kolor opowiada histori\u0119, filozofi\u0119, kt\u00f3ra wykracza poza estetyk\u0119 i obejmuje warto\u015bci estetyczne, innowacje i absolutny szacunek dla planety.<\/p>\n\n\n\n<p>W linii Plados ka\u017cdy zlewozmywak to deklaracja stylu i obietnica jako\u015bci. Je\u015bli chcesz zag\u0142\u0119bi\u0107 si\u0119 w technologi\u0119 i wzornictwo naszych produkt\u00f3w, zapraszamy do zapoznania si\u0119 z nasz\u0105 ofert\u0105. <a href=\"https:\/\/www.pladostelma.com\/lavelli-cucina-plados\/\" target=\"_blank\" rel=\"noreferrer noopener\"><strong>linie produkt\u00f3w<\/strong><\/a>zaprojektowane tak, aby pasowa\u0142y do ka\u017cdego rodzaju kuchni.<\/p>\n\n\n\n<p><\/p>","protected":false},"excerpt":{"rendered":"<p>In Plados crediamo che ogni dettaglio contribuisca a creare una cucina che sia non solo funzionale, ma anche un\u2019opera d\u2019arte. I nostri lavelli in materiale composito sono concepiti con passione e dedizione, frutto di anni di ricerche e innovazioni tecnologiche che abbracciano la sostenibilit\u00e0, il design e l\u2019eccellenza qualitativa. In questo articolo vogliamo accompagnarvi alla [&hellip;]<\/p>\n","protected":false},"author":61,"featured_media":248086,"comment_status":"closed","ping_status":"closed","sticky":false,"template":"","format":"standard","meta":{"_acf_changed":false,"_seopress_robots_primary_cat":"none","_seopress_titles_title":"","_seopress_titles_desc":"","_seopress_robots_index":"","_uag_custom_page_level_css":"","iawp_total_views":363,"uix_meta_title":"","uix_meta_description":"","uix_canonical_url":"","footnotes":""},"categories":[79],"tags":[],"class_list":["post-248024","post","type-post","status-publish","format-standard","has-post-thumbnail","hentry","category-news"],"acf":[],"uagb_featured_image_src":{"full":["https:\/\/www.pladostelma.com\/wp-content\/uploads\/Plados-Telma-Gamma-Colori.jpg",1280,800,false],"thumbnail":["https:\/\/www.pladostelma.com\/wp-content\/uploads\/Plados-Telma-Gamma-Colori-150x150.jpg",150,150,true],"medium":["https:\/\/www.pladostelma.com\/wp-content\/uploads\/Plados-Telma-Gamma-Colori-300x188.jpg",300,188,true],"medium_large":["https:\/\/www.pladostelma.com\/wp-content\/uploads\/Plados-Telma-Gamma-Colori-768x480.jpg",768,480,true],"large":["https:\/\/www.pladostelma.com\/wp-content\/uploads\/Plados-Telma-Gamma-Colori-1024x640.jpg",1024,640,true],"1536x1536":["https:\/\/www.pladostelma.com\/wp-content\/uploads\/Plados-Telma-Gamma-Colori.jpg",1280,800,false],"2048x2048":["https:\/\/www.pladostelma.com\/wp-content\/uploads\/Plados-Telma-Gamma-Colori.jpg",1280,800,false],"trp-custom-language-flag":["https:\/\/www.pladostelma.com\/wp-content\/uploads\/Plados-Telma-Gamma-Colori-18x12.jpg",18,12,true],"woocommerce_thumbnail":["https:\/\/www.pladostelma.com\/wp-content\/uploads\/Plados-Telma-Gamma-Colori-300x188.jpg",300,188,true],"woocommerce_single":["https:\/\/www.pladostelma.com\/wp-content\/uploads\/Plados-Telma-Gamma-Colori-600x375.jpg",600,375,true],"woocommerce_gallery_thumbnail":["https:\/\/www.pladostelma.com\/wp-content\/uploads\/Plados-Telma-Gamma-Colori-100x63.jpg",100,63,true],"variation_swatches_image_size":["https:\/\/www.pladostelma.com\/wp-content\/uploads\/Plados-Telma-Gamma-Colori-50x50.jpg",50,50,true],"variation_swatches_tooltip_size":["https:\/\/www.pladostelma.com\/wp-content\/uploads\/Plados-Telma-Gamma-Colori-100x100.jpg",100,100,true]},"uagb_author_info":{"display_name":"PladosTelma","author_link":"https:\/\/www.pladostelma.com\/pl\/author\/pladostelma\/"},"uagb_comment_info":0,"uagb_excerpt":"In Plados crediamo che ogni dettaglio contribuisca a creare una cucina che sia non solo funzionale, ma anche un\u2019opera d\u2019arte. I nostri lavelli in materiale composito sono concepiti con passione e dedizione, frutto di anni di ricerche e innovazioni tecnologiche che abbracciano la sostenibilit\u00e0, il design e l\u2019eccellenza qualitativa. In questo articolo vogliamo accompagnarvi alla&hellip;","_links":{"self":[{"href":"https:\/\/www.pladostelma.com\/pl\/wp-json\/wp\/v2\/posts\/248024","targetHints":{"allow":["GET"]}}],"collection":[{"href":"https:\/\/www.pladostelma.com\/pl\/wp-json\/wp\/v2\/posts"}],"about":[{"href":"https:\/\/www.pladostelma.com\/pl\/wp-json\/wp\/v2\/types\/post"}],"author":[{"embeddable":true,"href":"https:\/\/www.pladostelma.com\/pl\/wp-json\/wp\/v2\/users\/61"}],"replies":[{"embeddable":true,"href":"https:\/\/www.pladostelma.com\/pl\/wp-json\/wp\/v2\/comments?post=248024"}],"version-history":[{"count":0,"href":"https:\/\/www.pladostelma.com\/pl\/wp-json\/wp\/v2\/posts\/248024\/revisions"}],"wp:featuredmedia":[{"embeddable":true,"href":"https:\/\/www.pladostelma.com\/pl\/wp-json\/wp\/v2\/media\/248086"}],"wp:attachment":[{"href":"https:\/\/www.pladostelma.com\/pl\/wp-json\/wp\/v2\/media?parent=248024"}],"wp:term":[{"taxonomy":"category","embeddable":true,"href":"https:\/\/www.pladostelma.com\/pl\/wp-json\/wp\/v2\/categories?post=248024"},{"taxonomy":"post_tag","embeddable":true,"href":"https:\/\/www.pladostelma.com\/pl\/wp-json\/wp\/v2\/tags?post=248024"}],"curies":[{"name":"wp","href":"https:\/\/api.w.org\/{rel}","templated":true}]}}