{"id":245565,"date":"2023-10-09T17:38:32","date_gmt":"2023-10-09T15:38:32","guid":{"rendered":"https:\/\/www.pladostelma.com\/?p=245565"},"modified":"2023-10-09T17:46:02","modified_gmt":"2023-10-09T15:46:02","slug":"design-e-sostenibilita-nellarredo-cucina","status":"publish","type":"post","link":"https:\/\/www.pladostelma.com\/pl\/news\/design-e-sostenibilita-nellarredo-cucina\/","title":{"rendered":"Design i zr\u00f3wnowa\u017cony rozw\u00f3j w meblach kuchennych"},"content":{"rendered":"<p>Najnowsze trendy w meblach kuchennych potwierdzaj\u0105, \u017ce nie trzeba ju\u017c wybiera\u0107 mi\u0119dzy designem a zr\u00f3wnowa\u017conym rozwojem, poniewa\u017c <strong>Zr\u00f3wnowa\u017cony rozw\u00f3j wynika z projektu<\/strong>.<\/p>\n\n\n\n<p>Je\u015bli pomy\u015bleli\u015bmy, \u017ce meble kuchenne, kt\u00f3re wyznaj\u0105 zasady przyjazne dla \u015brodowiska, s\u0105 meblami o niewielkim wp\u0142ywie na estetyk\u0119, bran\u017ca pokazuje nam, \u017ce ten pomys\u0142 jest naprawd\u0119 b\u0142\u0119dny.<\/p>\n\n\n\n<p><strong><a href=\"https:\/\/www.pladostelma.com\/news\/cucine-sostenibili-il-trend-arredo-green\/\">Estetyka i zr\u00f3wnowa\u017cony rozw\u00f3j nie wykluczaj\u0105 si\u0119 wzajemnie<\/a>W rzeczywisto\u015bci wszystkie najbardziej innowacyjne projekty maj\u0105 na celu w\u0142a\u015bnie ich integracj\u0119.<\/strong><\/p>\n\n\n\n<p><strong><a href=\"https:\/\/www.pladostelma.com\/news\/lavelli-cucine-e-living-open-space\/\" data-type=\"link\" data-id=\"https:\/\/www.pladostelma.com\/news\/lavelli-cucine-e-living-open-space\/\">.<\/a><\/strong><\/p>\n\n\n\n<p>Ta integracjaone wyra\u017anie dotyczy zaanga\u017cowania ze strony firm w <strong>badania i rozw\u00f3j materia\u0142\u00f3w zapewniaj\u0105cych wysok\u0105 wydajno\u015b\u0107<\/strong> mebli pod wzgl\u0119dem funkcjonalno\u015bci i trwa\u0142o\u015bci oraz pod wzgl\u0119dem zr\u00f3wnowa\u017conego rozwoju, pod wzgl\u0119dem poszanowania \u015brodowiska w procesie produkcji i w ca\u0142ym \u0142a\u0144cuchu warto\u015bci. Celem jest <strong>produkcja coraz pi\u0119kniejszych i coraz bardziej \"dobrych\" mebli z natur\u0105 i lud\u017ami<\/strong>w stanie naprawd\u0119 poprawi\u0107 jako\u015b\u0107 \u017cycia ludzi.<\/p>\n\n\n\n<p><a href=\"https:\/\/www.pladostelma.com\/\" data-type=\"link\" data-id=\"https:\/\/www.pladostelma.com\/\"><strong>Plados Telma<\/strong>&nbsp;<\/a>to firma, kt\u00f3ra od lat jest kluczowym graczem w bran\u017cy zlewozmywak\u00f3w kuchennych dzi\u0119ki swojemu zaanga\u017cowaniu w innowacje dla \u015brodowiska i ludzi. <strong>Materia\u0142y i technologie zawsze by\u0142y priorytetem w po\u0142\u0105czeniu z funkcjonaln\u0105 estetyk\u0105 produktu<\/strong>.<\/p>\n\n\n\n<figure class=\"wp-block-image size-large\"><img decoding=\"async\" width=\"1024\" height=\"686\" src=\"https:\/\/www.pladostelma.com\/wp-content\/uploads\/design_e_sostenibilita_arredo_cucina2-1024x686.jpg\" alt=\"\" class=\"wp-image-245566\" srcset=\"https:\/\/www.pladostelma.com\/wp-content\/uploads\/design_e_sostenibilita_arredo_cucina2-1024x686.jpg 1024w, https:\/\/www.pladostelma.com\/wp-content\/uploads\/design_e_sostenibilita_arredo_cucina2-300x201.jpg 300w, https:\/\/www.pladostelma.com\/wp-content\/uploads\/design_e_sostenibilita_arredo_cucina2-768x514.jpg 768w, https:\/\/www.pladostelma.com\/wp-content\/uploads\/design_e_sostenibilita_arredo_cucina2-1536x1028.jpg 1536w, https:\/\/www.pladostelma.com\/wp-content\/uploads\/design_e_sostenibilita_arredo_cucina2-2048x1371.jpg 2048w, https:\/\/www.pladostelma.com\/wp-content\/uploads\/design_e_sostenibilita_arredo_cucina2-18x12.jpg 18w, https:\/\/www.pladostelma.com\/wp-content\/uploads\/design_e_sostenibilita_arredo_cucina2-600x402.jpg 600w, https:\/\/www.pladostelma.com\/wp-content\/uploads\/design_e_sostenibilita_arredo_cucina2-100x67.jpg 100w\" sizes=\"(max-width: 1024px) 100vw, 1024px\" \/><\/figure>\n\n\n\n<p>W ostatnich latach, <strong><a href=\"https:\/\/www.pladostelma.com\/news\/vantaggi-sostenibilita-aziendale\/\" data-type=\"link\" data-id=\"https:\/\/www.pladostelma.com\/news\/vantaggi-sostenibilita-aziendale\/\">inwestycje firmy w zr\u00f3wnowa\u017cony rozw\u00f3j<\/a><\/strong><a> <\/a>by\u0142y niezwyk\u0142e w\u0142a\u015bnie ze wzgl\u0119du na pilne uczucie <strong>potrzeba my\u015blenia o jako\u015bci jako o sumie aspekt\u00f3w, funkcjonalno\u015bci i praktyczno\u015bci, wytrzyma\u0142o\u015bci i trwa\u0142o\u015bci, poszanowania zasob\u00f3w naturalnych, zdrowotno\u015bci<\/strong>.<\/p>\n\n\n\n<p>Technologie takie jak <a href=\"https:\/\/www.pladostelma.com\/ariapura\/\" data-type=\"link\" data-id=\"https:\/\/www.pladostelma.com\/ariapura\/\"><strong>ARIAPURA<\/strong> <\/a>s\u0105 dowodem na to, \u017ce mo\u017cna osi\u0105gn\u0105\u0107 poziom jako\u015bci, kt\u00f3ry obejmuje w\u0142a\u015bnie wy\u017cej wymienione aspekty, dzia\u0142anie antybakteryjne i zapobiegaj\u0105ce zanieczyszczeniom dla <strong><a href=\"https:\/\/www.pladostelma.com\/news\/inquinamento-domestico\/\" data-type=\"link\" data-id=\"https:\/\/www.pladostelma.com\/news\/inquinamento-domestico\/\">uczynienie kuchni zdrowszym miejscem<\/a><\/strong>.<\/p>\n\n\n\n<p>I ponownie, zaanga\u017cowali\u015bmy si\u0119 w praktyk\u0119<a href=\"https:\/\/www.pladostelma.com\/news\/scarti-di-produzione-ed-economia-circolare\/\" data-type=\"link\" data-id=\"https:\/\/www.pladostelma.com\/news\/scarti-di-produzione-ed-economia-circolare\/\"> <strong>okr\u0119\u017cno\u015b\u0107<\/strong><\/a>pr\u00f3buj\u0105c przekszta\u0142ci\u0107 odpady produkcyjne w regenerowany surowiec do produkcji zlewozmywak\u00f3w kuchennych o wysokiej jako\u015bci pod wzgl\u0119dem estetyki i trwa\u0142o\u015bci.<\/p>\n\n\n\n<p>I <strong><a href=\"https:\/\/www.pladostelma.com\/news\/prestazioni-lavello-green-rinnova\/\" data-type=\"link\" data-id=\"https:\/\/www.pladostelma.com\/news\/prestazioni-lavello-green-rinnova\/\">Zielone zlewozmywaki w miejscu pochodzenia<\/a><\/strong> Plados Telma s\u0105 wykonane z regenerowanych surowc\u00f3w organicznych i nieorganicznych, kt\u00f3re w przeciwnym razie zosta\u0142yby przeznaczone na wysypisko \u015bmieci. Powsta\u0142y w ten spos\u00f3b zwi\u0105zek gwarantuje dok\u0142adnie taki sam poziom performance, jak nasze tradycyjne zlewozmywaki, z dodatkow\u0105 innowacj\u0105 w postaci ekologicznego pochodzenia.<\/p>\n\n\n\n<p>I <strong><a href=\"https:\/\/www.pladostelma.com\/news\/lavelli-ecologici-per-cucine-ecologiche\/\" data-type=\"link\" data-id=\"https:\/\/www.pladostelma.com\/news\/lavelli-ecologici-per-cucine-ecologiche\/\">ekologiczne poch\u0142aniacze<\/a><\/strong><a> <\/a>Plados Telma maj\u0105 <strong>zmniejszony wp\u0142yw na \u015brodowisko<\/strong> w por\u00f3wnaniu z konwencjonalnymi zlewozmywakami dost\u0119pnymi obecnie na rynku i gwarantuj\u0105, opr\u00f3cz ekologicznego pochodzenia, r\u00f3wnie\u017c <strong>Odporno\u015b\u0107 na uderzenia, zarysowania, ciep\u0142o, promieniowanie UV i plamy<\/strong>.<\/p>\n\n\n\n<p>Zielone zlewozmywaki Plados Telma s\u0105 r\u00f3wnie\u017c przeznaczone do <strong>bohaterowie sugestywnych mebli<\/strong>aby zaspokoi\u0107 pragnienie <strong>tworzenie eleganckich \u015brodowisk<\/strong> kt\u00f3re kszta\u0142tuj\u0105 \u017cycie rodzinne i towarzyskie, towarzysko\u015b\u0107 z przyjaci\u00f3\u0142mi. The <a href=\"https:\/\/www.pladostelma.com\/news\/lavello-cucina-e-coordinati\/\" data-type=\"link\" data-id=\"https:\/\/www.pladostelma.com\/news\/lavello-cucina-e-coordinati\/\"><strong>Skoordynowane linie zlewozmywaka i urz\u0105dze\u0144 kuchennych<\/strong>&nbsp;<\/a>s\u0105 w\u0142a\u015bnie jednym z najnowszych trend\u00f3w meblarskich i zosta\u0142y stworzone jako rozwi\u0105zanie nadaj\u0105ce ci\u0105g\u0142o\u015b\u0107 i harmoni\u0119 pomieszczeniom, kt\u00f3re nie s\u0105 ju\u017c postrzegane jako oddzielne, ale jako jedno\u015b\u0107.<\/p>\n\n\n\n<figure class=\"wp-block-image size-large\"><img decoding=\"async\" width=\"1024\" height=\"686\" src=\"https:\/\/www.pladostelma.com\/wp-content\/uploads\/design_e_sostenibilita_arredo_cucina3-1024x686.jpg\" alt=\"\" class=\"wp-image-245567\" srcset=\"https:\/\/www.pladostelma.com\/wp-content\/uploads\/design_e_sostenibilita_arredo_cucina3-1024x686.jpg 1024w, https:\/\/www.pladostelma.com\/wp-content\/uploads\/design_e_sostenibilita_arredo_cucina3-300x201.jpg 300w, https:\/\/www.pladostelma.com\/wp-content\/uploads\/design_e_sostenibilita_arredo_cucina3-768x514.jpg 768w, https:\/\/www.pladostelma.com\/wp-content\/uploads\/design_e_sostenibilita_arredo_cucina3-1536x1028.jpg 1536w, https:\/\/www.pladostelma.com\/wp-content\/uploads\/design_e_sostenibilita_arredo_cucina3-2048x1371.jpg 2048w, https:\/\/www.pladostelma.com\/wp-content\/uploads\/design_e_sostenibilita_arredo_cucina3-18x12.jpg 18w, https:\/\/www.pladostelma.com\/wp-content\/uploads\/design_e_sostenibilita_arredo_cucina3-600x402.jpg 600w, https:\/\/www.pladostelma.com\/wp-content\/uploads\/design_e_sostenibilita_arredo_cucina3-100x67.jpg 100w\" sizes=\"(max-width: 1024px) 100vw, 1024px\" \/><\/figure>\n\n\n\n<p>Zlewozmywaki projektu Rinnova, zielone zlewozmywaki u \u017ar\u00f3d\u0142a Plados Telma, to <strong>Zaprojektowany dla ka\u017cdego stylu wyposa\u017cenia<\/strong> <strong>wsp\u00f3\u0142czesny<\/strong>Elegancki, wyrafinowany, po prostu pi\u0119kny dla oka i \"dobry\" w u\u017cyciu.<\/p>\n\n\n\n<figure class=\"wp-block-image size-large\"><img decoding=\"async\" width=\"1024\" height=\"686\" src=\"https:\/\/www.pladostelma.com\/wp-content\/uploads\/design_e_sostenibilita_arredo_cucina4-1-1024x686.jpg\" alt=\"Design i zr\u00f3wnowa\u017cony rozw\u00f3j w meblach kuchennych\" class=\"wp-image-245572\" srcset=\"https:\/\/www.pladostelma.com\/wp-content\/uploads\/design_e_sostenibilita_arredo_cucina4-1-1024x686.jpg 1024w, https:\/\/www.pladostelma.com\/wp-content\/uploads\/design_e_sostenibilita_arredo_cucina4-1-300x201.jpg 300w, https:\/\/www.pladostelma.com\/wp-content\/uploads\/design_e_sostenibilita_arredo_cucina4-1-768x514.jpg 768w, https:\/\/www.pladostelma.com\/wp-content\/uploads\/design_e_sostenibilita_arredo_cucina4-1-1536x1028.jpg 1536w, https:\/\/www.pladostelma.com\/wp-content\/uploads\/design_e_sostenibilita_arredo_cucina4-1-2048x1371.jpg 2048w, https:\/\/www.pladostelma.com\/wp-content\/uploads\/design_e_sostenibilita_arredo_cucina4-1-18x12.jpg 18w, https:\/\/www.pladostelma.com\/wp-content\/uploads\/design_e_sostenibilita_arredo_cucina4-1-600x402.jpg 600w, https:\/\/www.pladostelma.com\/wp-content\/uploads\/design_e_sostenibilita_arredo_cucina4-1-100x67.jpg 100w\" sizes=\"(max-width: 1024px) 100vw, 1024px\" \/><\/figure>\n\n\n\n<p>Je\u015bli chcesz dowiedzie\u0107 si\u0119 wi\u0119cej o gamie zlewozmywak\u00f3w Plados Telma <strong><a href=\"https:\/\/www.pladostelma.com\/contatti\/\" data-type=\"link\" data-id=\"https:\/\/www.pladostelma.com\/contatti\/\">skontaktuj si\u0119 z nami<\/a><\/strong>z przyjemno\u015bci\u0105 przedstawimy Pa\u0144stwu nasz\u0105 jako\u015b\u0107 b\u0119d\u0105c\u0105 synonimem designu, funkcjonalno\u015bci i zr\u00f3wnowa\u017conego rozwoju.<\/p>\n\n\n\n<hr class=\"wp-block-separator has-alpha-channel-opacity\"\/>\n\n\n\n<p><\/p>","protected":false},"excerpt":{"rendered":"<p>Le ultime tendenze arredo cucina confermano che non si deve pi\u00f9 scegliere tra design e sostenibilit\u00e0 perch\u00e9 la sostenibilit\u00e0 \u00e8 di design. Se ci siamo fatti l\u2019idea che l\u2019arredo per la cucina che sposa i principi del rispetto dell\u2019ambiente sia un arredo di scarso impatto estetico, il settore ci dimostra che quella idea \u00e8 davvero [&hellip;]<\/p>\n","protected":false},"author":60,"featured_media":245569,"comment_status":"closed","ping_status":"closed","sticky":false,"template":"","format":"standard","meta":{"_acf_changed":false,"_seopress_robots_primary_cat":"","_seopress_titles_title":"Design e sostenibilit\u00e0 nell\u2019arredo cucina ","_seopress_titles_desc":"Le ultime tendenze arredo cucina confermano che non si deve pi\u00f9 scegliere tra design e sostenibilit\u00e0 perch\u00e9 la sostenibilit\u00e0 \u00e8 di design. \n","_seopress_robots_index":"","_uag_custom_page_level_css":"","iawp_total_views":54,"uix_meta_title":"","uix_meta_description":"","uix_canonical_url":"","footnotes":""},"categories":[79],"tags":[2584,2583,2461],"class_list":["post-245565","post","type-post","status-publish","format-standard","has-post-thumbnail","hentry","category-news","tag-cucina-2","tag-design","tag-sostenibilita"],"acf":[],"uagb_featured_image_src":{"full":["https:\/\/www.pladostelma.com\/wp-content\/uploads\/design_e_sostenibilita_arredo_cucina-scaled.jpg",2560,1714,false],"thumbnail":["https:\/\/www.pladostelma.com\/wp-content\/uploads\/design_e_sostenibilita_arredo_cucina-150x150.jpg",150,150,true],"medium":["https:\/\/www.pladostelma.com\/wp-content\/uploads\/design_e_sostenibilita_arredo_cucina-300x201.jpg",300,201,true],"medium_large":["https:\/\/www.pladostelma.com\/wp-content\/uploads\/design_e_sostenibilita_arredo_cucina-768x514.jpg",768,514,true],"large":["https:\/\/www.pladostelma.com\/wp-content\/uploads\/design_e_sostenibilita_arredo_cucina-1024x686.jpg",1024,686,true],"1536x1536":["https:\/\/www.pladostelma.com\/wp-content\/uploads\/design_e_sostenibilita_arredo_cucina-1536x1028.jpg",1536,1028,true],"2048x2048":["https:\/\/www.pladostelma.com\/wp-content\/uploads\/design_e_sostenibilita_arredo_cucina-2048x1371.jpg",2048,1371,true],"trp-custom-language-flag":["https:\/\/www.pladostelma.com\/wp-content\/uploads\/design_e_sostenibilita_arredo_cucina-18x12.jpg",18,12,true],"woocommerce_thumbnail":["https:\/\/www.pladostelma.com\/wp-content\/uploads\/design_e_sostenibilita_arredo_cucina-300x201.jpg",300,201,true],"woocommerce_single":["https:\/\/www.pladostelma.com\/wp-content\/uploads\/design_e_sostenibilita_arredo_cucina-600x402.jpg",600,402,true],"woocommerce_gallery_thumbnail":["https:\/\/www.pladostelma.com\/wp-content\/uploads\/design_e_sostenibilita_arredo_cucina-100x67.jpg",100,67,true],"variation_swatches_image_size":["https:\/\/www.pladostelma.com\/wp-content\/uploads\/design_e_sostenibilita_arredo_cucina-scaled.jpg",50,33,false],"variation_swatches_tooltip_size":["https:\/\/www.pladostelma.com\/wp-content\/uploads\/design_e_sostenibilita_arredo_cucina-scaled.jpg",100,67,false]},"uagb_author_info":{"display_name":"Roberta Spinaci","author_link":"https:\/\/www.pladostelma.com\/pl\/author\/roberta-quid\/"},"uagb_comment_info":0,"uagb_excerpt":"Le ultime tendenze arredo cucina confermano che non si deve pi\u00f9 scegliere tra design e sostenibilit\u00e0 perch\u00e9 la sostenibilit\u00e0 \u00e8 di design. Se ci siamo fatti l\u2019idea che l\u2019arredo per la cucina che sposa i principi del rispetto dell\u2019ambiente sia un arredo di scarso impatto estetico, il settore ci dimostra che quella idea \u00e8 davvero&hellip;","_links":{"self":[{"href":"https:\/\/www.pladostelma.com\/pl\/wp-json\/wp\/v2\/posts\/245565","targetHints":{"allow":["GET"]}}],"collection":[{"href":"https:\/\/www.pladostelma.com\/pl\/wp-json\/wp\/v2\/posts"}],"about":[{"href":"https:\/\/www.pladostelma.com\/pl\/wp-json\/wp\/v2\/types\/post"}],"author":[{"embeddable":true,"href":"https:\/\/www.pladostelma.com\/pl\/wp-json\/wp\/v2\/users\/60"}],"replies":[{"embeddable":true,"href":"https:\/\/www.pladostelma.com\/pl\/wp-json\/wp\/v2\/comments?post=245565"}],"version-history":[{"count":0,"href":"https:\/\/www.pladostelma.com\/pl\/wp-json\/wp\/v2\/posts\/245565\/revisions"}],"wp:featuredmedia":[{"embeddable":true,"href":"https:\/\/www.pladostelma.com\/pl\/wp-json\/wp\/v2\/media\/245569"}],"wp:attachment":[{"href":"https:\/\/www.pladostelma.com\/pl\/wp-json\/wp\/v2\/media?parent=245565"}],"wp:term":[{"taxonomy":"category","embeddable":true,"href":"https:\/\/www.pladostelma.com\/pl\/wp-json\/wp\/v2\/categories?post=245565"},{"taxonomy":"post_tag","embeddable":true,"href":"https:\/\/www.pladostelma.com\/pl\/wp-json\/wp\/v2\/tags?post=245565"}],"curies":[{"name":"wp","href":"https:\/\/api.w.org\/{rel}","templated":true}]}}