{"id":245532,"date":"2023-08-09T12:22:17","date_gmt":"2023-08-09T10:22:17","guid":{"rendered":"https:\/\/www.pladostelma.com\/?p=245532"},"modified":"2023-08-09T12:22:17","modified_gmt":"2023-08-09T10:22:17","slug":"lavelli-cucine-e-living-open-space","status":"publish","type":"post","link":"https:\/\/www.pladostelma.com\/pl\/news\/lavelli-cucine-e-living-open-space\/","title":{"rendered":"Eleganckie zlewozmywaki do kuchni i otwartych salon\u00f3w"},"content":{"rendered":"<p>Coraz cz\u0119\u015bciej, <strong>kuchnia i salon zosta\u0142y zaprojektowane i zrealizowane jako jedna otwarta przestrze\u0144<\/strong> z otwart\u0105 kuchni\u0105 na cz\u0119\u015b\u0107 dzienn\u0105. Otwarta przestrze\u0144, kt\u00f3ra wynika z ch\u0119ci posiadania wi\u0119kszego pokoju <strong>dla towarzysko\u015bci i towarzysko\u015bci<\/strong>.&nbsp;<\/p>\n\n\n\n<p>Trend zrodzony po ograniczeniach zwi\u0105zanych z pandemi\u0105, kt\u00f3ra zmusi\u0142a wszystkich do ponownego przemy\u015blenia swoich modeli mieszkaniowych i wybrania wielofunkcyjnych rozwi\u0105za\u0144, kt\u00f3re pozwoli\u0142yby <strong>do\u015bwiadczanie domu w r\u00f3\u017cny spos\u00f3b w zale\u017cno\u015bci od pory dnia<\/strong>.&nbsp;<\/p>\n\n\n\n<p>Kuchnia nie jest ju\u017c tylko miejscem, w kt\u00f3rym przygotowujemy jedzenie lub zatrzymujemy si\u0119 na drinka lub kanapk\u0119, ale sta\u0142a si\u0119 <strong>bij\u0105ce serce domu<\/strong>Miejsce, w kt\u00f3rym dzieci odrabiaj\u0105 lekcje, pracownicy zdalni prowadz\u0105 konferencje, spotykaj\u0105 si\u0119 z przyjaci\u00f3\u0142mi na aperitif, wsp\u00f3lnie gotuj\u0105.<\/p>\n\n\n\n<p>Ta zmiana nawyk\u00f3w wyra\u017anie wygenerowa\u0142a r\u00f3\u017cne rozwi\u0105zania w zakresie mebli kuchennych i salonowych, kt\u00f3re umo\u017cliwiaj\u0105 <strong>\u017cycie w tych dw\u00f3ch \u015brodowiskach w ci\u0105g\u0142o\u015bci, \u0142\u0105cz\u0105c funkcjonalno\u015b\u0107 z estetyk\u0105<\/strong>.&nbsp;<\/p>\n\n\n\n<p>Le <strong><a href=\"https:\/\/www.pladostelma.com\/news\/lavello-cucina-e-coordinati\/\" data-type=\"URL\" data-id=\"https:\/\/www.pladostelma.com\/news\/lavello-cucina-e-coordinati\/\">Skoordynowane linie zlewozmywak\u00f3w kuchennych<\/a><\/strong> i urz\u0105dzenia zacz\u0119\u0142y by\u0107 preferowane w\u0142a\u015bnie z tego powoduone; umo\u017cliwiaj\u0105 one <strong>osi\u0105gn\u0105\u0107 harmonijn\u0105 og\u00f3ln\u0105 wizj\u0119 kolor\u00f3w<\/strong> poniewa\u017c kolor zlewozmywaka jest taki sam jak kolor okapu, p\u0142yty grzewczej i piekarnika. Efekt wizualny jest z pewno\u015bci\u0105 <strong>relaksuj\u0105ce wyrafinowanie<\/strong>.&nbsp;<\/p>\n\n\n\n<figure class=\"wp-block-image size-large\"><img decoding=\"async\" width=\"1024\" height=\"686\" src=\"https:\/\/www.pladostelma.com\/wp-content\/uploads\/lavelli_per_cucine_e_living_open_space2-1024x686.jpg\" alt=\"\" class=\"wp-image-245533\" srcset=\"https:\/\/www.pladostelma.com\/wp-content\/uploads\/lavelli_per_cucine_e_living_open_space2-1024x686.jpg 1024w, https:\/\/www.pladostelma.com\/wp-content\/uploads\/lavelli_per_cucine_e_living_open_space2-300x201.jpg 300w, https:\/\/www.pladostelma.com\/wp-content\/uploads\/lavelli_per_cucine_e_living_open_space2-768x514.jpg 768w, https:\/\/www.pladostelma.com\/wp-content\/uploads\/lavelli_per_cucine_e_living_open_space2-1536x1028.jpg 1536w, https:\/\/www.pladostelma.com\/wp-content\/uploads\/lavelli_per_cucine_e_living_open_space2-18x12.jpg 18w, https:\/\/www.pladostelma.com\/wp-content\/uploads\/lavelli_per_cucine_e_living_open_space2-600x402.jpg 600w, https:\/\/www.pladostelma.com\/wp-content\/uploads\/lavelli_per_cucine_e_living_open_space2-100x67.jpg 100w, https:\/\/www.pladostelma.com\/wp-content\/uploads\/lavelli_per_cucine_e_living_open_space2.jpg 1900w\" sizes=\"(max-width: 1024px) 100vw, 1024px\" \/><\/figure>\n\n\n\n<p>Dopasowane linie doskonale komponuj\u0105 si\u0119 z wyborem <strong><a href=\"https:\/\/www.pladostelma.com\/news\/i-vantaggi-del-lavello-integrato-con-il-top\/\" data-type=\"URL\" data-id=\"https:\/\/www.pladostelma.com\/news\/i-vantaggi-del-lavello-integrato-con-il-top\/\">Zlewozmywak zintegrowany z blatem<\/a><\/strong>w ten spos\u00f3b uzyskuje si\u0119 <strong>Ca\u0142kowita ci\u0105g\u0142o\u015b\u0107 linii i koloru<\/strong>poniewa\u017c zintegrowane zlewozmywaki nie maj\u0105 podk\u0142adek ani \u0142\u0105cze\u0144 i stanowi\u0105 jedno\u015b\u0107 z blatem.&nbsp;<\/p>\n\n\n\n<p>Stworzona atmosfera jest zdecydowanie wsp\u00f3\u0142czesna i minimalistyczna, ale zlewozmywaki kuchenne zintegrowane z blatem <strong>S\u0105 r\u00f3wnie\u017c idealne do klasycznych wn\u0119trz, takich jak styl wiejski<\/strong>od\u015bwie\u017cony przez bardziej nowoczesne linie.&nbsp;<\/p>\n\n\n\n<p><strong><a href=\"https:\/\/www.pladostelma.com\/\" data-type=\"URL\" data-id=\"https:\/\/www.pladostelma.com\/\">Plados Telma<\/a><\/strong> propone dla mi\u0142o\u015bnik\u00f3w tego stylu zlewozmywak inspirowany zlewami starych wiejskich dom\u00f3w; <strong>Contempo<\/strong> to du\u017cy i bardzo praktyczny zlewozmywak, kt\u00f3ry mo\u017ce by\u0107 <strong>wyposa\u017cone w dodatkowe akcesoria<\/strong> kt\u00f3re czyni\u0105 go jeszcze bardziej funkcjonalnym.&nbsp;<\/p>\n\n\n\n<figure class=\"wp-block-image size-large\"><img decoding=\"async\" width=\"1024\" height=\"686\" src=\"https:\/\/www.pladostelma.com\/wp-content\/uploads\/lavelli_per_cucine_e_living_open_space3-1024x686.jpg\" alt=\"\" class=\"wp-image-245534\" srcset=\"https:\/\/www.pladostelma.com\/wp-content\/uploads\/lavelli_per_cucine_e_living_open_space3-1024x686.jpg 1024w, https:\/\/www.pladostelma.com\/wp-content\/uploads\/lavelli_per_cucine_e_living_open_space3-300x201.jpg 300w, https:\/\/www.pladostelma.com\/wp-content\/uploads\/lavelli_per_cucine_e_living_open_space3-768x514.jpg 768w, https:\/\/www.pladostelma.com\/wp-content\/uploads\/lavelli_per_cucine_e_living_open_space3-1536x1028.jpg 1536w, https:\/\/www.pladostelma.com\/wp-content\/uploads\/lavelli_per_cucine_e_living_open_space3-18x12.jpg 18w, https:\/\/www.pladostelma.com\/wp-content\/uploads\/lavelli_per_cucine_e_living_open_space3-600x402.jpg 600w, https:\/\/www.pladostelma.com\/wp-content\/uploads\/lavelli_per_cucine_e_living_open_space3-100x67.jpg 100w, https:\/\/www.pladostelma.com\/wp-content\/uploads\/lavelli_per_cucine_e_living_open_space3.jpg 1900w\" sizes=\"(max-width: 1024px) 100vw, 1024px\" \/><\/figure>\n\n\n\n<p>Jest on dost\u0119pny w nast\u0119puj\u0105cych wersjach <strong>5 kolor\u00f3w<\/strong> kt\u00f3re idealnie pasuj\u0105 do najnowszej kolorystyki cz\u0119\u015bci dziennej.&nbsp;<\/p>\n\n\n\n<p>Ponadto, Contempo ma cech\u0119, kt\u00f3ra czyni go absolutnie wyj\u0105tkowym: jest wykonany z <strong>zwi\u0105zek Rinnova<\/strong> zawieraj\u0105cy \u2267&nbsp;<strong>90% by componenti green.<\/strong><\/p>\n\n\n\n<p><strong><a href=\"https:\/\/www.pladostelma.com\/rinnova\/\" data-type=\"URL\" data-id=\"https:\/\/www.pladostelma.com\/rinnova\/\">&lt; Scopri come nascono i lavelli green all\u2019origine di Plados Telma! &gt;&nbsp;<\/a><\/strong><\/p>\n\n\n\n<p>Zwi\u0105zek Rinnova pochodzi z <strong>Surowce organiczne i nieorganiczne pochodz\u0105ce z recyklingu<\/strong>nie wykorzystuje surowc\u00f3w pierwotnych, ale surowce, kt\u00f3re w przeciwnym razie mog\u0105 sta\u0107 si\u0119 <strong><a href=\"https:\/\/www.pladostelma.com\/news\/scarti-di-produzione-ed-economia-circolare\/\" data-type=\"URL\" data-id=\"https:\/\/www.pladostelma.com\/news\/scarti-di-produzione-ed-economia-circolare\/\">z\u0142om<\/a><\/strong>.&nbsp;<\/p>\n\n\n\n<p>Zwi\u0105zek Rinnova zapewnia <strong>ta sama wydajno\u015b\u0107<\/strong> ni\u017c jakikolwiek inny zlewozmywak kuchenny Plados Telma z dodatkow\u0105 zalet\u0105 bycia zlewem przyjaznym dla \u015brodowiska i <strong>Du\u017cy wp\u0142yw estetyczny<\/strong>.&nbsp;<\/p>\n\n\n\n<p>Zielone zlewozmywaki Plados Telma to idealne zlewozmywaki dla tych, kt\u00f3rzy chc\u0105 mie\u0107 otwart\u0105 kuchni\u0119 z klas\u0105!&nbsp;<\/p>\n\n\n\n<p><br>Je\u015bli chcesz dowiedzie\u0107 si\u0119 wi\u0119cej o gamie produkt\u00f3w Plados Telma, <strong><a href=\"https:\/\/www.pladostelma.com\/contatti\/\" data-type=\"URL\" data-id=\"https:\/\/www.pladostelma.com\/contatti\/\">skontaktuj si\u0119 z nami<\/a><\/strong>.&nbsp;<\/p>","protected":false},"excerpt":{"rendered":"<p>Sempre pi\u00f9 frequentemente, cucina e living vengono progettati e realizzati come un unico ambiente aperto con cucina a vista sulla zona giorno. Un open space che nasce dal desiderio di avere a disposizione un ambiente pi\u00f9 grande per la socialit\u00e0 e la convivialit\u00e0.&nbsp; Un trend nato dopo le restrizioni della pandemia che ha costretto tutti [&hellip;]<\/p>\n","protected":false},"author":60,"featured_media":245535,"comment_status":"closed","ping_status":"closed","sticky":false,"template":"","format":"standard","meta":{"_acf_changed":false,"_seopress_robots_primary_cat":"","_seopress_titles_title":"Lavelli di classe per cucine e living open space ","_seopress_titles_desc":"I lavelli di classe Plados Telma per cucine e living open space consentono di arredare con armonia e gusto gli spazi aperti e conviviali.\n","_seopress_robots_index":"","_uag_custom_page_level_css":"","iawp_total_views":95,"uix_meta_title":"","uix_meta_description":"","uix_canonical_url":"","footnotes":""},"categories":[79],"tags":[2579],"class_list":["post-245532","post","type-post","status-publish","format-standard","has-post-thumbnail","hentry","category-news","tag-lavelli-per-cucine-open-space"],"acf":[],"uagb_featured_image_src":{"full":["https:\/\/www.pladostelma.com\/wp-content\/uploads\/lavelli_per_cucine_e_living_open_space.jpg",1900,1272,false],"thumbnail":["https:\/\/www.pladostelma.com\/wp-content\/uploads\/lavelli_per_cucine_e_living_open_space-150x150.jpg",150,150,true],"medium":["https:\/\/www.pladostelma.com\/wp-content\/uploads\/lavelli_per_cucine_e_living_open_space-300x201.jpg",300,201,true],"medium_large":["https:\/\/www.pladostelma.com\/wp-content\/uploads\/lavelli_per_cucine_e_living_open_space-768x514.jpg",768,514,true],"large":["https:\/\/www.pladostelma.com\/wp-content\/uploads\/lavelli_per_cucine_e_living_open_space-1024x686.jpg",1024,686,true],"1536x1536":["https:\/\/www.pladostelma.com\/wp-content\/uploads\/lavelli_per_cucine_e_living_open_space-1536x1028.jpg",1536,1028,true],"2048x2048":["https:\/\/www.pladostelma.com\/wp-content\/uploads\/lavelli_per_cucine_e_living_open_space.jpg",1900,1272,false],"trp-custom-language-flag":["https:\/\/www.pladostelma.com\/wp-content\/uploads\/lavelli_per_cucine_e_living_open_space-18x12.jpg",18,12,true],"woocommerce_thumbnail":["https:\/\/www.pladostelma.com\/wp-content\/uploads\/lavelli_per_cucine_e_living_open_space-300x201.jpg",300,201,true],"woocommerce_single":["https:\/\/www.pladostelma.com\/wp-content\/uploads\/lavelli_per_cucine_e_living_open_space-600x402.jpg",600,402,true],"woocommerce_gallery_thumbnail":["https:\/\/www.pladostelma.com\/wp-content\/uploads\/lavelli_per_cucine_e_living_open_space-100x67.jpg",100,67,true],"variation_swatches_image_size":["https:\/\/www.pladostelma.com\/wp-content\/uploads\/lavelli_per_cucine_e_living_open_space.jpg",50,33,false],"variation_swatches_tooltip_size":["https:\/\/www.pladostelma.com\/wp-content\/uploads\/lavelli_per_cucine_e_living_open_space.jpg",100,67,false]},"uagb_author_info":{"display_name":"Roberta Spinaci","author_link":"https:\/\/www.pladostelma.com\/pl\/author\/roberta-quid\/"},"uagb_comment_info":0,"uagb_excerpt":"Sempre pi\u00f9 frequentemente, cucina e living vengono progettati e realizzati come un unico ambiente aperto con cucina a vista sulla zona giorno. Un open space che nasce dal desiderio di avere a disposizione un ambiente pi\u00f9 grande per la socialit\u00e0 e la convivialit\u00e0.&nbsp; Un trend nato dopo le restrizioni della pandemia che ha costretto tutti&hellip;","_links":{"self":[{"href":"https:\/\/www.pladostelma.com\/pl\/wp-json\/wp\/v2\/posts\/245532","targetHints":{"allow":["GET"]}}],"collection":[{"href":"https:\/\/www.pladostelma.com\/pl\/wp-json\/wp\/v2\/posts"}],"about":[{"href":"https:\/\/www.pladostelma.com\/pl\/wp-json\/wp\/v2\/types\/post"}],"author":[{"embeddable":true,"href":"https:\/\/www.pladostelma.com\/pl\/wp-json\/wp\/v2\/users\/60"}],"replies":[{"embeddable":true,"href":"https:\/\/www.pladostelma.com\/pl\/wp-json\/wp\/v2\/comments?post=245532"}],"version-history":[{"count":0,"href":"https:\/\/www.pladostelma.com\/pl\/wp-json\/wp\/v2\/posts\/245532\/revisions"}],"wp:featuredmedia":[{"embeddable":true,"href":"https:\/\/www.pladostelma.com\/pl\/wp-json\/wp\/v2\/media\/245535"}],"wp:attachment":[{"href":"https:\/\/www.pladostelma.com\/pl\/wp-json\/wp\/v2\/media?parent=245532"}],"wp:term":[{"taxonomy":"category","embeddable":true,"href":"https:\/\/www.pladostelma.com\/pl\/wp-json\/wp\/v2\/categories?post=245532"},{"taxonomy":"post_tag","embeddable":true,"href":"https:\/\/www.pladostelma.com\/pl\/wp-json\/wp\/v2\/tags?post=245532"}],"curies":[{"name":"wp","href":"https:\/\/api.w.org\/{rel}","templated":true}]}}