{"id":245506,"date":"2023-07-31T11:31:32","date_gmt":"2023-07-31T09:31:32","guid":{"rendered":"https:\/\/www.pladostelma.com\/?p=245506"},"modified":"2023-07-31T11:31:32","modified_gmt":"2023-07-31T09:31:32","slug":"lavello-cucina-e-coordinati","status":"publish","type":"post","link":"https:\/\/www.pladostelma.com\/pl\/news\/lavello-cucina-e-coordinati\/","title":{"rendered":"Zlewozmywak kuchenny i pasuj\u0105ce urz\u0105dzenia"},"content":{"rendered":"<p>Jak ju\u017c wspomnieli\u015bmy w artykule na temat <strong><a href=\"https:\/\/www.pladostelma.com\/news\/i-vantaggi-del-lavello-integrato-con-il-top\/\" data-type=\"URL\" data-id=\"https:\/\/www.pladostelma.com\/news\/i-vantaggi-del-lavello-integrato-con-il-top\/\">Zlewozmywaki kuchenne zintegrowane z blatem<\/a><\/strong>Kuchnia nie jest ju\u017c tylko miejscem, w kt\u00f3rym przygotowuje si\u0119 jedzenie, ale sta\u0142a si\u0119 <strong>miejsce, w kt\u00f3rym ludzie spotykaj\u0105 si\u0119, nawi\u0105zuj\u0105 relacje, s\u0105 razem<\/strong>.\u00a0<\/p>\n\n\n\n<p>Kuchnia w istocie sta\u0142a si\u0119 nowym salonem, dlatego te\u017c trendy w meblach kuchennych proponuj\u0105 <strong>rozwi\u0105zania, kt\u00f3re s\u0105 coraz bardziej estetyczne i skoordynowane ze \u015brodowiskiem \u017cycia<\/strong>.&nbsp;<\/p>\n\n\n\n<p>Zmienia si\u0119 nasze zachowanie, zmienia si\u0119 nasze otoczenie i jego elementy.&nbsp;<\/p>\n\n\n\n<p>W\u0142a\u015bnie dlatego, \u017ce kuchnia sta\u0142a si\u0119 czym\u015b wi\u0119cej ni\u017c tylko miejscem, w kt\u00f3rym przygotowuje si\u0119 i spo\u017cywa posi\u0142ki, Plados Telma wprowadzi\u0142a koncepcj\u0119 <strong>\"Do\u015bwiadczenie kuchenne<\/strong> jako synonim <strong>pozytywne do\u015bwiadczenia zwi\u0105zane z funkcjonalno\u015bci\u0105 i praktyczno\u015bci\u0105, estetyk\u0105<\/strong>.&nbsp;<\/p>\n\n\n\n<p>Wszystkie produkty Plados Telma s\u0105 zaprojektowane tak, aby spe\u0142ni\u0107 ten cel, wysok\u0105 wydajno\u015b\u0107 w u\u017cytkowaniu, wyrafinowane linie i dba\u0142o\u015b\u0107 o szczeg\u00f3\u0142y.&nbsp;<\/p>\n\n\n\n<p><strong><a href=\"https:\/\/www.pladostelma.com\/\" data-type=\"URL\" data-id=\"https:\/\/www.pladostelma.com\/\">&lt; Scopri la Kitchen Experience di Plados Telma, clicca qui! >\u00a0<\/a><\/strong><\/p>\n\n\n\n<p>Gama produkt\u00f3w Plados Telma obejmuje: <strong><a href=\"https:\/\/www.pladostelma.com\/lavelli-cucina-plados\/\" data-type=\"URL\" data-id=\"https:\/\/www.pladostelma.com\/lavelli-cucina-plados\/\">Zlewozmywaki kompozytowe Plados<\/a><\/strong>, <strong><a href=\"https:\/\/www.pladostelma.com\/telma-lavelli-cucina\/\" data-type=\"URL\" data-id=\"https:\/\/www.pladostelma.com\/telma-lavelli-cucina\/\">Kompozytowe zlewozmywaki kuchenne Telma<\/a><\/strong>, <strong><a href=\"https:\/\/www.pladostelma.com\/lavelli-cucina-acciaio\/\" data-type=\"URL\" data-id=\"https:\/\/www.pladostelma.com\/lavelli-cucina-acciaio\/\">zlewozmywaki stalowe<\/a><\/strong>, <strong><a href=\"https:\/\/www.pladostelma.com\/miscelatori\/\" data-type=\"URL\" data-id=\"https:\/\/www.pladostelma.com\/miscelatori\/\">miksery<\/a><\/strong> oraz <strong><a href=\"https:\/\/www.pladostelma.com\/elettrodomestici\/\" data-type=\"URL\" data-id=\"https:\/\/www.pladostelma.com\/elettrodomestici\/\">urz\u0105dzenia gospodarstwa domowego<\/a><\/strong>.\u00a0<\/p>\n\n\n\n<figure class=\"wp-block-image size-large\"><img decoding=\"async\" width=\"1024\" height=\"686\" src=\"https:\/\/www.pladostelma.com\/wp-content\/uploads\/Lavello-cucina-ed-elettrodomestici-coordinati-2-1-1024x686.jpg\" alt=\"\" class=\"wp-image-245508\" srcset=\"https:\/\/www.pladostelma.com\/wp-content\/uploads\/Lavello-cucina-ed-elettrodomestici-coordinati-2-1-1024x686.jpg 1024w, https:\/\/www.pladostelma.com\/wp-content\/uploads\/Lavello-cucina-ed-elettrodomestici-coordinati-2-1-300x201.jpg 300w, https:\/\/www.pladostelma.com\/wp-content\/uploads\/Lavello-cucina-ed-elettrodomestici-coordinati-2-1-768x514.jpg 768w, https:\/\/www.pladostelma.com\/wp-content\/uploads\/Lavello-cucina-ed-elettrodomestici-coordinati-2-1-1536x1028.jpg 1536w, https:\/\/www.pladostelma.com\/wp-content\/uploads\/Lavello-cucina-ed-elettrodomestici-coordinati-2-1-2048x1371.jpg 2048w, https:\/\/www.pladostelma.com\/wp-content\/uploads\/Lavello-cucina-ed-elettrodomestici-coordinati-2-1-18x12.jpg 18w, https:\/\/www.pladostelma.com\/wp-content\/uploads\/Lavello-cucina-ed-elettrodomestici-coordinati-2-1-600x402.jpg 600w, https:\/\/www.pladostelma.com\/wp-content\/uploads\/Lavello-cucina-ed-elettrodomestici-coordinati-2-1-100x67.jpg 100w\" sizes=\"(max-width: 1024px) 100vw, 1024px\" \/><\/figure>\n\n\n\n<p>Plados Telma propone r\u00f3wnie\u017c <strong>Skoordynowane linie zlewozmywaka i urz\u0105dze\u0144 kuchennych <\/strong>kt\u00f3re umo\u017cliwiaj\u0105 stworzenie \u015brodowiska w absolutnej harmonii kolorystycznej, zgodnie z najnowszymi trendami w wyposa\u017ceniu kuchni.&nbsp;<\/p>\n\n\n\n<p>Oferujemy pasuj\u0105ce zlewozmywaki i urz\u0105dzenia kuchenne <strong>zar\u00f3wno do klasycznych, jak i nowoczesnych ustawie\u0144<\/strong>.<\/p>\n\n\n\n<p>Do funkcjonalno\u015bci, jako\u015bci i wzornictwa mo\u017cna zatem doda\u0107 r\u00f3wnie\u017c mo\u017cliwo\u015b\u0107 <strong>Dostosuj \u015brodowisko dzi\u0119ki skoordynowanym rozwi\u0105zaniom<\/strong> kt\u00f3re przyczyni\u0105 si\u0119 do tego, \u017ce atmosfera w kuchni b\u0119dzie jeszcze bardziej elegancka.&nbsp;<\/p>\n\n\n\n<p>Plados Telma produkuje wysokiej jako\u015bci zlewozmywaki kuchenne, b\u0119d\u0105ce wynikiem ci\u0105g\u0142ego zaanga\u017cowania w <strong>badania i innowacjeone<\/strong>szczeg\u00f3lnie wzd\u0142u\u017c <strong>zr\u00f3wnowa\u017cony rozw\u00f3j \u015brodowiska<\/strong>w celu wniesienia swojej wiedzy bran\u017cowej, aby wprowadzi\u0107 na rynek produkty o d\u0142u\u017cszym cyklu \u017cycia, <strong>Trwa\u0142e, odporne i zgodne z trendami stylistycznymi<\/strong>generowane przez coraz <strong>ostro\u017cne korzystanie z zasob\u00f3w<\/strong>.&nbsp;<\/p>\n\n\n\n<p><strong><a href=\"https:\/\/www.pladostelma.com\/rinnova\/\" data-type=\"URL\" data-id=\"https:\/\/www.pladostelma.com\/rinnova\/\">&lt; Scopri il lavello Rinnova di Plados Telma, realizzato con materia prima rigenerata! >\u00a0<\/a><\/strong><\/p>\n\n\n\n<p>Je\u015bli chcesz dowiedzie\u0107 si\u0119 wi\u0119cej o firmie, jej filozofii produkcjione i gamie produkt\u00f3w kuchennych, <strong><a href=\"https:\/\/www.pladostelma.com\/contatti\/\" data-type=\"URL\" data-id=\"https:\/\/www.pladostelma.com\/contatti\/\">skontaktuj si\u0119 z nami<\/a><\/strong>.\u00a0<\/p>","protected":false},"excerpt":{"rendered":"<p>Come abbiamo avuto gi\u00e0 modo di argomentare in un articolo dedicato ai lavelli cucina integrati con il top, la cucina non \u00e8 pi\u00f9 solo il luogo nel quale si prepara da mangiare ma \u00e8 diventato il luogo nel quale ci si incontra, ci si relaziona, si sta insieme.\u00a0 La cucina, in sostanza, \u00e8 diventata il [&hellip;]<\/p>\n","protected":false},"author":60,"featured_media":245507,"comment_status":"closed","ping_status":"closed","sticky":false,"template":"","format":"standard","meta":{"_acf_changed":false,"_seopress_robots_primary_cat":"","_seopress_titles_title":"Lavello cucina ed elettrodomestici coordinati ","_seopress_titles_desc":"Plados Telma propone lavelli cucina ed elettrodomestici coordinati sia per ambientazioni classiche che moderne: funzionalit\u00e0 e tendenza in cucina.","_seopress_robots_index":"","_uag_custom_page_level_css":"","iawp_total_views":206,"uix_meta_title":"","uix_meta_description":"","uix_canonical_url":"","footnotes":""},"categories":[79],"tags":[2575,2574,2573],"class_list":["post-245506","post","type-post","status-publish","format-standard","has-post-thumbnail","hentry","category-news","tag-coordinati-avello-cucina","tag-elettrodomestici-coordinati","tag-lavello-cucina"],"acf":[],"uagb_featured_image_src":{"full":["https:\/\/www.pladostelma.com\/wp-content\/uploads\/Lavello-cucina-ed-elettrodomestici-coordinati-1-scaled.jpg",2560,1714,false],"thumbnail":["https:\/\/www.pladostelma.com\/wp-content\/uploads\/Lavello-cucina-ed-elettrodomestici-coordinati-1-150x150.jpg",150,150,true],"medium":["https:\/\/www.pladostelma.com\/wp-content\/uploads\/Lavello-cucina-ed-elettrodomestici-coordinati-1-300x201.jpg",300,201,true],"medium_large":["https:\/\/www.pladostelma.com\/wp-content\/uploads\/Lavello-cucina-ed-elettrodomestici-coordinati-1-768x514.jpg",768,514,true],"large":["https:\/\/www.pladostelma.com\/wp-content\/uploads\/Lavello-cucina-ed-elettrodomestici-coordinati-1-1024x686.jpg",1024,686,true],"1536x1536":["https:\/\/www.pladostelma.com\/wp-content\/uploads\/Lavello-cucina-ed-elettrodomestici-coordinati-1-1536x1028.jpg",1536,1028,true],"2048x2048":["https:\/\/www.pladostelma.com\/wp-content\/uploads\/Lavello-cucina-ed-elettrodomestici-coordinati-1-2048x1371.jpg",2048,1371,true],"trp-custom-language-flag":["https:\/\/www.pladostelma.com\/wp-content\/uploads\/Lavello-cucina-ed-elettrodomestici-coordinati-1-18x12.jpg",18,12,true],"woocommerce_thumbnail":["https:\/\/www.pladostelma.com\/wp-content\/uploads\/Lavello-cucina-ed-elettrodomestici-coordinati-1-300x201.jpg",300,201,true],"woocommerce_single":["https:\/\/www.pladostelma.com\/wp-content\/uploads\/Lavello-cucina-ed-elettrodomestici-coordinati-1-600x402.jpg",600,402,true],"woocommerce_gallery_thumbnail":["https:\/\/www.pladostelma.com\/wp-content\/uploads\/Lavello-cucina-ed-elettrodomestici-coordinati-1-100x67.jpg",100,67,true],"variation_swatches_image_size":["https:\/\/www.pladostelma.com\/wp-content\/uploads\/Lavello-cucina-ed-elettrodomestici-coordinati-1-scaled.jpg",50,33,false],"variation_swatches_tooltip_size":["https:\/\/www.pladostelma.com\/wp-content\/uploads\/Lavello-cucina-ed-elettrodomestici-coordinati-1-scaled.jpg",100,67,false]},"uagb_author_info":{"display_name":"Roberta Spinaci","author_link":"https:\/\/www.pladostelma.com\/pl\/author\/roberta-quid\/"},"uagb_comment_info":0,"uagb_excerpt":"Come abbiamo avuto gi\u00e0 modo di argomentare in un articolo dedicato ai lavelli cucina integrati con il top, la cucina non \u00e8 pi\u00f9 solo il luogo nel quale si prepara da mangiare ma \u00e8 diventato il luogo nel quale ci si incontra, ci si relaziona, si sta insieme.\u00a0 La cucina, in sostanza, \u00e8 diventata il&hellip;","_links":{"self":[{"href":"https:\/\/www.pladostelma.com\/pl\/wp-json\/wp\/v2\/posts\/245506","targetHints":{"allow":["GET"]}}],"collection":[{"href":"https:\/\/www.pladostelma.com\/pl\/wp-json\/wp\/v2\/posts"}],"about":[{"href":"https:\/\/www.pladostelma.com\/pl\/wp-json\/wp\/v2\/types\/post"}],"author":[{"embeddable":true,"href":"https:\/\/www.pladostelma.com\/pl\/wp-json\/wp\/v2\/users\/60"}],"replies":[{"embeddable":true,"href":"https:\/\/www.pladostelma.com\/pl\/wp-json\/wp\/v2\/comments?post=245506"}],"version-history":[{"count":0,"href":"https:\/\/www.pladostelma.com\/pl\/wp-json\/wp\/v2\/posts\/245506\/revisions"}],"wp:featuredmedia":[{"embeddable":true,"href":"https:\/\/www.pladostelma.com\/pl\/wp-json\/wp\/v2\/media\/245507"}],"wp:attachment":[{"href":"https:\/\/www.pladostelma.com\/pl\/wp-json\/wp\/v2\/media?parent=245506"}],"wp:term":[{"taxonomy":"category","embeddable":true,"href":"https:\/\/www.pladostelma.com\/pl\/wp-json\/wp\/v2\/categories?post=245506"},{"taxonomy":"post_tag","embeddable":true,"href":"https:\/\/www.pladostelma.com\/pl\/wp-json\/wp\/v2\/tags?post=245506"}],"curies":[{"name":"wp","href":"https:\/\/api.w.org\/{rel}","templated":true}]}}