{"id":236397,"date":"2022-12-09T11:34:56","date_gmt":"2022-12-09T10:34:56","guid":{"rendered":"https:\/\/www.pladostelma.com\/?p=236397"},"modified":"2022-12-09T11:34:58","modified_gmt":"2022-12-09T10:34:58","slug":"vantaggi-sostenibilita-aziendale","status":"publish","type":"post","link":"https:\/\/www.pladostelma.com\/pl\/news\/vantaggi-sostenibilita-aziendale\/","title":{"rendered":"Zr\u00f3wnowa\u017cony rozw\u00f3j korporacyjny: jakie s\u0105 korzy\u015bci?"},"content":{"rendered":"<p>Unia Europejska d\u0105\u017cy do tego, by do 2050 r. osi\u0105gn\u0105\u0107 tzw. <strong>neutralno\u015b\u0107 klimatyczna<\/strong> lub <strong>zerowa emisja antropogeniczna<\/strong> poprzez kompensacj\u0119one r\u00f3wn\u0105 100% mi\u0119dzy wytworzonymi emisjami a poch\u0142anianiem dwutlenku w\u0119gla.<br><br>Jest to ambitne i konieczne wyzwanie, kt\u00f3re anga\u017cuje rz\u0105dy wszystkich kraj\u00f3w, zar\u00f3wno pod wzgl\u0119dem podnoszenia \u015bwiadomo\u015bci na temat wp\u0142ywu dzia\u0142a\u0144 jednostek, jak i pod wzgl\u0119dem alternatywnych modeli biznesowych, kt\u00f3re umo\u017cliwiaj\u0105 <strong>przej\u015bcie na zielon\u0105 gospodark\u0119<\/strong>.<br><br>Ochrona planety, zapewnienie zdrowia i zasob\u00f3w dla przysz\u0142ych pokole\u0144 b\u0119dzie r\u00f3wnie\u017c zale\u017ce\u0107 od <strong>zdolno\u015b\u0107 firm do inwestowania w produkty zwi\u0105zane z obiegiem zamkni\u0119tym, z wykorzystaniem technologii i korzy\u015bci cyfrowych<\/strong>.<br><br>Oczywi\u015bcie, aby osi\u0105gn\u0105\u0107 tak ambitny cel, decyduj\u0105c\u0105 rol\u0119 odegra zaanga\u017cowanie firm w innowacje, badania, projektowanie i rozw\u00f3j rozwi\u0105za\u0144, kt\u00f3re uwzgl\u0119dniaj\u0105 wiele aspekt\u00f3w, na przyk\u0142ad pochodzenie surowc\u00f3w, wp\u0142yw proces\u00f3w produkcyjnych, oszcz\u0119dno\u015b\u0107 energii i zasob\u00f3w.<br>Redukcjaone, ponowne u\u017cycie, recykling i odzysk to 4R, kt\u00f3re b\u0119d\u0105 nap\u0119dza\u0107 transformacj\u0119 gospodarcz\u0105 w kierunku modelu cyrkularnego.<\/p>\n\n\n\n<p>Sytuacja w naszym kraju wci\u0105\u017c spowalnia, odzwierciedlaj\u0105c r\u00f3\u017cne warunki spo\u0142eczne i gospodarcze na tym obszarze, kt\u00f3re sprawiaj\u0105, \u017ce przej\u015bcie korporacji na zr\u00f3wnowa\u017cony rozw\u00f3j jest wolniejsze i bardziej z\u0142o\u017cone, szczeg\u00f3lnie dla tych firm, kt\u00f3re musz\u0105 ponie\u015b\u0107 wysokie koszty, aby przej\u015b\u0107 na model bezemisyjny.<br>Decyduj\u0105cy impuls z pewno\u015bci\u0105 b\u0119dzie pochodzi\u0142 z <strong>209 miliard\u00f3w z planu naprawy gospodarczej <\/strong>z kt\u00f3rych W\u0142ochy mog\u0105 skorzysta\u0107, aby szybko przej\u015b\u0107 do zr\u00f3wnowa\u017conego rozwoju.<\/p>\n\n\n\n<p>Korzy\u015bci p\u0142yn\u0105ce ze zr\u00f3wnowa\u017conego rozwoju korporacyjnego to nie tylko konkretny wk\u0142ad w ochron\u0119 \u015brodowiska, ale tak\u017ce <strong>bardziej wydajne procesy, redukcja odpad\u00f3w, oszcz\u0119dno\u015b\u0107 zasob\u00f3w, tworzenieone warto\u015bci w kategoriach spo\u0142ecznych<\/strong>poniewa\u017c zr\u00f3wnowa\u017cony rozw\u00f3j bezpo\u015brednio wp\u0142ywa na jako\u015b\u0107 \u017cycia ludzi.<\/p>\n\n\n\n<p><strong><a href=\"https:\/\/www.pladostelma.com\/\" data-type=\"URL\" data-id=\"https:\/\/www.pladostelma.com\/\">Plados Telma<\/a><\/strong> to firma produkuj\u0105ca zlewozmywaki kuchenne od 1991 roku. Od samego pocz\u0105tku jest zaanga\u017cowana w dostarczanie na rynek przyjaznych dla \u015brodowiska, konkurencyjnych cenowo produkt\u00f3w, kt\u00f3re oszcz\u0119dzaj\u0105 wod\u0119 i energi\u0119, poprawiaj\u0105 jako\u015b\u0107 \u017cycia ludzi oraz inwestuj\u0105 znaczne \u015brodki w badania i rozw\u00f3j, aby konkretnie realizowa\u0107 cel redukcji, ponownego u\u017cycia, recyklingu i odzysku.<br><br>Ekologiczne zaanga\u017cowanie dotyczy nie tylko produktu, ale tak\u017ce samej firmy; firma pokrywa 40% swojego zu\u017cycia energii elektrycznej za pomoc\u0105 rinnova energii z fotowoltaiki, oszcz\u0119dzaj\u0105c w ten spos\u00f3b emisj\u0119 oko\u0142o 300 ton CO2 w ci\u0105gu jednego roku.<br><br>Dzi\u0119ki produkcji zielonych zlew\u00f3w, ponownemu wykorzystaniu odpad\u00f3w przemys\u0142owych i oszcz\u0119dno\u015bci energii uzyskanej dzi\u0119ki budowie systemu fotowoltaicznego otrzymali\u015bmy nagrod\u0119 Smau Innovation Award w 2022 r. Nie jest to osi\u0105gni\u0119cie, ale dodatkowa motywacja do d\u0105\u017cenia w kierunku zr\u00f3wnowa\u017conego rozwoju poprzez tworzenie produkt\u00f3w, kt\u00f3re s\u0105 coraz bardziej ekologiczne dla \u015brodowiska i odpowiedzialne spo\u0142ecznie.<\/p>","protected":false},"excerpt":{"rendered":"<p>L\u2019Unione Europea mira, entro il 2050, a raggiungere quella che viene definita neutralit\u00e0 climatica ovvero zero emissioni di origine antropica attraverso una compensazione pari al 100% tra emissioni prodotte e assorbimento di carbonio. Si tratta di una sfida ambiziosa quanto necessaria che sta impegnando tutti i governi delle nazioni, sia a livello di sensibilizzazione sull\u2019impatto [&hellip;]<\/p>\n","protected":false},"author":60,"featured_media":236401,"comment_status":"closed","ping_status":"closed","sticky":false,"template":"","format":"standard","meta":{"_acf_changed":false,"_seopress_robots_primary_cat":"","_seopress_titles_title":"Sostenibilit\u00e0 aziendale: quali i vantaggi? ","_seopress_titles_desc":"I vantaggi della sostenibilit\u00e0 aziendale riguardano sia l&#039;impatto sull&#039;ambiente sia il risparmio monetario sulle risorse e l&#039;abbattimento degli sprechi.","_seopress_robots_index":"","_uag_custom_page_level_css":"","iawp_total_views":25,"uix_meta_title":"","uix_meta_description":"","uix_canonical_url":"","footnotes":""},"categories":[79],"tags":[2460,2282,2478,2473,2461],"class_list":["post-236397","post","type-post","status-publish","format-standard","has-post-thumbnail","hentry","category-news","tag-energie-rinnovabili","tag-green","tag-lavelli-ecologici","tag-lavelli-green","tag-sostenibilita"],"acf":[],"uagb_featured_image_src":{"full":["https:\/\/www.pladostelma.com\/wp-content\/uploads\/alt_imm_vantaggi_sostenibilita.jpg",1900,1272,false],"thumbnail":["https:\/\/www.pladostelma.com\/wp-content\/uploads\/alt_imm_vantaggi_sostenibilita-150x150.jpg",150,150,true],"medium":["https:\/\/www.pladostelma.com\/wp-content\/uploads\/alt_imm_vantaggi_sostenibilita-300x201.jpg",300,201,true],"medium_large":["https:\/\/www.pladostelma.com\/wp-content\/uploads\/alt_imm_vantaggi_sostenibilita-768x514.jpg",768,514,true],"large":["https:\/\/www.pladostelma.com\/wp-content\/uploads\/alt_imm_vantaggi_sostenibilita-1024x686.jpg",1024,686,true],"1536x1536":["https:\/\/www.pladostelma.com\/wp-content\/uploads\/alt_imm_vantaggi_sostenibilita-1536x1028.jpg",1536,1028,true],"2048x2048":["https:\/\/www.pladostelma.com\/wp-content\/uploads\/alt_imm_vantaggi_sostenibilita.jpg",1900,1272,false],"trp-custom-language-flag":["https:\/\/www.pladostelma.com\/wp-content\/uploads\/alt_imm_vantaggi_sostenibilita-18x12.jpg",18,12,true],"woocommerce_thumbnail":["https:\/\/www.pladostelma.com\/wp-content\/uploads\/alt_imm_vantaggi_sostenibilita-300x201.jpg",300,201,true],"woocommerce_single":["https:\/\/www.pladostelma.com\/wp-content\/uploads\/alt_imm_vantaggi_sostenibilita-600x402.jpg",600,402,true],"woocommerce_gallery_thumbnail":["https:\/\/www.pladostelma.com\/wp-content\/uploads\/alt_imm_vantaggi_sostenibilita-100x67.jpg",100,67,true],"variation_swatches_image_size":["https:\/\/www.pladostelma.com\/wp-content\/uploads\/alt_imm_vantaggi_sostenibilita.jpg",50,33,false],"variation_swatches_tooltip_size":["https:\/\/www.pladostelma.com\/wp-content\/uploads\/alt_imm_vantaggi_sostenibilita.jpg",100,67,false]},"uagb_author_info":{"display_name":"Roberta Spinaci","author_link":"https:\/\/www.pladostelma.com\/pl\/author\/roberta-quid\/"},"uagb_comment_info":0,"uagb_excerpt":"L\u2019Unione Europea mira, entro il 2050, a raggiungere quella che viene definita neutralit\u00e0 climatica ovvero zero emissioni di origine antropica attraverso una compensazione pari al 100% tra emissioni prodotte e assorbimento di carbonio. Si tratta di una sfida ambiziosa quanto necessaria che sta impegnando tutti i governi delle nazioni, sia a livello di sensibilizzazione sull\u2019impatto&hellip;","_links":{"self":[{"href":"https:\/\/www.pladostelma.com\/pl\/wp-json\/wp\/v2\/posts\/236397","targetHints":{"allow":["GET"]}}],"collection":[{"href":"https:\/\/www.pladostelma.com\/pl\/wp-json\/wp\/v2\/posts"}],"about":[{"href":"https:\/\/www.pladostelma.com\/pl\/wp-json\/wp\/v2\/types\/post"}],"author":[{"embeddable":true,"href":"https:\/\/www.pladostelma.com\/pl\/wp-json\/wp\/v2\/users\/60"}],"replies":[{"embeddable":true,"href":"https:\/\/www.pladostelma.com\/pl\/wp-json\/wp\/v2\/comments?post=236397"}],"version-history":[{"count":0,"href":"https:\/\/www.pladostelma.com\/pl\/wp-json\/wp\/v2\/posts\/236397\/revisions"}],"wp:featuredmedia":[{"embeddable":true,"href":"https:\/\/www.pladostelma.com\/pl\/wp-json\/wp\/v2\/media\/236401"}],"wp:attachment":[{"href":"https:\/\/www.pladostelma.com\/pl\/wp-json\/wp\/v2\/media?parent=236397"}],"wp:term":[{"taxonomy":"category","embeddable":true,"href":"https:\/\/www.pladostelma.com\/pl\/wp-json\/wp\/v2\/categories?post=236397"},{"taxonomy":"post_tag","embeddable":true,"href":"https:\/\/www.pladostelma.com\/pl\/wp-json\/wp\/v2\/tags?post=236397"}],"curies":[{"name":"wp","href":"https:\/\/api.w.org\/{rel}","templated":true}]}}