{"id":1039,"date":"2015-03-20T00:00:00","date_gmt":"2015-03-19T23:00:00","guid":{"rendered":"https:\/\/www.pladostelma.com\/open-day-unicam-green-sinks\/"},"modified":"2020-10-12T11:56:04","modified_gmt":"2020-10-12T09:56:04","slug":"open-day-unicam-green-sinks","status":"publish","type":"post","link":"https:\/\/www.pladostelma.com\/pl\/news\/open-day-unicam-green-sinks\/","title":{"rendered":"Dzie\u0144 otwarty w Unicam dla projektu zielonych zlew\u00f3w"},"content":{"rendered":"<p>\u00a0<\/p>\n<p><img decoding=\"async\" class=\"size-full wp-image-1035\" src=\"https:\/\/www.pladostelma.com\/wp-content\/uploads\/2015\/03\/Delta-Plados-3.jpg\" width=\"500\" height=\"375\" srcset=\"https:\/\/www.pladostelma.com\/wp-content\/uploads\/2015\/03\/Delta-Plados-3.jpg 800w, https:\/\/www.pladostelma.com\/wp-content\/uploads\/2015\/03\/Delta-Plados-3-300x225.jpg 300w, https:\/\/www.pladostelma.com\/wp-content\/uploads\/2015\/03\/Delta-Plados-3-600x450.jpg 600w, https:\/\/www.pladostelma.com\/wp-content\/uploads\/2015\/03\/Delta-Plados-3-768x576.jpg 768w, https:\/\/www.pladostelma.com\/wp-content\/uploads\/2015\/03\/Delta-Plados-3-20x15.jpg 20w\" sizes=\"(max-width: 500px) 100vw, 500px\" \/><\/p>\n<p>\u00a0<\/p>\n<p><span style=\"font-size: medium;\"><span style=\"line-height: 1.3em;\">W czwartek 19 marca odby\u0142a si\u0119 druga konferencja \"<\/span><\/span><strong><span style=\"font-size: medium;\">Zielone zlewozmywaki<\/span><\/strong><span style=\"font-size: medium;\"><span style=\"line-height: 1.3em;\">\", aby zaprezentowa\u0107 post\u0119py w finansowanym przez UE projekcie ca\u0142kowicie ekologicznego zlewu. <\/span><\/span><\/p>\n<p><span style=\"font-size: medium;\"><span style=\"line-height: 1.3em;\">Echolavel, promowany przez <strong>Delta<\/strong> we wsp\u00f3\u0142pracy z Uniwersytetem w Camerino, Politechnik\u0105 w Marche i Uniwersytetem w Brescii, by\u0142o <\/span><strong>jeden z 12 w\u0142oskich projekt\u00f3w o charakterze przemys\u0142owym finansowanych w ramach programu LIFE<\/strong><span style=\"line-height: 1.3em;\"> (Fundusz Ochrony \u015arodowiska Unii Europejskiej).<\/span><\/span><\/p>\n<p><span style=\"font-size: medium; line-height: 1.3em;\"> Dzie\u0144 otwarty odby\u0142 si\u0119 w Sali Herbowej Pa\u0142acu Ksi\u0105\u017c\u0119cego w Camerino, gdzie<strong> nowa linia ekologicznie zr\u00f3wnowa\u017conych zlewozmywak\u00f3w wykonanych w ca\u0142o\u015bci z przyjaznych dla \u015brodowiska surowc\u00f3w organicznych i nieorganicznych zosta\u0142a zaprezentowana spo\u0142eczno\u015bci naukowej<\/strong>. Opr\u00f3cz ekspert\u00f3w z bran\u017cy, g\u0142os zabra\u0142 rektor Flavio Corradini, kt\u00f3ry podkre\u015bli\u0142 znaczenie wsp\u00f3\u0142pracy mi\u0119dzy Delta i Unicam, kt\u00f3ra doskonale reprezentuje transfer doskona\u0142o\u015bci uzyskanej dzi\u0119ki badaniom uniwersyteckim w innowacje produktowe i procesowe, a tym samym rozw\u00f3j lokalnych firm. <\/span><\/p>\n<p><span style=\"font-size: medium; line-height: 1.3em;\">Wt\u00f3ruje mu in\u017cynier <strong>Sandro Bertini<\/strong>, CEO Delta s.r.l.: \"Dzisiejsze wydarzenie jest wa\u017cn\u0105 inicjatyw\u0105, kt\u00f3ra podkre\u015bla i potwierdza up\u00f3r i innowacyjnego ducha przedsi\u0119biorczo\u015bci Maceraty. Jest to wyj\u0105tkowa okazja do rozpowszechnienia fundamentalnego tematu, jakim jest ochrona \u015brodowiska poprzez badania naukowe w po\u0142\u0105czeniu z know-how, kreatywnym duchem lokalnych M\u015aP i projektem sieciowym z doskona\u0142o\u015bci\u0105 uniwersyteck\u0105\".<\/span><\/p>\n<p><span style=\"font-size: medium;\">\u00a0<\/span><\/p>","protected":false},"excerpt":{"rendered":"<p>\u00a0<\/p>\n<p><img decoding=\"async\" class=\"size-full wp-image-1035\" src=\"https:\/\/www.pladostelma.com\/wp-content\/uploads\/2015\/03\/Delta-Plados-3.jpg\" width=\"500\" height=\"375\" srcset=\"https:\/\/www.pladostelma.com\/wp-content\/uploads\/2015\/03\/Delta-Plados-3.jpg 800w, https:\/\/www.pladostelma.com\/wp-content\/uploads\/2015\/03\/Delta-Plados-3-300x225.jpg 300w, https:\/\/www.pladostelma.com\/wp-content\/uploads\/2015\/03\/Delta-Plados-3-600x450.jpg 600w, https:\/\/www.pladostelma.com\/wp-content\/uploads\/2015\/03\/Delta-Plados-3-768x576.jpg 768w, https:\/\/www.pladostelma.com\/wp-content\/uploads\/2015\/03\/Delta-Plados-3-20x15.jpg 20w\" sizes=\"(max-width: 500px) 100vw, 500px\" \/><\/p>\n<p>\u00a0<\/p>\n<p><span style=\"font-size: medium;\"><span style=\"line-height: 1.3em;\">W czwartek 19 marca odby\u0142a si\u0119 druga konferencja \"<\/span><\/span><strong><span style=\"font-size: medium;\">Zielone zlewozmywaki<\/span><\/strong><span style=\"font-size: medium;\"><span style=\"line-height: 1.3em;\">\", aby zaprezentowa\u0107 post\u0119py w finansowanym przez UE projekcie ca\u0142kowicie ekologicznego zlewu. <\/span><\/span><\/p>\n<p><span style=\"font-size: medium;\"><span style=\"line-height: 1.3em;\">Echolavel, promowany przez <strong>Delta<\/strong> we wsp\u00f3\u0142pracy z Uniwersytetem w Camerino, Politechnik\u0105 w Marche i Uniwersytetem w Brescii, by\u0142o <\/span><strong>jeden z 12 w\u0142oskich projekt\u00f3w o charakterze przemys\u0142owym finansowanych w ramach programu LIFE<\/strong><span style=\"line-height: 1.3em;\"> (Fundusz Ochrony \u015arodowiska Unii Europejskiej).<\/span><\/span><\/p>\n<p><span style=\"font-size: medium; line-height: 1.3em;\"> Dzie\u0144 otwarty odby\u0142 si\u0119 w Sali Herbowej Pa\u0142acu Ksi\u0105\u017c\u0119cego w Camerino, gdzie<strong> nowa linia ekologicznie zr\u00f3wnowa\u017conych zlewozmywak\u00f3w wykonanych w ca\u0142o\u015bci z przyjaznych dla \u015brodowiska surowc\u00f3w organicznych i nieorganicznych zosta\u0142a zaprezentowana spo\u0142eczno\u015bci naukowej<\/strong>. Opr\u00f3cz ekspert\u00f3w z bran\u017cy, g\u0142os zabra\u0142 rektor Flavio Corradini, kt\u00f3ry podkre\u015bli\u0142 znaczenie wsp\u00f3\u0142pracy mi\u0119dzy Delta i Unicam, kt\u00f3ra doskonale reprezentuje transfer doskona\u0142o\u015bci uzyskanej dzi\u0119ki badaniom uniwersyteckim w innowacje produktowe i procesowe, a tym samym rozw\u00f3j lokalnych firm. <\/span><\/p>\n<p><span style=\"font-size: medium; line-height: 1.3em;\">Wt\u00f3ruje mu in\u017cynier <strong>Sandro Bertini<\/strong>, CEO Delta s.r.l.: \"Dzisiejsze wydarzenie jest wa\u017cn\u0105 inicjatyw\u0105, kt\u00f3ra podkre\u015bla i potwierdza up\u00f3r i innowacyjnego ducha przedsi\u0119biorczo\u015bci Maceraty. Jest to wyj\u0105tkowa okazja do rozpowszechnienia fundamentalnego tematu, jakim jest ochrona \u015brodowiska poprzez badania naukowe w po\u0142\u0105czeniu z know-how, kreatywnym duchem lokalnych M\u015aP i projektem sieciowym z doskona\u0142o\u015bci\u0105 uniwersyteck\u0105\".<\/span><\/p>","protected":false},"author":1,"featured_media":1035,"comment_status":"closed","ping_status":"closed","sticky":false,"template":"","format":"standard","meta":{"_acf_changed":false,"_seopress_robots_primary_cat":"","_seopress_titles_title":"","_seopress_titles_desc":"","_seopress_robots_index":"","_uag_custom_page_level_css":"","iawp_total_views":7,"uix_meta_title":"","uix_meta_description":"","uix_canonical_url":"","footnotes":""},"categories":[79],"tags":[],"class_list":["post-1039","post","type-post","status-publish","format-standard","has-post-thumbnail","hentry","category-news"],"acf":[],"uagb_featured_image_src":{"full":["https:\/\/www.pladostelma.com\/wp-content\/uploads\/2015\/03\/Delta-Plados-3.jpg",800,600,false],"thumbnail":["https:\/\/www.pladostelma.com\/wp-content\/uploads\/2015\/03\/Delta-Plados-3-150x150.jpg",150,150,true],"medium":["https:\/\/www.pladostelma.com\/wp-content\/uploads\/2015\/03\/Delta-Plados-3-300x225.jpg",300,225,true],"medium_large":["https:\/\/www.pladostelma.com\/wp-content\/uploads\/2015\/03\/Delta-Plados-3-768x576.jpg",768,576,true],"large":["https:\/\/www.pladostelma.com\/wp-content\/uploads\/2015\/03\/Delta-Plados-3.jpg",800,600,false],"1536x1536":["https:\/\/www.pladostelma.com\/wp-content\/uploads\/2015\/03\/Delta-Plados-3.jpg",800,600,false],"2048x2048":["https:\/\/www.pladostelma.com\/wp-content\/uploads\/2015\/03\/Delta-Plados-3.jpg",800,600,false],"trp-custom-language-flag":["https:\/\/www.pladostelma.com\/wp-content\/uploads\/2015\/03\/Delta-Plados-3.jpg",16,12,false],"woocommerce_thumbnail":["https:\/\/www.pladostelma.com\/wp-content\/uploads\/2015\/03\/Delta-Plados-3-300x225.jpg",300,225,true],"woocommerce_single":["https:\/\/www.pladostelma.com\/wp-content\/uploads\/2015\/03\/Delta-Plados-3-600x450.jpg",600,450,true],"woocommerce_gallery_thumbnail":["https:\/\/www.pladostelma.com\/wp-content\/uploads\/2015\/03\/Delta-Plados-3-100x100.jpg",100,100,true],"variation_swatches_image_size":["https:\/\/www.pladostelma.com\/wp-content\/uploads\/2015\/03\/Delta-Plados-3.jpg",50,38,false],"variation_swatches_tooltip_size":["https:\/\/www.pladostelma.com\/wp-content\/uploads\/2015\/03\/Delta-Plados-3.jpg",100,75,false]},"uagb_author_info":{"display_name":"admino","author_link":"https:\/\/www.pladostelma.com\/pl\/author\/admino\/"},"uagb_comment_info":0,"uagb_excerpt":"\u00a0 \u00a0 Nella giornata di Gioved\u00ec 19 Marzo \u00e8 andato in scena il secondo convegno \"Green Sinks\" per presentare gli stati d'avanzamento del progetto relativo alla realizzazione di un lavello totalmente ecologico finanziato dall'Unione Europea. L'ecolavello, promosso da Delta in collaborazione con l' Universit\u00e0 di Camerino, l'Universit\u00e0 Politecnica delle Marche e l'Universit\u00e0 di Brescia, \u00e8&hellip;","_links":{"self":[{"href":"https:\/\/www.pladostelma.com\/pl\/wp-json\/wp\/v2\/posts\/1039","targetHints":{"allow":["GET"]}}],"collection":[{"href":"https:\/\/www.pladostelma.com\/pl\/wp-json\/wp\/v2\/posts"}],"about":[{"href":"https:\/\/www.pladostelma.com\/pl\/wp-json\/wp\/v2\/types\/post"}],"author":[{"embeddable":true,"href":"https:\/\/www.pladostelma.com\/pl\/wp-json\/wp\/v2\/users\/1"}],"replies":[{"embeddable":true,"href":"https:\/\/www.pladostelma.com\/pl\/wp-json\/wp\/v2\/comments?post=1039"}],"version-history":[{"count":0,"href":"https:\/\/www.pladostelma.com\/pl\/wp-json\/wp\/v2\/posts\/1039\/revisions"}],"wp:featuredmedia":[{"embeddable":true,"href":"https:\/\/www.pladostelma.com\/pl\/wp-json\/wp\/v2\/media\/1035"}],"wp:attachment":[{"href":"https:\/\/www.pladostelma.com\/pl\/wp-json\/wp\/v2\/media?parent=1039"}],"wp:term":[{"taxonomy":"category","embeddable":true,"href":"https:\/\/www.pladostelma.com\/pl\/wp-json\/wp\/v2\/categories?post=1039"},{"taxonomy":"post_tag","embeddable":true,"href":"https:\/\/www.pladostelma.com\/pl\/wp-json\/wp\/v2\/tags?post=1039"}],"curies":[{"name":"wp","href":"https:\/\/api.w.org\/{rel}","templated":true}]}}