{"id":864,"count":63,"description":"Les \u00e9viers de Telma en mat\u00e9riau composite sont synonyme de qualit\u00e9 et de couleur depuis 1981.","link":"https:\/\/www.pladostelma.com\/fr\/telma-lavelli-cucina\/","name":"\u00c9viers de cuisine en composite Telma","slug":"telma-lavelli-cucina","taxonomy":"product_cat","parent":0,"meta":[],"menu_order":12,"acf":[],"vendbase_acf":null,"parent_info":[],"vendbase_metabox":null,"_links":{"self":[{"href":"https:\/\/www.pladostelma.com\/fr\/wp-json\/wp\/v2\/product_cat\/864","targetHints":{"allow":["GET"]}}],"collection":[{"href":"https:\/\/www.pladostelma.com\/fr\/wp-json\/wp\/v2\/product_cat"}],"about":[{"href":"https:\/\/www.pladostelma.com\/fr\/wp-json\/wp\/v2\/taxonomies\/product_cat"}],"wp:post_type":[{"href":"https:\/\/www.pladostelma.com\/fr\/wp-json\/wp\/v2\/product?product_cat=864"}],"curies":[{"name":"wp","href":"https:\/\/api.w.org\/{rel}","templated":true}]}}