{"id":248212,"date":"2026-01-26T16:11:58","date_gmt":"2026-01-26T15:11:58","guid":{"rendered":"https:\/\/www.pladostelma.com\/?p=248212"},"modified":"2026-01-27T16:38:51","modified_gmt":"2026-01-27T15:38:51","slug":"come-il-lavello-puo-cambiare-latmosfera-della-cucina","status":"publish","type":"post","link":"https:\/\/www.pladostelma.com\/fr\/news\/come-il-lavello-puo-cambiare-latmosfera-della-cucina-guida-al-kitchen-mood\/","title":{"rendered":"Comment l'\u00e9vier peut changer l'atmosph\u00e8re de la cuisine : Guide de l'ambiance dans la cuisine\u201c"},"content":{"rendered":"<p>La cuisine est l'endroit o\u00f9 l'on vit vraiment : on y cuisine, on y discute, on y rit, on y accueille des amis, on y partage des moments qui deviennent des souvenirs. Et dans cette tr\u00e8s importante spazio, il y a un \u00e9l\u00e9ment qui est souvent sous-estim\u00e9 mais qui, en r\u00e9alit\u00e9, ne l'est pas, <strong>d\u00e9termine l'atmosph\u00e8re de l'ensemble de l'environnement<\/strong>l'\u00e9vier.<\/p>\n\n\n\n<p>Oui, le c\u0153ur op\u00e9rationnel de la cuisine, mais aussi un \u00e9l\u00e9ment esth\u00e9tique capable de transformare l'image de marque de l'entreprise. <em>\u201chumeur\u201d<\/em> de la salle.<\/p>\n\n\n\n<p>Bienvenue sur le site de la <strong>L'humeur de la cuisine<\/strong>, o\u00f9 vous d\u00e9couvrirez comment un \u00e9vier peut changer le caract\u00e8re de votre cuisine plus que vous ne l'imaginez.<\/p>\n\n\n\n<div class=\"wp-block-uagb-buttons uagb-buttons__outer-wrap uagb-btn__default-btn uagb-btn-tablet__default-btn uagb-btn-mobile__default-btn uagb-block-3efa45d9\"><div class=\"uagb-buttons__wrap uagb-buttons-layout-wrap\">\n<div class=\"wp-block-uagb-buttons-child uagb-buttons__outer-wrap uagb-block-9e0afcab wp-block-button\"><div class=\"uagb-button__wrapper\"><a class=\"uagb-buttons-repeater wp-block-button__link\" aria-label=\"\" href=\"https:\/\/www.pladostelma.com\/lavelli-cucina-plados\/\" rel=\"follow noopener\" target=\"_blank\" role=\"button\"><div class=\"uagb-button__link\">Plados \u00c9viers<\/div><\/a><\/div><\/div>\n\n\n\n<div class=\"wp-block-uagb-buttons-child uagb-buttons__outer-wrap uagb-block-207f6b30 wp-block-button\"><div class=\"uagb-button__wrapper\"><a class=\"uagb-buttons-repeater wp-block-button__link\" aria-label=\"\" href=\"https:\/\/www.pladostelma.com\/miscelatori\/\" rel=\"follow noopener\" target=\"_blank\" role=\"button\"><div class=\"uagb-button__link\">M\u00e9langeurs Plados<\/div><\/a><\/div><\/div>\n\n\n\n<div class=\"wp-block-uagb-buttons-child uagb-buttons__outer-wrap uagb-block-c6d464d4 wp-block-button\"><div class=\"uagb-button__wrapper\"><a class=\"uagb-buttons-repeater wp-block-button__link\" aria-label=\"\" href=\"https:\/\/www.pladostelma.com\/elettrodomestici\/\" rel=\"follow noopener\" target=\"_blank\" role=\"button\"><div class=\"uagb-button__link\">Appareils \u00e9lectrom\u00e9nagers Plados<\/div><\/a><\/div><\/div>\n<\/div><\/div>\n\n\n\n<div style=\"height:30px\" aria-hidden=\"true\" class=\"wp-block-spacer\"><\/div>\n\n\n\n<h1 class=\"wp-block-heading\"><strong>L'\u00e9vier comme point de mire : quand la fonctionnalit\u00e9 devient style<\/strong><\/h1>\n\n\n\n<p>Dans une cuisine moderne, chaque \u00e9l\u00e9ment doit jouer un r\u00f4le. L'\u00e9vier n'est plus un simple accessoire : c'est un \u00e9l\u00e9ment essentiel de la cuisine. <strong>centre visuel<\/strong>, un \u00e9quilibre entre esth\u00e9tique et praticit\u00e9.<\/p>\n\n\n\n<p>Un \u00e9vier Plados Telma, avec ses lignes \u00e9pur\u00e9es et ses couleurs textur\u00e9es, attire imm\u00e9diatement le regard. Ce n'est pas un d\u00e9tail : c'est une d\u00e9claration de style.<\/p>\n\n\n\n<h3 class=\"wp-block-heading\"><strong>Ce qu'un \u00e9vier bien choisi communique<\/strong><\/h3>\n\n\n\n<ul class=\"wp-block-list\">\n<li>Commande ;<\/li>\n\n\n\n<li>L'\u00e9l\u00e9gance ;<\/li>\n\n\n\n<li>Le souci du d\u00e9tail ;<\/li>\n\n\n\n<li>Personnalit\u00e9.<\/li>\n<\/ul>\n\n\n\n<p>La premi\u00e8re \u00e9tape pour cr\u00e9er une atmosph\u00e8re qui parle de vous est de r\u00e9aliser que l'\u00e9vier n'est pas seulement un outil indispensable pour votre cuisine, mais aussi un v\u00e9ritable meuble et un \u00e9l\u00e9ment de design qui parle de nous.<\/p>\n\n\n\n<figure class=\"wp-block-image size-full\"><img decoding=\"async\" width=\"2560\" height=\"1810\" src=\"https:\/\/www.pladostelma.com\/wp-content\/uploads\/LX8610ST_low-scaled.jpg\" alt=\"Cuisine moderne avec fen\u00eatre et vue sur le jardin\" class=\"wp-image-247962\"\/><\/figure>\n\n\n\n<div style=\"height:30px\" aria-hidden=\"true\" class=\"wp-block-spacer\"><\/div>\n\n\n\n<h1 class=\"wp-block-heading\"><strong><strong>Le pouvoir des couleurs : la cl\u00e9 de l'ambiance dans la cuisine\u201c<\/strong><\/strong><\/h1>\n\n\n\n<p>La couleur de l'\u00e9vier a un impact consid\u00e9rable sur l'atmosph\u00e8re de la cuisine. Elle peut la rendre plus chaleureuse, plus moderne, plus lumineuse, plus sophistiqu\u00e9e.<\/p>\n\n\n\n<h3 class=\"wp-block-heading\"><strong>Eviers transparents<\/strong><\/h3>\n\n\n\n<p>Elles \u00e9voquent la lumi\u00e8re, la propret\u00e9 et l'harmonie. Parfaites pour les cuisines minimales, nordiques et \u00e9l\u00e9gantes.<\/p>\n\n\n\n<h3 class=\"wp-block-heading\"><strong>\u00c9viers sombres<\/strong><\/h3>\n\n\n\n<p>Ils ajoutent du caract\u00e8re, de la profondeur et une touche de luxe. Id\u00e9ales pour les cuisines modernes, industrielles et contemporaines.<\/p>\n\n\n\n<h3 class=\"wp-block-heading\"><strong>\u00c9viers color\u00e9s<\/strong><\/h3>\n\n\n\n<p>Ils apportent de l'\u00e9nergie, de la cr\u00e9ativit\u00e9 et de la personnalit\u00e9. Parfaites pour ceux qui veulent une cuisine qui ne passe pas inaper\u00e7ue.<\/p>\n\n\n\n<p>Chez Plados, la couleur n'est pas un d\u00e9tail, mais une r\u00e9alit\u00e9. <strong>\u00e9l\u00e9ment d'ameublement<\/strong> de la plus haute importance.<\/p>\n\n\n\n<figure class=\"wp-block-image size-large\"><img decoding=\"async\" width=\"1024\" height=\"640\" src=\"https:\/\/www.pladostelma.com\/wp-content\/uploads\/colori_0000_Livello-13-1-1024x640.jpg\" alt=\"Blocs carr\u00e9s sur fond beige, arrangement g\u00e9om\u00e9trique.\" class=\"wp-image-248207\" srcset=\"https:\/\/www.pladostelma.com\/wp-content\/uploads\/colori_0000_Livello-13-1-1024x640.jpg 1024w, https:\/\/www.pladostelma.com\/wp-content\/uploads\/colori_0000_Livello-13-1-300x188.jpg 300w, https:\/\/www.pladostelma.com\/wp-content\/uploads\/colori_0000_Livello-13-1-768x480.jpg 768w, https:\/\/www.pladostelma.com\/wp-content\/uploads\/colori_0000_Livello-13-1-18x12.jpg 18w, https:\/\/www.pladostelma.com\/wp-content\/uploads\/colori_0000_Livello-13-1-600x375.jpg 600w, https:\/\/www.pladostelma.com\/wp-content\/uploads\/colori_0000_Livello-13-1-100x63.jpg 100w, https:\/\/www.pladostelma.com\/wp-content\/uploads\/colori_0000_Livello-13-1.jpg 1280w\" sizes=\"(max-width: 1024px) 100vw, 1024px\" \/><\/figure>\n\n\n\n<div style=\"height:30px\" aria-hidden=\"true\" class=\"wp-block-spacer\"><\/div>\n\n\n\n<h1 class=\"wp-block-heading\"><strong><strong>Textures et mat\u00e9riaux : la sensation qui fait la diff\u00e9rence<\/strong><\/strong><\/h1>\n\n\n\n<div class=\"wp-block-media-text has-media-on-the-right is-stacked-on-mobile\"><div class=\"wp-block-media-text__content\">\n<p>Lorsque l'on touche un \u00e9vier, on per\u00e7oit imm\u00e9diatement la qualit\u00e9. La surface, la finition, le toucher : tout contribue \u00e0 cr\u00e9er une \u201cambiance\u201d.<\/p>\n\n\n\n<p>Un \u00e9vier avec une texture \u201ceffet granit\u201d communique chaleur et authenticit\u00e9. Une surface douce au toucher est synonyme de modernit\u00e9 et de propret\u00e9 visuelle.<\/p>\n\n\n\n<p>L'\u00e9vier devient ainsi un \u00e9l\u00e9ment sensoriel, capable d'influencer l'exp\u00e9rience quotidienne.<\/p>\n<\/div><figure class=\"wp-block-media-text__media\"><img decoding=\"async\" width=\"758\" height=\"1024\" src=\"https:\/\/www.pladostelma.com\/wp-content\/uploads\/materiali-758x1024.jpg\" alt=\"\" class=\"wp-image-248221 size-full\" srcset=\"https:\/\/www.pladostelma.com\/wp-content\/uploads\/materiali-758x1024.jpg 758w, https:\/\/www.pladostelma.com\/wp-content\/uploads\/materiali-222x300.jpg 222w, https:\/\/www.pladostelma.com\/wp-content\/uploads\/materiali-768x1038.jpg 768w, https:\/\/www.pladostelma.com\/wp-content\/uploads\/materiali-1136x1536.jpg 1136w, https:\/\/www.pladostelma.com\/wp-content\/uploads\/materiali-1515x2048.jpg 1515w, https:\/\/www.pladostelma.com\/wp-content\/uploads\/materiali-9x12.jpg 9w, https:\/\/www.pladostelma.com\/wp-content\/uploads\/materiali-444x600.jpg 444w, https:\/\/www.pladostelma.com\/wp-content\/uploads\/materiali-74x100.jpg 74w, https:\/\/www.pladostelma.com\/wp-content\/uploads\/materiali.jpg 1894w\" sizes=\"(max-width: 758px) 100vw, 758px\" \/><\/figure><\/div>\n\n\n\n<div style=\"height:30px\" aria-hidden=\"true\" class=\"wp-block-spacer\"><\/div>\n\n\n\n<h1 class=\"wp-block-heading\"><strong>L'\u00e9vier comme \u00e9l\u00e9ment d'harmonie : comment la perception de Spazio change<\/strong><\/h1>\n\n\n\n<p>Un \u00e9vier bien choisi peut <strong>\u00e9quilibre<\/strong> l'ensemble de la cuisine. Il peut \u00e9clairer une pi\u00e8ce trop sombre, donner du caract\u00e8re \u00e0 une pi\u00e8ce trop neutre, cr\u00e9er une continuit\u00e9 entre le plan de travail et les meubles.<\/p>\n\n\n\n<p>Le r\u00e9sultat ?<\/p>\n\n\n\n<p>Une cuisine plus ordonn\u00e9e, plus agr\u00e9able, plus coh\u00e9rente. Une cuisine qui fonctionne non seulement d'un point de vue pratique, mais aussi d'un point de vue visuel.<\/p>\n\n\n\n<div style=\"height:30px\" aria-hidden=\"true\" class=\"wp-block-spacer\"><\/div>\n\n\n\n<h1 class=\"wp-block-heading\"><strong>Le mixeur : le d\u00e9tail qui compl\u00e8te la composition<\/strong><\/h1>\n\n\n\n<div class=\"wp-block-media-text is-stacked-on-mobile\"><figure class=\"wp-block-media-text__media\"><img decoding=\"async\" width=\"775\" height=\"1024\" src=\"https:\/\/www.pladostelma.com\/wp-content\/uploads\/mix_EXTREME-775x1024.jpg\" alt=\"\" class=\"wp-image-248222 size-full\" srcset=\"https:\/\/www.pladostelma.com\/wp-content\/uploads\/mix_EXTREME-775x1024.jpg 775w, https:\/\/www.pladostelma.com\/wp-content\/uploads\/mix_EXTREME-227x300.jpg 227w, https:\/\/www.pladostelma.com\/wp-content\/uploads\/mix_EXTREME-768x1014.jpg 768w, https:\/\/www.pladostelma.com\/wp-content\/uploads\/mix_EXTREME-1163x1536.jpg 1163w, https:\/\/www.pladostelma.com\/wp-content\/uploads\/mix_EXTREME-1551x2048.jpg 1551w, https:\/\/www.pladostelma.com\/wp-content\/uploads\/mix_EXTREME-9x12.jpg 9w, https:\/\/www.pladostelma.com\/wp-content\/uploads\/mix_EXTREME-454x600.jpg 454w, https:\/\/www.pladostelma.com\/wp-content\/uploads\/mix_EXTREME-76x100.jpg 76w, https:\/\/www.pladostelma.com\/wp-content\/uploads\/mix_EXTREME.jpg 1559w\" sizes=\"(max-width: 775px) 100vw, 775px\" \/><\/figure><div class=\"wp-block-media-text__content\">\n<p>Le mitigeur est le partenaire naturel de l'\u00e9vier. Son forma, sa couleur, sa pr\u00e9sence sc\u00e9nique contribuent \u00e0 d\u00e9finir l'ambiance de la cuisine.<\/p>\n\n\n\n<p>Un mitigeur moderne et \u00e9pur\u00e9 cr\u00e9e une ambiance contemporaine. Un mitigeur plus doux et plus arrondi transmet chaleur et convivialit\u00e9.<\/p>\n\n\n\n<p>La couleur joue \u00e9galement un r\u00f4le. Un \u00e9vier et un mitigeur de la m\u00eame couleur donnent une impression d'uniformit\u00e9 et de continuit\u00e9, tandis que s'ils sont de couleurs diff\u00e9rentes mais compl\u00e9mentaires, ils v\u00e9hiculent une impression de sophistication et de design stylistique.<\/p>\n\n\n\n<p>L'\u00e9vier et le mitigeur deviennent ensemble un v\u00e9ritable <strong>ensembles d'ameublement<\/strong>.<\/p>\n<\/div><\/div>\n\n\n\n<div style=\"height:30px\" aria-hidden=\"true\" class=\"wp-block-spacer\"><\/div>\n\n\n\n<h1 class=\"wp-block-heading\"><strong>L'\u00e9vier comme exp\u00e9rience : quand la cuisine devient un lieu de vie<\/strong><\/h1>\n\n\n\n<p>L'\u00e9vier de cuisine n'est pas seulement un objet, mais le th\u00e9\u00e2tre de gestes quotidiens qui parlent de nous. C'est le bruit de l'eau qui coule, la lumi\u00e8re qui se refl\u00e8te sur la surface, le confort d'un spazio bien con\u00e7u.<\/p>\n\n\n\n<p>Choisir un \u00e9vier Plados Telma, c'est choisir une exp\u00e9rience qui am\u00e9liore votre quotidien et un produit qui rend votre cuisine plus belle, plus fonctionnelle, plus personnelle.<\/p>\n\n\n\n<div style=\"height:30px\" aria-hidden=\"true\" class=\"wp-block-spacer\"><\/div>\n\n\n\n<h1 class=\"wp-block-heading\"><strong>Comment choisir le bon \u00e9vier pour votre cuisine Mood\u201c<\/strong><\/h1>\n\n\n\n<p>Voici un guide simple et direct :<\/p>\n\n\n\n<div class=\"wp-block-media-text has-media-on-the-right is-stacked-on-mobile\"><div class=\"wp-block-media-text__content\">\n<p><strong>Vous souhaitez une cuisine \u00e9l\u00e9gante et lumineuse ?<\/strong><\/p>\n\n\n\n<p>Choisissez un \u00e9vier clair, des lignes \u00e9pur\u00e9es, un m\u00e9langeur minimal.<\/p>\n\n\n\n<h3 class=\"wp-block-heading\"><strong>Vous souhaitez une cuisine moderne avec du caract\u00e8re ?<\/strong><\/h3>\n\n\n\n<p>Optez pour un \u00e9vier fonc\u00e9 et profond avec un m\u00e9langeur noir ou en acier inoxydable.<\/p>\n\n\n\n<h3 class=\"wp-block-heading\"><strong>Vous souhaitez une cuisine cr\u00e9ative et personnelle ?<\/strong><\/h3>\n\n\n\n<p>Jouez avec les couleurs, choisissez des nuances qui vous ressemblent.<\/p>\n\n\n\n<h3 class=\"wp-block-heading\"><strong>Vous voulez une cuisine agr\u00e9able et chaleureuse ?<\/strong><\/h3>\n\n\n\n<p>Choisissez des finitions avec des textures \u201ceffet granit\u201d et des couleurs naturelles.<\/p>\n<\/div><figure class=\"wp-block-media-text__media\"><img decoding=\"async\" width=\"1024\" height=\"959\" src=\"https:\/\/www.pladostelma.com\/wp-content\/uploads\/CIRCLE-Plados-Telma-03-1024x959.jpg\" alt=\"Pierres en \u00e9quilibre sur l&#039;eau calme\" class=\"wp-image-248038 size-full\" srcset=\"https:\/\/www.pladostelma.com\/wp-content\/uploads\/CIRCLE-Plados-Telma-03-1024x959.jpg 1024w, https:\/\/www.pladostelma.com\/wp-content\/uploads\/CIRCLE-Plados-Telma-03-300x281.jpg 300w, https:\/\/www.pladostelma.com\/wp-content\/uploads\/CIRCLE-Plados-Telma-03-768x719.jpg 768w, https:\/\/www.pladostelma.com\/wp-content\/uploads\/CIRCLE-Plados-Telma-03-13x12.jpg 13w, https:\/\/www.pladostelma.com\/wp-content\/uploads\/CIRCLE-Plados-Telma-03-600x562.jpg 600w, https:\/\/www.pladostelma.com\/wp-content\/uploads\/CIRCLE-Plados-Telma-03-100x94.jpg 100w, https:\/\/www.pladostelma.com\/wp-content\/uploads\/CIRCLE-Plados-Telma-03.jpg 1237w\" sizes=\"(max-width: 1024px) 100vw, 1024px\" \/><\/figure><\/div>\n\n\n\n<p>L'\u00e9vier est le point de d\u00e9part : tout le reste en d\u00e9coule.<\/p>\n\n\n\n<div style=\"height:30px\" aria-hidden=\"true\" class=\"wp-block-spacer\"><\/div>\n\n\n\n<h1 class=\"wp-block-heading\"><strong><strong>Conclusion : le puits cr\u00e9ateur d'atmosph\u00e8re<\/strong><\/strong><\/h1>\n\n\n\n<p>La cuisine n'est pas seulement un endroit o\u00f9 l'on cuisine. C'est une pi\u00e8ce qui raconte qui vous \u00eates, comment vous vivez, ce que vous aimez, et l'\u00e9vier, souvent sous-estim\u00e9, est l'un des \u00e9l\u00e9ments qui influencent le plus l'atmosph\u00e8re de la pi\u00e8ce.<\/p>\n\n\n\n<p>Choisir un \u00e9vier Plados Telma, c'est choisir une ambiance, une \u00e9motion, une fa\u00e7on de vivre la cuisine qui combine <strong>beaut\u00e9, fonctionnalit\u00e9<\/strong>, <strong>style<\/strong> et l'incomparable <strong>qualit\u00e9 de <em>Fabriqu\u00e9 en Italie<\/em><\/strong>.<\/p>\n\n\n\n<p>Un \u00e9vier peut tout changer et la recherche de votre <strong>\u201cL'humeur de la cuisine\u201d<\/strong> commence ici.<\/p>\n\n\n\n<div class=\"wp-block-uagb-buttons uagb-buttons__outer-wrap uagb-btn__default-btn uagb-btn-tablet__default-btn uagb-btn-mobile__default-btn uagb-block-d95b7e45\"><div class=\"uagb-buttons__wrap uagb-buttons-layout-wrap\">\n<div class=\"wp-block-uagb-buttons-child uagb-buttons__outer-wrap uagb-block-2964bab5 wp-block-button\"><div class=\"uagb-button__wrapper\"><a class=\"uagb-buttons-repeater wp-block-button__link\" aria-label=\"\" href=\"https:\/\/www.pladostelma.com\/lavelli-cucina-plados\/\" rel=\"follow noopener\" target=\"_blank\" role=\"button\"><div class=\"uagb-button__link\">Plados \u00c9viers<\/div><\/a><\/div><\/div>\n\n\n\n<div class=\"wp-block-uagb-buttons-child uagb-buttons__outer-wrap uagb-block-eb4981db wp-block-button\"><div class=\"uagb-button__wrapper\"><a class=\"uagb-buttons-repeater wp-block-button__link\" aria-label=\"\" href=\"https:\/\/www.pladostelma.com\/miscelatori\/\" rel=\"follow noopener\" target=\"_blank\" role=\"button\"><div class=\"uagb-button__link\">M\u00e9langeurs Plados<\/div><\/a><\/div><\/div>\n\n\n\n<div class=\"wp-block-uagb-buttons-child uagb-buttons__outer-wrap uagb-block-a904a093 wp-block-button\"><div class=\"uagb-button__wrapper\"><a class=\"uagb-buttons-repeater wp-block-button__link\" aria-label=\"\" href=\"https:\/\/www.pladostelma.com\/elettrodomestici\/\" rel=\"follow noopener\" target=\"_blank\" role=\"button\"><div class=\"uagb-button__link\">Appareils \u00e9lectrom\u00e9nagers Plados<\/div><\/a><\/div><\/div>\n<\/div><\/div>","protected":false},"excerpt":{"rendered":"<p>La cucina \u00e8 il luogo dove si vive davvero: si cucina, si chiacchiera, si ride, si accolgono gli amici, si condividono momenti che diventano ricordi. E in questo spazio cos\u00ec importante, c\u2019\u00e8 un elemento che spesso viene sottovalutato ma che, in realt\u00e0, determina l\u2019atmosfera dell\u2019intero ambiente: il lavello. S\u00ec, proprio lui, il cuore operativo della [&hellip;]<\/p>\n","protected":false},"author":61,"featured_media":247960,"comment_status":"closed","ping_status":"closed","sticky":false,"template":"","format":"standard","meta":{"_acf_changed":false,"_seopress_robots_primary_cat":"none","_seopress_titles_title":"Come il Lavello pu\u00f2 Cambiare l\u2019Atmosfera della Cucina: Guida al \u201cKitchen Mood\u201d","_seopress_titles_desc":"Scopri come il lavello definisce stile e atmosfera della cucina. Colori, texture e design per creare il tuo Kitchen Mood con Plados Telma.","_seopress_robots_index":"","_uag_custom_page_level_css":"","iawp_total_views":188,"uix_meta_title":"","uix_meta_description":"","uix_canonical_url":"","footnotes":""},"categories":[79],"tags":[],"class_list":["post-248212","post","type-post","status-publish","format-standard","has-post-thumbnail","hentry","category-news"],"acf":[],"uagb_featured_image_src":{"full":["https:\/\/www.pladostelma.com\/wp-content\/uploads\/NF9910_AMB_ESP_low.jpg",2173,1960,false],"thumbnail":["https:\/\/www.pladostelma.com\/wp-content\/uploads\/NF9910_AMB_ESP_low-150x150.jpg",150,150,true],"medium":["https:\/\/www.pladostelma.com\/wp-content\/uploads\/NF9910_AMB_ESP_low-300x300.jpg",300,300,true],"medium_large":["https:\/\/www.pladostelma.com\/wp-content\/uploads\/NF9910_AMB_ESP_low-768x768.jpg",768,768,true],"large":["https:\/\/www.pladostelma.com\/wp-content\/uploads\/NF9910_AMB_ESP_low-1024x1024.jpg",1024,1024,true],"1536x1536":["https:\/\/www.pladostelma.com\/wp-content\/uploads\/NF9910_AMB_ESP_low.jpg",1536,1385,false],"2048x2048":["https:\/\/www.pladostelma.com\/wp-content\/uploads\/NF9910_AMB_ESP_low.jpg",2048,1847,false],"trp-custom-language-flag":["https:\/\/www.pladostelma.com\/wp-content\/uploads\/NF9910_AMB_ESP_low.jpg",13,12,false],"woocommerce_thumbnail":["https:\/\/www.pladostelma.com\/wp-content\/uploads\/NF9910_AMB_ESP_low-300x300.jpg",300,300,true],"woocommerce_single":["https:\/\/www.pladostelma.com\/wp-content\/uploads\/NF9910_AMB_ESP_low-600x600.jpg",600,600,true],"woocommerce_gallery_thumbnail":["https:\/\/www.pladostelma.com\/wp-content\/uploads\/NF9910_AMB_ESP_low-100x100.jpg",100,100,true],"variation_swatches_image_size":["https:\/\/www.pladostelma.com\/wp-content\/uploads\/NF9910_AMB_ESP_low.jpg",50,45,false],"variation_swatches_tooltip_size":["https:\/\/www.pladostelma.com\/wp-content\/uploads\/NF9910_AMB_ESP_low.jpg",100,90,false]},"uagb_author_info":{"display_name":"PladosTelma","author_link":"https:\/\/www.pladostelma.com\/fr\/author\/pladostelma\/"},"uagb_comment_info":0,"uagb_excerpt":"La cucina \u00e8 il luogo dove si vive davvero: si cucina, si chiacchiera, si ride, si accolgono gli amici, si condividono momenti che diventano ricordi. E in questo spazio cos\u00ec importante, c\u2019\u00e8 un elemento che spesso viene sottovalutato ma che, in realt\u00e0, determina l\u2019atmosfera dell\u2019intero ambiente: il lavello. S\u00ec, proprio lui, il cuore operativo della\u2026","_links":{"self":[{"href":"https:\/\/www.pladostelma.com\/fr\/wp-json\/wp\/v2\/posts\/248212","targetHints":{"allow":["GET"]}}],"collection":[{"href":"https:\/\/www.pladostelma.com\/fr\/wp-json\/wp\/v2\/posts"}],"about":[{"href":"https:\/\/www.pladostelma.com\/fr\/wp-json\/wp\/v2\/types\/post"}],"author":[{"embeddable":true,"href":"https:\/\/www.pladostelma.com\/fr\/wp-json\/wp\/v2\/users\/61"}],"replies":[{"embeddable":true,"href":"https:\/\/www.pladostelma.com\/fr\/wp-json\/wp\/v2\/comments?post=248212"}],"version-history":[{"count":0,"href":"https:\/\/www.pladostelma.com\/fr\/wp-json\/wp\/v2\/posts\/248212\/revisions"}],"wp:featuredmedia":[{"embeddable":true,"href":"https:\/\/www.pladostelma.com\/fr\/wp-json\/wp\/v2\/media\/247960"}],"wp:attachment":[{"href":"https:\/\/www.pladostelma.com\/fr\/wp-json\/wp\/v2\/media?parent=248212"}],"wp:term":[{"taxonomy":"category","embeddable":true,"href":"https:\/\/www.pladostelma.com\/fr\/wp-json\/wp\/v2\/categories?post=248212"},{"taxonomy":"post_tag","embeddable":true,"href":"https:\/\/www.pladostelma.com\/fr\/wp-json\/wp\/v2\/tags?post=248212"}],"curies":[{"name":"wp","href":"https:\/\/api.w.org\/{rel}","templated":true}]}}