{"id":248099,"date":"2025-08-28T12:53:12","date_gmt":"2025-08-28T10:53:12","guid":{"rendered":"https:\/\/www.pladostelma.com\/?p=248099"},"modified":"2025-08-28T12:53:16","modified_gmt":"2025-08-28T10:53:16","slug":"plados-e-la-sostenibilita-ambientale","status":"publish","type":"post","link":"https:\/\/www.pladostelma.com\/fr\/news\/plados-e-la-sostenibilita-ambientale\/","title":{"rendered":"Plados et la durabilit\u00e9 environnementale : un engagement certifi\u00e9 et concret"},"content":{"rendered":"<p>Depuis plus de 25 ans, Plados Telma s'est distingu\u00e9e comme une industrie capable de combiner <strong>l'innovation<\/strong>, <strong>qualit\u00e9<\/strong> e <strong>responsabilit\u00e9 environnementale<\/strong>.<\/p>\n\n\n\n<p>Notre vision repose sur la prise de conscience que chaque d\u00e9cision d'entreprise peut g\u00e9n\u00e9rer non seulement une valeur \u00e9conomique, mais aussi <strong>sociale<\/strong> et <strong>\u00e9cologique<\/strong>.<\/p>\n\n\n\n<p>Par cons\u00e9quent, notre chemin vers la durabilit\u00e9 est le suivant <strong>structur\u00e9<\/strong>, <strong>mesurable<\/strong> e <strong>not\u00e9e<\/strong> au niveau international.<\/p>\n\n\n\n<h2 class=\"wp-block-heading\"><strong>Syst\u00e8me de gestion environnementale certifi\u00e9 ISO 14001<\/strong><\/h2>\n\n\n\n<p>Notre certification <strong>ISO 14001:2015<\/strong> est la preuve concr\u00e8te d'un syst\u00e8me organis\u00e9 et proactif de contr\u00f4le et d'am\u00e9lioration de l'impact environnemental de nos activit\u00e9s.<\/p>\n\n\n\n<p>Il ne s'agit pas d'une obligation, mais d'un choix conscient : <strong>D\u00e9finir<\/strong>, <strong>mettre en \u0153uvre<\/strong> e <strong>affiner<\/strong> une politique environnementale de l'entreprise \u00e0 tous les stades du cycle de production.<\/p>\n\n\n\n<p>De l'approvisionnement en mati\u00e8res premi\u00e8res \u00e0 la fabrication d'\u00e9viers qui r\u00e9duisent la consommation d'\u00e9nergie et d'eau, chaque choix est guid\u00e9 par des principes de responsabilit\u00e9 \u00e9cologique.<\/p>\n\n\n\n<p>Qui choisit<strong> Plados<\/strong>choisit \u00e9galement une industrie qui agit pour un avenir plus durable.<\/p>\n\n\n<div class=\"wp-block-image\">\n<figure class=\"aligncenter size-large is-resized\"><img decoding=\"async\" width=\"1024\" height=\"686\" src=\"https:\/\/www.pladostelma.com\/wp-content\/uploads\/progetto_life_green_composite-1024x686.jpg\" alt=\"\" class=\"wp-image-245682\" style=\"width:587px;height:auto\" srcset=\"https:\/\/www.pladostelma.com\/wp-content\/uploads\/progetto_life_green_composite-1024x686.jpg 1024w, https:\/\/www.pladostelma.com\/wp-content\/uploads\/progetto_life_green_composite-300x201.jpg 300w, https:\/\/www.pladostelma.com\/wp-content\/uploads\/progetto_life_green_composite-768x514.jpg 768w, https:\/\/www.pladostelma.com\/wp-content\/uploads\/progetto_life_green_composite-1536x1028.jpg 1536w, https:\/\/www.pladostelma.com\/wp-content\/uploads\/progetto_life_green_composite-2048x1371.jpg 2048w, https:\/\/www.pladostelma.com\/wp-content\/uploads\/progetto_life_green_composite-18x12.jpg 18w, https:\/\/www.pladostelma.com\/wp-content\/uploads\/progetto_life_green_composite-600x402.jpg 600w, https:\/\/www.pladostelma.com\/wp-content\/uploads\/progetto_life_green_composite-100x67.jpg 100w\" sizes=\"(max-width: 1024px) 100vw, 1024px\" \/><\/figure><\/div>\n\n\n<h2 class=\"wp-block-heading\"><strong>\u00c9nergie solaire et r\u00e9duction des \u00e9missions<\/strong><\/h2>\n\n\n\n<p>Notre engagement \u00e0 r\u00e9duire la consommation d'\u00e9nergie se traduit par des actions concr\u00e8tes, telles que l'installation d'un syst\u00e8me photovolta\u00efque sur les toits de nos usines.<\/p>\n\n\n\n<p>Gr\u00e2ce \u00e0 cet investissement :<\/p>\n\n\n\n<ul class=\"wp-block-list\">\n<li><strong>Jusqu'\u00e0 40% de la demande d'\u00e9nergie est couverte par rinnovabili sources<\/strong>;<\/li>\n\n\n\n<li><strong>Nous \u00e9vitons l'\u00e9mission d'environ 300 tonnes de CO\u2082 par an.<\/strong>;<\/li>\n\n\n\n<li><strong>Cette \u00e9conomie \u00e9quivaut \u00e0 20 000 arbres n\u00e9cessaires pour compenser la m\u00eame quantit\u00e9 de gaz \u00e0 effet de serre.<\/strong>.<\/li>\n<\/ul>\n\n\n<div class=\"wp-block-image\">\n<figure class=\"aligncenter size-large is-resized\"><img decoding=\"async\" width=\"1024\" height=\"683\" src=\"https:\/\/www.pladostelma.com\/wp-content\/uploads\/FOTOVOLTAICO-1024x683.jpg\" alt=\"\" class=\"wp-image-239342\" style=\"width:591px;height:auto\" srcset=\"https:\/\/www.pladostelma.com\/wp-content\/uploads\/FOTOVOLTAICO-1024x683.jpg 1024w, https:\/\/www.pladostelma.com\/wp-content\/uploads\/FOTOVOLTAICO-300x200.jpg 300w, https:\/\/www.pladostelma.com\/wp-content\/uploads\/FOTOVOLTAICO-768x512.jpg 768w, https:\/\/www.pladostelma.com\/wp-content\/uploads\/FOTOVOLTAICO-1536x1024.jpg 1536w, https:\/\/www.pladostelma.com\/wp-content\/uploads\/FOTOVOLTAICO-18x12.jpg 18w, https:\/\/www.pladostelma.com\/wp-content\/uploads\/FOTOVOLTAICO-600x400.jpg 600w, https:\/\/www.pladostelma.com\/wp-content\/uploads\/FOTOVOLTAICO-100x67.jpg 100w, https:\/\/www.pladostelma.com\/wp-content\/uploads\/FOTOVOLTAICO.jpg 1920w\" sizes=\"(max-width: 1024px) 100vw, 1024px\" \/><figcaption class=\"wp-element-caption\">Syst\u00e8me solaire PV sur toiture Fond de ciel nuageux<\/figcaption><\/figure><\/div>\n\n\n<h2 class=\"wp-block-heading\"><strong>Une r\u00e9volution durable globale<\/strong><\/h2>\n\n\n\n<p>L'<strong>\u00e2me verte<\/strong> par <strong>Plados<\/strong> traverse toute la cha\u00eene de valeur :<\/p>\n\n\n\n<ul class=\"wp-block-list\">\n<li><strong>S\u00e9lection des mati\u00e8res premi\u00e8res ;<\/strong><\/li>\n\n\n\n<li><strong>Des processus de production efficaces ;<\/strong><\/li>\n\n\n\n<li><strong>Optimiser l'utilisation des ressources ;<\/strong><\/li>\n\n\n\n<li><strong>\u00c9tudier le cycle de vie des produits.<\/strong><\/li>\n<\/ul>\n\n\n\n<p>Dans cette perspective, l'environnement n'est pas une variable externe, mais un \u00e9l\u00e9ment interconnect\u00e9 \u00e0 l'environnement. <strong>la qualit\u00e9 des produits<\/strong> et le <strong>le bien-\u00eatre des personnes<\/strong>.<\/p>\n\n\n\n<h2 class=\"wp-block-heading\"><strong>Emballage 100% sans plastique<\/strong><\/h2>\n\n\n\n<p><strong>L'emballage parle aussi le langage de la durabilit\u00e9<\/strong>. Apr\u00e8s d'intenses travaux de recherche et de d\u00e9veloppement, nous avons introduit des emballages enti\u00e8rement exempts de plastique, fabriqu\u00e9s \u00e0 l'\u00e9tranger. <strong>100% en carton certifi\u00e9 FSC<\/strong>.<\/p>\n\n\n\n<p>Ses principales caract\u00e9ristiques :<\/p>\n\n\n\n<ul class=\"wp-block-list\">\n<li><strong>Z\u00e9ro plastique<\/strong> interne et externe<\/li>\n\n\n\n<li><strong>Impact environnemental neutre<\/strong> par la r\u00e9duction des \u00e9missions tout au long du cycle de vie<\/li>\n\n\n\n<li><strong>Mat\u00e9riaux biod\u00e9gradables et naturels<\/strong> la protection de la biodiversit\u00e9<\/li>\n\n\n\n<li><strong>100% recyclable<\/strong>conform\u00e9ment aux principes de l'\u00e9conomie circulaire<\/li>\n\n\n\n<li><strong>S\u00e9curit\u00e9 garantie<\/strong> selon les tests internationaux ISTA 1C<\/li>\n<\/ul>\n\n\n<div class=\"wp-block-image\">\n<figure class=\"aligncenter size-large is-resized\"><img decoding=\"async\" width=\"819\" height=\"1024\" src=\"https:\/\/www.pladostelma.com\/wp-content\/uploads\/100plasticfree-819x1024.jpg\" alt=\"Illustrazione baleine, 100% sans plastique\" class=\"wp-image-247834\" style=\"width:386px;height:auto\" srcset=\"https:\/\/www.pladostelma.com\/wp-content\/uploads\/100plasticfree-819x1024.jpg 819w, https:\/\/www.pladostelma.com\/wp-content\/uploads\/100plasticfree-240x300.jpg 240w, https:\/\/www.pladostelma.com\/wp-content\/uploads\/100plasticfree-768x960.jpg 768w, https:\/\/www.pladostelma.com\/wp-content\/uploads\/100plasticfree-10x12.jpg 10w, https:\/\/www.pladostelma.com\/wp-content\/uploads\/100plasticfree-480x600.jpg 480w, https:\/\/www.pladostelma.com\/wp-content\/uploads\/100plasticfree-80x100.jpg 80w, https:\/\/www.pladostelma.com\/wp-content\/uploads\/100plasticfree.jpg 1024w\" sizes=\"(max-width: 819px) 100vw, 819px\" \/><\/figure><\/div>\n\n\n<h2 class=\"wp-block-heading\"><strong>Conclusion : pour l'environnement et pour l'homme<\/strong><\/h2>\n\n\n\n<p>Chez Plados, nous pensons que la durabilit\u00e9 signifie <strong>engagement quotidien<\/strong>, <strong>des choix coh\u00e9rents<\/strong> e <strong>investissements prospectifs<\/strong>.<\/p>\n\n\n\n<p>Chaque innovation technologique, chaque \u00e9vier que nous produisons, chaque d\u00e9tail de notre emballage raconte une histoire de respect de l'environnement et de confiance en l'avenir.<\/p>\n\n\n\n<p><strong>Un choix responsable aujourd'hui, pour une meilleure cuisine et une meilleure plan\u00e8te demain.<\/strong><\/p>\n\n\n\n<p><\/p>","protected":false},"excerpt":{"rendered":"<p>Da oltre 25 anni, Plados Telma si distingue come realt\u00e0 industriale capace di coniugare innovazione, qualit\u00e0 e responsabilit\u00e0 ambientale. Alla base della nostra visione, c\u2019\u00e8 la consapevolezza che ogni scelta aziendale pu\u00f2 generare valore non solo economico, ma anche sociale ed ecologico. Per questo, il nostro percorso verso la sostenibilit\u00e0 \u00e8 strutturato, misurabile e riconosciuto [&hellip;]<\/p>\n","protected":false},"author":61,"featured_media":248104,"comment_status":"closed","ping_status":"closed","sticky":false,"template":"","format":"standard","meta":{"_acf_changed":false,"_seopress_robots_primary_cat":"none","_seopress_titles_title":"","_seopress_titles_desc":"","_seopress_robots_index":"","_uag_custom_page_level_css":"","iawp_total_views":1140,"uix_meta_title":"","uix_meta_description":"","uix_canonical_url":"","footnotes":""},"categories":[79],"tags":[],"class_list":["post-248099","post","type-post","status-publish","format-standard","has-post-thumbnail","hentry","category-news"],"acf":[],"uagb_featured_image_src":{"full":["https:\/\/www.pladostelma.com\/wp-content\/uploads\/Plados-sostenibilita-ambientale-scaled.jpg",2560,1440,false],"thumbnail":["https:\/\/www.pladostelma.com\/wp-content\/uploads\/Plados-sostenibilita-ambientale-150x150.jpg",150,150,true],"medium":["https:\/\/www.pladostelma.com\/wp-content\/uploads\/Plados-sostenibilita-ambientale-300x169.jpg",300,169,true],"medium_large":["https:\/\/www.pladostelma.com\/wp-content\/uploads\/Plados-sostenibilita-ambientale-768x432.jpg",768,432,true],"large":["https:\/\/www.pladostelma.com\/wp-content\/uploads\/Plados-sostenibilita-ambientale-1024x576.jpg",1024,576,true],"1536x1536":["https:\/\/www.pladostelma.com\/wp-content\/uploads\/Plados-sostenibilita-ambientale-1536x864.jpg",1536,864,true],"2048x2048":["https:\/\/www.pladostelma.com\/wp-content\/uploads\/Plados-sostenibilita-ambientale-2048x1152.jpg",2048,1152,true],"trp-custom-language-flag":["https:\/\/www.pladostelma.com\/wp-content\/uploads\/Plados-sostenibilita-ambientale-18x10.jpg",18,10,true],"woocommerce_thumbnail":["https:\/\/www.pladostelma.com\/wp-content\/uploads\/Plados-sostenibilita-ambientale-300x169.jpg",300,169,true],"woocommerce_single":["https:\/\/www.pladostelma.com\/wp-content\/uploads\/Plados-sostenibilita-ambientale-600x338.jpg",600,338,true],"woocommerce_gallery_thumbnail":["https:\/\/www.pladostelma.com\/wp-content\/uploads\/Plados-sostenibilita-ambientale-100x56.jpg",100,56,true],"variation_swatches_image_size":["https:\/\/www.pladostelma.com\/wp-content\/uploads\/Plados-sostenibilita-ambientale-50x50.jpg",50,50,true],"variation_swatches_tooltip_size":["https:\/\/www.pladostelma.com\/wp-content\/uploads\/Plados-sostenibilita-ambientale-100x100.jpg",100,100,true]},"uagb_author_info":{"display_name":"PladosTelma","author_link":"https:\/\/www.pladostelma.com\/fr\/author\/pladostelma\/"},"uagb_comment_info":0,"uagb_excerpt":"Da oltre 25 anni, Plados Telma si distingue come realt\u00e0 industriale capace di coniugare innovazione, qualit\u00e0 e responsabilit\u00e0 ambientale. Alla base della nostra visione, c\u2019\u00e8 la consapevolezza che ogni scelta aziendale pu\u00f2 generare valore non solo economico, ma anche sociale ed ecologico. Per questo, il nostro percorso verso la sostenibilit\u00e0 \u00e8 strutturato, misurabile e riconosciuto\u2026","_links":{"self":[{"href":"https:\/\/www.pladostelma.com\/fr\/wp-json\/wp\/v2\/posts\/248099","targetHints":{"allow":["GET"]}}],"collection":[{"href":"https:\/\/www.pladostelma.com\/fr\/wp-json\/wp\/v2\/posts"}],"about":[{"href":"https:\/\/www.pladostelma.com\/fr\/wp-json\/wp\/v2\/types\/post"}],"author":[{"embeddable":true,"href":"https:\/\/www.pladostelma.com\/fr\/wp-json\/wp\/v2\/users\/61"}],"replies":[{"embeddable":true,"href":"https:\/\/www.pladostelma.com\/fr\/wp-json\/wp\/v2\/comments?post=248099"}],"version-history":[{"count":0,"href":"https:\/\/www.pladostelma.com\/fr\/wp-json\/wp\/v2\/posts\/248099\/revisions"}],"wp:featuredmedia":[{"embeddable":true,"href":"https:\/\/www.pladostelma.com\/fr\/wp-json\/wp\/v2\/media\/248104"}],"wp:attachment":[{"href":"https:\/\/www.pladostelma.com\/fr\/wp-json\/wp\/v2\/media?parent=248099"}],"wp:term":[{"taxonomy":"category","embeddable":true,"href":"https:\/\/www.pladostelma.com\/fr\/wp-json\/wp\/v2\/categories?post=248099"},{"taxonomy":"post_tag","embeddable":true,"href":"https:\/\/www.pladostelma.com\/fr\/wp-json\/wp\/v2\/tags?post=248099"}],"curies":[{"name":"wp","href":"https:\/\/api.w.org\/{rel}","templated":true}]}}