{"id":248053,"date":"2025-06-20T10:43:25","date_gmt":"2025-06-20T08:43:25","guid":{"rendered":"https:\/\/www.pladostelma.com\/?p=248053"},"modified":"2025-06-20T10:52:36","modified_gmt":"2025-06-20T08:52:36","slug":"life-green-composite-final-seminar","status":"publish","type":"post","link":"https:\/\/www.pladostelma.com\/fr\/uncategorized\/life-green-composite-final-seminar\/","title":{"rendered":"S\u00c9MINAIRE FINAL SUR LES COMPOSITES \u00c9COLOGIQUES"},"content":{"rendered":"<div class=\"wp-block-columns is-layout-flex wp-container-core-columns-is-layout-9d6595d7 wp-block-columns-is-layout-flex\">\n<div class=\"wp-block-column is-layout-flow wp-block-column-is-layout-flow\" style=\"flex-basis:66.66%\">\n<p>\u00c0 l'approche de la conclusion du projet europ\u00e9en\u00a0<strong>COMPOSITE VERT DE VIE<\/strong>nous avons le plaisir de vous inviter \u00e0 la\u00a0<strong>S\u00e9minaire final<\/strong>qui se tiendra :<br><br><b>JEUDI 10 JUILLET 2025,<\/b>\u00a0<br>\u00e0 la<strong>Universit\u00e9 de Camerino<\/strong>,\u00a0<strong>Salle \"Carlo Urbani<\/strong>,<br>avec une visite ult\u00e9rieure \u00e0 la\u00a0<strong>Ateliers MARLIC<\/strong>. <br><br>Au cours de l'\u00e9v\u00e9nement, nous partagerons les\u00a0<strong>principaux r\u00e9sultats<\/strong>\u00a0du projet,\u00a0<strong>\u00e9viers et panneaux verts<\/strong>et ouvrir une discussion sur le potentiel d'application du sous-produit <strong>granul\u00e9s verts<\/strong>\u00e9galement dans des domaines alternatifs aux panneaux composites. <br>Nous nous r\u00e9jouissons de votre participation, convaincus que votre pr\u00e9sence apportera une contribution pr\u00e9cieuse au d\u00e9bat final. <br><br>\ud83d\udccc Tous les d\u00e9tails du projet sont disponibles sur le lien suivant :<br>\ud83d\udc49\u00a0<a href=\"https:\/\/www.pladostelma.com\/life-green-composite\">https:\/\/www.pladostelma.com\/life-green-composite<\/a><br><br>Le programme de l'\u00e9v\u00e9nement peut \u00eatre t\u00e9l\u00e9charg\u00e9 ci-dessous :<\/p>\n<\/div>\n\n\n\n<div class=\"wp-block-column is-layout-flow wp-block-column-is-layout-flow\" style=\"flex-basis:33.33%\">\n<figure class=\"wp-block-image size-large is-resized\"><img decoding=\"async\" width=\"533\" height=\"1024\" src=\"https:\/\/www.pladostelma.com\/wp-content\/uploads\/save_the_date-533x1024.jpg\" alt=\"S\u00e9minaire LIFE Green Composite \u00e0 Camerino.\" class=\"wp-image-248060\" style=\"width:auto;height:480px\" srcset=\"https:\/\/www.pladostelma.com\/wp-content\/uploads\/save_the_date-533x1024.jpg 533w, https:\/\/www.pladostelma.com\/wp-content\/uploads\/save_the_date-156x300.jpg 156w, https:\/\/www.pladostelma.com\/wp-content\/uploads\/save_the_date-768x1476.jpg 768w, https:\/\/www.pladostelma.com\/wp-content\/uploads\/save_the_date-799x1536.jpg 799w, https:\/\/www.pladostelma.com\/wp-content\/uploads\/save_the_date-6x12.jpg 6w, https:\/\/www.pladostelma.com\/wp-content\/uploads\/save_the_date-312x600.jpg 312w, https:\/\/www.pladostelma.com\/wp-content\/uploads\/save_the_date-52x100.jpg 52w, https:\/\/www.pladostelma.com\/wp-content\/uploads\/save_the_date.jpg 1020w\" sizes=\"(max-width: 533px) 100vw, 533px\" \/><\/figure>\n<\/div>\n<\/div>\n\n\n\n<div style=\"height:25px\" aria-hidden=\"true\" class=\"wp-block-spacer\"><\/div>\n\n\n\n<div class=\"wp-block-columns is-layout-flex wp-container-core-columns-is-layout-9d6595d7 wp-block-columns-is-layout-flex\">\n<div class=\"wp-block-column is-layout-flow wp-block-column-is-layout-flow\">\n<div data-wp-interactive=\"core\/file\" class=\"wp-block-file\"><object data-wp-bind--hidden=\"!state.hasPdfPreview\" hidden class=\"wp-block-file__embed\" data=\"https:\/\/www.pladostelma.com\/wp-content\/uploads\/Locandina_finale.pdf\" type=\"application\/pdf\" style=\"width:100%;height:1073px\" aria-label=\"Contenu embarqu\u00e9 Locandina_finale.\"><\/object><a id=\"wp-block-file--media-b680d7c5-795f-4e38-9c1f-4b65db6558a3\" href=\"https:\/\/www.pladostelma.com\/wp-content\/uploads\/Locandina_finale.pdf\">Poster_final<\/a><a href=\"https:\/\/www.pladostelma.com\/wp-content\/uploads\/Locandina_finale.pdf\" class=\"wp-block-file__button wp-element-button\" download aria-describedby=\"wp-block-file--media-b680d7c5-795f-4e38-9c1f-4b65db6558a3\">T\u00e9l\u00e9charger<\/a><\/div>\n\n\n\n<p><\/p>\n\n\n\n<p><\/p>\n\n\n\n<p><\/p>\n\n\n\n<p><\/p>\n\n\n\n<p><\/p>\n\n\n\n<p><\/p>\n\n\n\n<p><\/p>\n\n\n\n<p><\/p>\n<\/div>\n<\/div>\n\n\n\n<p><\/p>","protected":false},"excerpt":{"rendered":"<p>Con l\u2019avvicinarsi della conclusione del progetto europeo\u00a0LIFE GREEN COMPOSITE, abbiamo il piacere di invitarvi al\u00a0Seminario finale, che si terr\u00e0: GIOVED\u00cc 10 LUGLIO 2025,\u00a0presso l\u2019Universit\u00e0 di Camerino,\u00a0sala \u201cCarlo Urbani\u201d,con successiva visita ai\u00a0laboratori MARLIC. Durante l\u2019evento condivideremo i\u00a0risultati principali\u00a0del progetto,\u00a0lavelli e pannelli green,\u00a0e apriremo un momento di confronto sulle potenzialit\u00e0 applicative\u00a0del sottoprodotto granulato green, anche in ambiti [&hellip;]<\/p>\n","protected":false},"author":2,"featured_media":0,"comment_status":"closed","ping_status":"closed","sticky":false,"template":"","format":"standard","meta":{"_acf_changed":false,"_seopress_robots_primary_cat":"none","_seopress_titles_title":"","_seopress_titles_desc":"","_seopress_robots_index":"","_uag_custom_page_level_css":"","iawp_total_views":14,"uix_meta_title":"","uix_meta_description":"","uix_canonical_url":"","footnotes":""},"categories":[1],"tags":[],"class_list":["post-248053","post","type-post","status-publish","format-standard","hentry","category-uncategorized"],"acf":[],"uagb_featured_image_src":{"full":false,"thumbnail":false,"medium":false,"medium_large":false,"large":false,"1536x1536":false,"2048x2048":false,"trp-custom-language-flag":false,"woocommerce_thumbnail":false,"woocommerce_single":false,"woocommerce_gallery_thumbnail":false,"variation_swatches_image_size":false,"variation_swatches_tooltip_size":false},"uagb_author_info":{"display_name":"Luca Cavaleri","author_link":"https:\/\/www.pladostelma.com\/fr\/author\/luca\/"},"uagb_comment_info":0,"uagb_excerpt":"Con l\u2019avvicinarsi della conclusione del progetto europeo\u00a0LIFE GREEN COMPOSITE, abbiamo il piacere di invitarvi al\u00a0Seminario finale, che si terr\u00e0: GIOVED\u00cc 10 LUGLIO 2025,\u00a0presso l\u2019Universit\u00e0 di Camerino,\u00a0sala \u201cCarlo Urbani\u201d,con successiva visita ai\u00a0laboratori MARLIC. Durante l\u2019evento condivideremo i\u00a0risultati principali\u00a0del progetto,\u00a0lavelli e pannelli green,\u00a0e apriremo un momento di confronto sulle potenzialit\u00e0 applicative\u00a0del sottoprodotto granulato green, anche in ambiti\u2026","_links":{"self":[{"href":"https:\/\/www.pladostelma.com\/fr\/wp-json\/wp\/v2\/posts\/248053","targetHints":{"allow":["GET"]}}],"collection":[{"href":"https:\/\/www.pladostelma.com\/fr\/wp-json\/wp\/v2\/posts"}],"about":[{"href":"https:\/\/www.pladostelma.com\/fr\/wp-json\/wp\/v2\/types\/post"}],"author":[{"embeddable":true,"href":"https:\/\/www.pladostelma.com\/fr\/wp-json\/wp\/v2\/users\/2"}],"replies":[{"embeddable":true,"href":"https:\/\/www.pladostelma.com\/fr\/wp-json\/wp\/v2\/comments?post=248053"}],"version-history":[{"count":0,"href":"https:\/\/www.pladostelma.com\/fr\/wp-json\/wp\/v2\/posts\/248053\/revisions"}],"wp:attachment":[{"href":"https:\/\/www.pladostelma.com\/fr\/wp-json\/wp\/v2\/media?parent=248053"}],"wp:term":[{"taxonomy":"category","embeddable":true,"href":"https:\/\/www.pladostelma.com\/fr\/wp-json\/wp\/v2\/categories?post=248053"},{"taxonomy":"post_tag","embeddable":true,"href":"https:\/\/www.pladostelma.com\/fr\/wp-json\/wp\/v2\/tags?post=248053"}],"curies":[{"name":"wp","href":"https:\/\/api.w.org\/{rel}","templated":true}]}}