{"id":248024,"date":"2025-07-16T17:01:21","date_gmt":"2025-07-16T15:01:21","guid":{"rendered":"https:\/\/www.pladostelma.com\/?p=248024"},"modified":"2025-07-16T17:29:03","modified_gmt":"2025-07-16T15:29:03","slug":"la-gamma-colori-plados-tra-materiali-innovativi-e-una-profonda-ricerca-estetica","status":"publish","type":"post","link":"https:\/\/www.pladostelma.com\/fr\/news\/la-gamma-colori-plados-tra-materiali-innovativi-e-una-profonda-ricerca-estetica\/","title":{"rendered":"La gamme de couleurs Plados : entre mat\u00e9riaux innovants et recherche esth\u00e9tique profonde"},"content":{"rendered":"<p>Chez Plados, nous pensons que chaque d\u00e9tail contribue \u00e0 cr\u00e9er une cuisine qui n'est pas seulement fonctionnelle, mais aussi une \u0153uvre d'art. Nos \u00e9viers en mat\u00e9riau composite sont con\u00e7us avec passion et d\u00e9vouement, fruit d'ann\u00e9es de recherche et d'innovations technologiques qui tiennent compte de l'\u00e9volution de la technologie. <strong>durabilit\u00e9<\/strong>les <strong>design<\/strong> et le<strong>l'excellence<\/strong> qualit\u00e9. Dans cet article, nous vous proposons de d\u00e9couvrir notre gamme de couleurs raffin\u00e9es, un univers de nuances con\u00e7u dans les moindres d\u00e9tails pour rendre chaque pi\u00e8ce unique et chaleureuse.<\/p>\n\n\n\n<h2 class=\"wp-block-heading\">Le c\u0153ur de la recherche : qualit\u00e9, innovation et durabilit\u00e9<\/h2>\n\n\n\n<p>Notre engagement quotidien se refl\u00e8te dans notre choix de mat\u00e9riaux et de processus de production de pointe. La cha\u00eene de valeur de Plados se caract\u00e9rise par une attention particuli\u00e8re port\u00e9e \u00e0 la r\u00e9duction de l'impact environnemental et par une recherche incessante de l'excellence. Par exemple, dans l'usine de <strong>RINNOVA<\/strong> nous avons repens\u00e9 l'utilisation des mati\u00e8res premi\u00e8res, pour aboutir \u00e0 des \u00e9viers compos\u00e9s de plus de 90% de composants rinnovabili. Ce choix, en plus de garantir des performances techniques \u00e9gales aux m\u00e9thodes traditionnelles, c\u00e9l\u00e8bre un avenir plus vert et plus conscient.<\/p>\n\n\n\n<h2 class=\"wp-block-heading\">RINNOVA : L'\u00e9l\u00e9gance \u00e9co-durable<\/h2>\n\n\n\n<p>La ligne <strong>RINNOVA<\/strong> repr\u00e9sente la combinaison parfaite de l'innovation \u00e9cologique et de la beaut\u00e9 esth\u00e9tique. Les couleurs con\u00e7ues pour cette s\u00e9rie sont le r\u00e9sultat d'\u00e9tudes approfondies et de tests minutieux, garantissant une performance colorim\u00e9trique durable et visuellement saisissante :<\/p>\n\n\n\n<ul class=\"wp-block-list\">\n<li><strong>R1 - Arctic White :<\/strong> Un blanc pur et lumineux, rappelant la puret\u00e9 des Alpes enneig\u00e9es et apportant une fra\u00eecheur instantan\u00e9e \u00e0 toute pi\u00e8ce.<\/li>\n\n\n\n<li><strong>R2 - Dune Beige :<\/strong> Une teinte chaude et naturelle inspir\u00e9e des courbes douces des dunes, parfaite pour cr\u00e9er des atmosph\u00e8res douces et \u00e9quilibr\u00e9es.<\/li>\n\n\n\n<li><strong>R3 - Pierre d'alpage :<\/strong> Une couleur qui \u00e9voque la solidit\u00e9 des roches alpines, caract\u00e9ris\u00e9e par des tons neutres et raffin\u00e9s, id\u00e9ale pour les espaces au design minimaliste.<\/li>\n\n\n\n<li><strong>R4 - Volcano Black :<\/strong> Un noir intense et profond, qui rappelle la puissance de la lave refroidie et lui conf\u00e8re une touche d'\u00e9l\u00e9gance sophistiqu\u00e9e.<\/li>\n<\/ul>\n\n\n<div class=\"wp-block-image\">\n<figure class=\"aligncenter size-large\"><img decoding=\"async\" width=\"1006\" height=\"1024\" src=\"https:\/\/www.pladostelma.com\/wp-content\/uploads\/Colori-RN-no-logo-1006x1024.jpg\" alt=\"\u00c9vier moderne noir avec l\u00e9gumes et robinetterie \u00e9l\u00e9gante.\" class=\"wp-image-248080\" srcset=\"https:\/\/www.pladostelma.com\/wp-content\/uploads\/Colori-RN-no-logo-1006x1024.jpg 1006w, https:\/\/www.pladostelma.com\/wp-content\/uploads\/Colori-RN-no-logo-295x300.jpg 295w, https:\/\/www.pladostelma.com\/wp-content\/uploads\/Colori-RN-no-logo-768x782.jpg 768w, https:\/\/www.pladostelma.com\/wp-content\/uploads\/Colori-RN-no-logo-1509x1536.jpg 1509w, https:\/\/www.pladostelma.com\/wp-content\/uploads\/Colori-RN-no-logo-12x12.jpg 12w, https:\/\/www.pladostelma.com\/wp-content\/uploads\/Colori-RN-no-logo-590x600.jpg 590w, https:\/\/www.pladostelma.com\/wp-content\/uploads\/Colori-RN-no-logo-98x100.jpg 98w, https:\/\/www.pladostelma.com\/wp-content\/uploads\/Colori-RN-no-logo-50x50.jpg 50w, https:\/\/www.pladostelma.com\/wp-content\/uploads\/Colori-RN-no-logo.jpg 1634w\" sizes=\"(max-width: 1006px) 100vw, 1006px\" \/><\/figure><\/div>\n\n\n<p>Chaque abat-jour a \u00e9t\u00e9 con\u00e7u non seulement pour am\u00e9liorer l'effet esth\u00e9tique, mais aussi pour s'int\u00e9grer parfaitement aux diff\u00e9rents styles de cuisine, en cr\u00e9ant des environnements qui mettent en valeur la lumi\u00e8re et spazio.<\/p>\n\n\n\n<p>l'effet de soie de la surface de l'\u00e9vier procure une sensation extr\u00eamement agr\u00e9able<\/p>\n\n\n\n<h2 class=\"wp-block-heading\">nanoSTONE : Technologie invisible, beaut\u00e9 tangible<\/h2>\n\n\n\n<p>Passer \u00e0 la ligne <strong>nanoSTONE<\/strong>nous entrons dans un territoire o\u00f9 la technologie rencontre la sensibilit\u00e9 du design. Ce mat\u00e9riau exclusif, compos\u00e9 de r\u00e9sine acrylique pure et d'un m\u00e9lange de charges min\u00e9rales de haute technologie, g\u00e9n\u00e8re un r\u00e9seau mol\u00e9culaire qui offre une r\u00e9sistance sup\u00e9rieure aux impacts et aux chocs thermiques, tout en conservant une surface \u00e9tonnamment soyeuse au toucher. Les teintes propos\u00e9es dans cette gamme sont :<\/p>\n\n\n\n<ul class=\"wp-block-list\">\n<li><strong>N1 - Lait blanc :<\/strong> Un blanc cr\u00e9meux qui \u00e9voque la douceur et la puret\u00e9, parfait pour les environnements lumineux.<\/li>\n\n\n\n<li><strong>N3 - Argan :<\/strong> Inspir\u00e9e par la chaleur et l'\u00e9l\u00e9gance, cette teinte \u00e9voque des nuances m\u00e9diterran\u00e9ennes, id\u00e9ales pour cr\u00e9er des atmosph\u00e8res relaxantes.<\/li>\n\n\n\n<li><strong>N4 - Urban Grey :<\/strong> Un gris moderne au caract\u00e8re sophistiqu\u00e9, parfaitement adapt\u00e9 aux contextes contemporains.<\/li>\n\n\n\n<li><strong>N6 - Deep Black :<\/strong> Un noir intense et gras, capable de donner de la profondeur et du contraste, mettant en valeur les lignes de vos \u00e9viers.<\/li>\n<\/ul>\n\n\n<div class=\"wp-block-image\">\n<figure class=\"aligncenter size-large\"><img decoding=\"async\" width=\"1006\" height=\"1024\" src=\"https:\/\/www.pladostelma.com\/wp-content\/uploads\/Colori-NS-no-logo-1006x1024.jpg\" alt=\"\u00c9vier de cuisine blanc avec accessoires sur plan en marbre.\" class=\"wp-image-248081\" srcset=\"https:\/\/www.pladostelma.com\/wp-content\/uploads\/Colori-NS-no-logo-1006x1024.jpg 1006w, https:\/\/www.pladostelma.com\/wp-content\/uploads\/Colori-NS-no-logo-295x300.jpg 295w, https:\/\/www.pladostelma.com\/wp-content\/uploads\/Colori-NS-no-logo-768x782.jpg 768w, https:\/\/www.pladostelma.com\/wp-content\/uploads\/Colori-NS-no-logo-1509x1536.jpg 1509w, https:\/\/www.pladostelma.com\/wp-content\/uploads\/Colori-NS-no-logo-12x12.jpg 12w, https:\/\/www.pladostelma.com\/wp-content\/uploads\/Colori-NS-no-logo-590x600.jpg 590w, https:\/\/www.pladostelma.com\/wp-content\/uploads\/Colori-NS-no-logo-98x100.jpg 98w, https:\/\/www.pladostelma.com\/wp-content\/uploads\/Colori-NS-no-logo-50x50.jpg 50w, https:\/\/www.pladostelma.com\/wp-content\/uploads\/Colori-NS-no-logo.jpg 1634w\" sizes=\"(max-width: 1006px) 100vw, 1006px\" \/><\/figure><\/div>\n\n\n<p>La combinaison de l'innovation technologique et de l'esth\u00e9tique moderne fait du nanoSTONE le choix id\u00e9al pour ceux qui veulent un produit \u00e0 la pointe de la technologie sans renoncer \u00e0 un design exclusif.<\/p>\n\n\n\n<h2 class=\"wp-block-heading\">ULTRAMETAL : Le pouvoir du m\u00e9tal dans la cuisine<\/h2>\n\n\n\n<p>Pour les cuisines qui exigent une touche de modernit\u00e9 et de sophistication, le <strong>ULTRAMETAL<\/strong> propose des finitions caract\u00e9ris\u00e9es par des particules m\u00e9talliques, des cristaux de quartz et du granit, qui cr\u00e9ent des effets de couleur saisissants. Ces surfaces, aux tons froids et satin\u00e9s, se combinent harmonieusement avec les appareils en acier inoxydable et les d\u00e9cors modernes :<\/p>\n\n\n\n<ul class=\"wp-block-list\">\n<li><strong>41 - Aluminium :<\/strong> Une couleur m\u00e9tallique claire qui rappelle la puret\u00e9 et la l\u00e9g\u00e8ret\u00e9 du m\u00e9tal usin\u00e9, id\u00e9ale pour les int\u00e9rieurs lumineux.<\/li>\n\n\n\n<li><strong>42 - Titane :<\/strong> Un ton fort et contemporain, symbole de robustesse et d'innovation, parfait pour les environnements dynamiques.<\/li>\n\n\n\n<li><strong>14 - Concrete :<\/strong> Une interpr\u00e9tation moderne du b\u00e9ton, alliant urbanit\u00e9 et fonctionnalit\u00e9, qui conf\u00e8re un caract\u00e8re industriel au design.<\/li>\n\n\n\n<li><strong>44 - Noir :<\/strong> Un noir m\u00e9tallique, profond et magn\u00e9tique, qui se distingue par son \u00e9l\u00e9gance et sa polyvalence, adapt\u00e9 \u00e0 ceux qui recherchent un style fort et moderne.<\/li>\n<\/ul>\n\n\n<div class=\"wp-block-image\">\n<figure class=\"aligncenter size-large\"><img decoding=\"async\" width=\"1006\" height=\"1024\" src=\"https:\/\/www.pladostelma.com\/wp-content\/uploads\/Colori-UM-no-logo-1006x1024.jpg\" alt=\"\" class=\"wp-image-248082\" srcset=\"https:\/\/www.pladostelma.com\/wp-content\/uploads\/Colori-UM-no-logo-1006x1024.jpg 1006w, https:\/\/www.pladostelma.com\/wp-content\/uploads\/Colori-UM-no-logo-295x300.jpg 295w, https:\/\/www.pladostelma.com\/wp-content\/uploads\/Colori-UM-no-logo-768x782.jpg 768w, https:\/\/www.pladostelma.com\/wp-content\/uploads\/Colori-UM-no-logo-1509x1536.jpg 1509w, https:\/\/www.pladostelma.com\/wp-content\/uploads\/Colori-UM-no-logo-12x12.jpg 12w, https:\/\/www.pladostelma.com\/wp-content\/uploads\/Colori-UM-no-logo-590x600.jpg 590w, https:\/\/www.pladostelma.com\/wp-content\/uploads\/Colori-UM-no-logo-98x100.jpg 98w, https:\/\/www.pladostelma.com\/wp-content\/uploads\/Colori-UM-no-logo-50x50.jpg 50w, https:\/\/www.pladostelma.com\/wp-content\/uploads\/Colori-UM-no-logo.jpg 1634w\" sizes=\"(max-width: 1006px) 100vw, 1006px\" \/><\/figure><\/div>\n\n\n<p>Les surfaces ULTRAMETAL ne sont pas seulement agr\u00e9ables \u00e0 l'\u0153il : leur nature hygi\u00e9nique et leur r\u00e9sistance aux rayures et aux produits chimiques les rendent id\u00e9ales pour un entretien facile et durable.<\/p>\n\n\n\n<h2 class=\"wp-block-heading\">microULTRAGRANIT : raffinement et durabilit\u00e9 sans compromis<\/h2>\n\n\n\n<p>L'innovation est compl\u00e9t\u00e9e par <strong>microULTRAGRANITE<\/strong>une finition qui exploite la s\u00e9dimentation de microparticules de quartz et de granit, cr\u00e9ant une concentration de surface plus \u00e9lev\u00e9e que le 80%. Ce proc\u00e9d\u00e9 sophistiqu\u00e9 am\u00e9liore les caract\u00e9ristiques esth\u00e9tiques et conf\u00e8re \u00e0 l'\u00e9vier une incroyable duret\u00e9 de surface.<\/p>\n\n\n\n<p>Les teintes propos\u00e9es pour le mat\u00e9riau microULTRAGRANIT sont les suivantes :<\/p>\n\n\n\n<ul class=\"wp-block-list\">\n<li><strong>56 - Jasmine<\/strong>: Une teinte d\u00e9licate et lumineuse qui rappelle la puret\u00e9 de la fleur qui lui a donn\u00e9 son nom. Parfaite pour les pi\u00e8ces aux couleurs fra\u00eeches et accueillantes.<\/li>\n\n\n\n<li><strong>70 - Noir mat<\/strong>L'\u00e9l\u00e9gance absolue dans une finition mate. Un noir profond et moderne, id\u00e9al pour cr\u00e9er des contrastes sophistiqu\u00e9s et des environnements \u00e0 fort impact.<\/li>\n\n\n\n<li><strong>72 - Truffe<\/strong>Le bois : Chaleureux et enveloppant, il s'inspire des tons de terre. Il apporte une touche naturelle et raffin\u00e9e, parfaite pour les cuisines contemporaines.<\/li>\n\n\n\n<li><strong>90 - Blanc opale<\/strong>La couleur : Brillante et velout\u00e9e, elle \u00e9voque la d\u00e9licatesse de l'opale. Un choix polyvalent qui s'adapte \u00e0 tous les styles avec sobri\u00e9t\u00e9 et \u00e9l\u00e9gance.<\/li>\n\n\n\n<li><strong>94 - Avena<\/strong>Le papier : Doux et naturel, il rappelle les tons chauds des c\u00e9r\u00e9ales. Id\u00e9al pour les environnements de cuisine qui veulent transmettre confort et harmonie.<\/li>\n\n\n\n<li><strong>95 - Noir \u00e9b\u00e8ne<\/strong>Intense et audacieux, avec des nuances profondes rappelant le bois d'\u00e9b\u00e8ne. Parfait pour ceux qui recherchent une esth\u00e9tique audacieuse et intemporelle.<\/li>\n\n\n\n<li><strong>98 - Blanc<\/strong>Le classique intemporel. Propre, essentiel, toujours d'actualit\u00e9 : une base neutre qui met en valeur toutes les combinaisons de couleurs.<\/li>\n<\/ul>\n\n\n<div class=\"wp-block-image\">\n<figure class=\"aligncenter size-large\"><img decoding=\"async\" width=\"790\" height=\"1024\" src=\"https:\/\/www.pladostelma.com\/wp-content\/uploads\/Colori-UG-no-logo-790x1024.jpg\" alt=\"\u00c9vier de cuisine noir avec robinet moderne\" class=\"wp-image-248083\" srcset=\"https:\/\/www.pladostelma.com\/wp-content\/uploads\/Colori-UG-no-logo-790x1024.jpg 790w, https:\/\/www.pladostelma.com\/wp-content\/uploads\/Colori-UG-no-logo-232x300.jpg 232w, https:\/\/www.pladostelma.com\/wp-content\/uploads\/Colori-UG-no-logo-768x995.jpg 768w, https:\/\/www.pladostelma.com\/wp-content\/uploads\/Colori-UG-no-logo-1186x1536.jpg 1186w, https:\/\/www.pladostelma.com\/wp-content\/uploads\/Colori-UG-no-logo-1581x2048.jpg 1581w, https:\/\/www.pladostelma.com\/wp-content\/uploads\/Colori-UG-no-logo-9x12.jpg 9w, https:\/\/www.pladostelma.com\/wp-content\/uploads\/Colori-UG-no-logo-463x600.jpg 463w, https:\/\/www.pladostelma.com\/wp-content\/uploads\/Colori-UG-no-logo-77x100.jpg 77w, https:\/\/www.pladostelma.com\/wp-content\/uploads\/Colori-UG-no-logo.jpg 1634w\" sizes=\"(max-width: 790px) 100vw, 790px\" \/><\/figure><\/div>\n\n\n<h2 class=\"wp-block-heading\">Une invitation \u00e0 d\u00e9couvrir l'harmonie des couleurs<\/h2>\n\n\n\n<p>La richesse de notre gamme de couleurs n'est pas le fruit du hasard, mais le r\u00e9sultat d'un cheminement o\u00f9 l'innovation, la durabilit\u00e9 et la passion pour le design se rejoignent pour cr\u00e9er des produits uniques.<\/p>\n\n\n\n<p>Chaque nuance, chaque finition est le r\u00e9sultat d'une recherche acharn\u00e9e visant \u00e0 mettre en valeur l'essence m\u00eame de la cuisine : une spazio o\u00f9 fonctionnalit\u00e9 et beaut\u00e9 se rencontrent <strong>pour faire de la vie quotidienne une f\u00eate permanente pour les yeux.<\/strong><\/p>\n\n\n\n<p>Nous vous invitons \u00e0 d\u00e9couvrir les moindres d\u00e9tails de notre recherche et \u00e0 vous laisser inspirer par la sophistication de nos produits en visitant notre page mat\u00e9riaux et couleurs : <a href=\"https:\/\/www.pladostelma.com\/materiali-e-colori\/\" target=\"_blank\" rel=\"noreferrer noopener\"><strong>Plados Telma Mat\u00e9riaux et couleurs<\/strong><\/a>. Chaque couleur raconte une histoire, une philosophie qui va au-del\u00e0 de l'esth\u00e9tique et embrasse des valeurs esth\u00e9tiques, l'innovation et le respect absolu de la plan\u00e8te.<\/p>\n\n\n\n<p>Dans la ligne Plados, chaque \u00e9vier est une d\u00e9claration de style et une promesse de qualit\u00e9. Si vous souhaitez en savoir plus sur la technologie et le design qui se cachent derri\u00e8re nos cr\u00e9ations, n'h\u00e9sitez pas \u00e0 consulter notre site Web. <a href=\"https:\/\/www.pladostelma.com\/lavelli-cucina-plados\/\" target=\"_blank\" rel=\"noreferrer noopener\"><strong>lignes de produits<\/strong><\/a>con\u00e7u pour compl\u00e9ter tout type de cuisine.<\/p>\n\n\n\n<p><\/p>","protected":false},"excerpt":{"rendered":"<p>In Plados crediamo che ogni dettaglio contribuisca a creare una cucina che sia non solo funzionale, ma anche un\u2019opera d\u2019arte. I nostri lavelli in materiale composito sono concepiti con passione e dedizione, frutto di anni di ricerche e innovazioni tecnologiche che abbracciano la sostenibilit\u00e0, il design e l\u2019eccellenza qualitativa. In questo articolo vogliamo accompagnarvi alla [&hellip;]<\/p>\n","protected":false},"author":61,"featured_media":248086,"comment_status":"closed","ping_status":"closed","sticky":false,"template":"","format":"standard","meta":{"_acf_changed":false,"_seopress_robots_primary_cat":"none","_seopress_titles_title":"","_seopress_titles_desc":"","_seopress_robots_index":"","_uag_custom_page_level_css":"","iawp_total_views":363,"uix_meta_title":"","uix_meta_description":"","uix_canonical_url":"","footnotes":""},"categories":[79],"tags":[],"class_list":["post-248024","post","type-post","status-publish","format-standard","has-post-thumbnail","hentry","category-news"],"acf":[],"uagb_featured_image_src":{"full":["https:\/\/www.pladostelma.com\/wp-content\/uploads\/Plados-Telma-Gamma-Colori.jpg",1280,800,false],"thumbnail":["https:\/\/www.pladostelma.com\/wp-content\/uploads\/Plados-Telma-Gamma-Colori-150x150.jpg",150,150,true],"medium":["https:\/\/www.pladostelma.com\/wp-content\/uploads\/Plados-Telma-Gamma-Colori-300x188.jpg",300,188,true],"medium_large":["https:\/\/www.pladostelma.com\/wp-content\/uploads\/Plados-Telma-Gamma-Colori-768x480.jpg",768,480,true],"large":["https:\/\/www.pladostelma.com\/wp-content\/uploads\/Plados-Telma-Gamma-Colori-1024x640.jpg",1024,640,true],"1536x1536":["https:\/\/www.pladostelma.com\/wp-content\/uploads\/Plados-Telma-Gamma-Colori.jpg",1280,800,false],"2048x2048":["https:\/\/www.pladostelma.com\/wp-content\/uploads\/Plados-Telma-Gamma-Colori.jpg",1280,800,false],"trp-custom-language-flag":["https:\/\/www.pladostelma.com\/wp-content\/uploads\/Plados-Telma-Gamma-Colori-18x12.jpg",18,12,true],"woocommerce_thumbnail":["https:\/\/www.pladostelma.com\/wp-content\/uploads\/Plados-Telma-Gamma-Colori-300x188.jpg",300,188,true],"woocommerce_single":["https:\/\/www.pladostelma.com\/wp-content\/uploads\/Plados-Telma-Gamma-Colori-600x375.jpg",600,375,true],"woocommerce_gallery_thumbnail":["https:\/\/www.pladostelma.com\/wp-content\/uploads\/Plados-Telma-Gamma-Colori-100x63.jpg",100,63,true],"variation_swatches_image_size":["https:\/\/www.pladostelma.com\/wp-content\/uploads\/Plados-Telma-Gamma-Colori-50x50.jpg",50,50,true],"variation_swatches_tooltip_size":["https:\/\/www.pladostelma.com\/wp-content\/uploads\/Plados-Telma-Gamma-Colori-100x100.jpg",100,100,true]},"uagb_author_info":{"display_name":"PladosTelma","author_link":"https:\/\/www.pladostelma.com\/fr\/author\/pladostelma\/"},"uagb_comment_info":0,"uagb_excerpt":"In Plados crediamo che ogni dettaglio contribuisca a creare una cucina che sia non solo funzionale, ma anche un\u2019opera d\u2019arte. I nostri lavelli in materiale composito sono concepiti con passione e dedizione, frutto di anni di ricerche e innovazioni tecnologiche che abbracciano la sostenibilit\u00e0, il design e l\u2019eccellenza qualitativa. In questo articolo vogliamo accompagnarvi alla\u2026","_links":{"self":[{"href":"https:\/\/www.pladostelma.com\/fr\/wp-json\/wp\/v2\/posts\/248024","targetHints":{"allow":["GET"]}}],"collection":[{"href":"https:\/\/www.pladostelma.com\/fr\/wp-json\/wp\/v2\/posts"}],"about":[{"href":"https:\/\/www.pladostelma.com\/fr\/wp-json\/wp\/v2\/types\/post"}],"author":[{"embeddable":true,"href":"https:\/\/www.pladostelma.com\/fr\/wp-json\/wp\/v2\/users\/61"}],"replies":[{"embeddable":true,"href":"https:\/\/www.pladostelma.com\/fr\/wp-json\/wp\/v2\/comments?post=248024"}],"version-history":[{"count":0,"href":"https:\/\/www.pladostelma.com\/fr\/wp-json\/wp\/v2\/posts\/248024\/revisions"}],"wp:featuredmedia":[{"embeddable":true,"href":"https:\/\/www.pladostelma.com\/fr\/wp-json\/wp\/v2\/media\/248086"}],"wp:attachment":[{"href":"https:\/\/www.pladostelma.com\/fr\/wp-json\/wp\/v2\/media?parent=248024"}],"wp:term":[{"taxonomy":"category","embeddable":true,"href":"https:\/\/www.pladostelma.com\/fr\/wp-json\/wp\/v2\/categories?post=248024"},{"taxonomy":"post_tag","embeddable":true,"href":"https:\/\/www.pladostelma.com\/fr\/wp-json\/wp\/v2\/tags?post=248024"}],"curies":[{"name":"wp","href":"https:\/\/api.w.org\/{rel}","templated":true}]}}