{"id":247980,"date":"2025-06-04T09:17:12","date_gmt":"2025-06-04T07:17:12","guid":{"rendered":"https:\/\/www.pladostelma.com\/?p=247980"},"modified":"2025-06-04T09:33:20","modified_gmt":"2025-06-04T07:33:20","slug":"plados-alla-fiera-art-of-living-di-beirut-unesperienza-di-successo","status":"publish","type":"post","link":"https:\/\/www.pladostelma.com\/fr\/news\/plados-alla-fiera-art-of-living-di-beirut-unesperienza-di-successo\/","title":{"rendered":"Plados \u00e0 la foire Art of Living \u00e0 Beyrouth : une exp\u00e9rience r\u00e9ussie"},"content":{"rendered":"<div class=\"wp-block-columns is-layout-flex wp-container-core-columns-is-layout-064c26c6 wp-block-columns-is-layout-flex\" style=\"border-right-color:var(--wp--preset--color--white);border-right-width:100px;border-left-color:var(--wp--preset--color--white);border-left-width:100px;padding-top:var(--wp--preset--spacing--40);padding-right:var(--wp--preset--spacing--80);padding-bottom:var(--wp--preset--spacing--40);padding-left:var(--wp--preset--spacing--80)\">\n<div class=\"wp-block-column is-layout-flow wp-block-column-is-layout-flow\" style=\"flex-basis:66.66%\">\n<p><br><br>L'\u00e9dition 2025 de la foire s'est r\u00e9cemment achev\u00e9e sur un grand succ\u00e8s\u00a0<strong>L'art de vivre<\/strong>\u00a0\u00e0 Beyrouth, du 28 mai au 1er juin, le principal \u00e9v\u00e9nement au Liban consacr\u00e9 \u00e0 la d\u00e9coration d'int\u00e9rieur, au mobilier et aux tendances de la maison. En cette occasion importante,\u00a0<strong>Plados\u00a0<\/strong>a particip\u00e9 gr\u00e2ce \u00e0 l'engagement et \u00e0 l'organisation extraordinaire enti\u00e8rement pris en charge par notre partenaire local,\u00a0<strong>Plados Lebanon<\/strong>.<br><br>Nous tenons \u00e0 remercier tout particuli\u00e8rement\u00a0<strong>Plados Lebanon<\/strong>\u00a0pour l'excellent travail r\u00e9alis\u00e9, le professionnalisme dont ils ont fait preuve et le soin apport\u00e9 \u00e0 la r\u00e9alisation du stand d'exposition, qui repr\u00e9sentait parfaitement les valeurs et le style de notre marque. Leur d\u00e9vouement et leur expertise ont \u00e9t\u00e9 fondamentaux pour le succ\u00e8s de notre participation \u00e0 l'\u00e9v\u00e9nement, nous permettant de pr\u00e9senter nos solutions \u00e0 un public qualifi\u00e9 d'architectes, de designers, de d\u00e9taillants et d'op\u00e9rateurs du secteur.<br><br>La foire a \u00e9t\u00e9 une occasion importante de renforcer la pr\u00e9sence de l'Union europ\u00e9enne.\u00a0<strong>Plados<\/strong>\u00a0sur le march\u00e9 du Moyen-Orient et de consolider les liens avec un r\u00e9seau de partenaires et de professionnels qui partagent notre vision du design : innovant, fonctionnel et attentif \u00e0 l'\u00e9volution des modes de vie.<\/p>\n<\/div>\n\n\n\n<div class=\"wp-block-column is-layout-flow wp-block-column-is-layout-flow\" style=\"flex-basis:20%\">\n<figure class=\"wp-block-video\"><video controls src=\"https:\/\/www.pladostelma.com\/wp-content\/uploads\/plados_lebanon_logo_basso_SD.mp4\"><\/video><\/figure>\n<\/div>\n<\/div>\n\n\n\n<p><\/p>","protected":false},"excerpt":{"rendered":"<p>Si \u00e8 recentemente conclusa con grande successo l\u2019edizione 2025 della fiera\u00a0Art of Living\u00a0di Beirut, dal 28 Maggio al 1\u00b0 Giugno, il principale evento in Libano dedicato all\u2019interior design, all\u2019arredamento e alle tendenze per la casa. In questa importante occasione,\u00a0Plados\u00a0ha partecipato grazie all\u2019impegno e alla straordinaria organizzazione curata interamente dal nostro partner locale,\u00a0Plados Lebanon. Desideriamo esprimere [&hellip;]<\/p>\n","protected":false},"author":2,"featured_media":247983,"comment_status":"closed","ping_status":"closed","sticky":false,"template":"","format":"standard","meta":{"_acf_changed":false,"_seopress_robots_primary_cat":"79","_seopress_titles_title":"","_seopress_titles_desc":"","_seopress_robots_index":"","_uag_custom_page_level_css":"","iawp_total_views":197,"uix_meta_title":"","uix_meta_description":"","uix_canonical_url":"","footnotes":""},"categories":[2005,79],"tags":[],"class_list":["post-247980","post","type-post","status-publish","format-standard","has-post-thumbnail","hentry","category-eventi","category-news"],"acf":[],"uagb_featured_image_src":{"full":["https:\/\/www.pladostelma.com\/wp-content\/uploads\/artlebanon.jpg",951,1077,false],"thumbnail":["https:\/\/www.pladostelma.com\/wp-content\/uploads\/artlebanon-150x150.jpg",150,150,true],"medium":["https:\/\/www.pladostelma.com\/wp-content\/uploads\/artlebanon-265x300.jpg",265,300,true],"medium_large":["https:\/\/www.pladostelma.com\/wp-content\/uploads\/artlebanon-768x870.jpg",768,870,true],"large":["https:\/\/www.pladostelma.com\/wp-content\/uploads\/artlebanon-904x1024.jpg",904,1024,true],"1536x1536":["https:\/\/www.pladostelma.com\/wp-content\/uploads\/artlebanon.jpg",951,1077,false],"2048x2048":["https:\/\/www.pladostelma.com\/wp-content\/uploads\/artlebanon.jpg",951,1077,false],"trp-custom-language-flag":["https:\/\/www.pladostelma.com\/wp-content\/uploads\/artlebanon-11x12.jpg",11,12,true],"woocommerce_thumbnail":["https:\/\/www.pladostelma.com\/wp-content\/uploads\/artlebanon-265x300.jpg",265,300,true],"woocommerce_single":["https:\/\/www.pladostelma.com\/wp-content\/uploads\/artlebanon-530x600.jpg",530,600,true],"woocommerce_gallery_thumbnail":["https:\/\/www.pladostelma.com\/wp-content\/uploads\/artlebanon-88x100.jpg",88,100,true],"variation_swatches_image_size":["https:\/\/www.pladostelma.com\/wp-content\/uploads\/artlebanon-50x50.jpg",50,50,true],"variation_swatches_tooltip_size":["https:\/\/www.pladostelma.com\/wp-content\/uploads\/artlebanon-100x100.jpg",100,100,true]},"uagb_author_info":{"display_name":"Luca Cavaleri","author_link":"https:\/\/www.pladostelma.com\/fr\/author\/luca\/"},"uagb_comment_info":0,"uagb_excerpt":"Si \u00e8 recentemente conclusa con grande successo l\u2019edizione 2025 della fiera\u00a0Art of Living\u00a0di Beirut, dal 28 Maggio al 1\u00b0 Giugno, il principale evento in Libano dedicato all\u2019interior design, all\u2019arredamento e alle tendenze per la casa. In questa importante occasione,\u00a0Plados\u00a0ha partecipato grazie all\u2019impegno e alla straordinaria organizzazione curata interamente dal nostro partner locale,\u00a0Plados Lebanon. Desideriamo esprimere\u2026","_links":{"self":[{"href":"https:\/\/www.pladostelma.com\/fr\/wp-json\/wp\/v2\/posts\/247980","targetHints":{"allow":["GET"]}}],"collection":[{"href":"https:\/\/www.pladostelma.com\/fr\/wp-json\/wp\/v2\/posts"}],"about":[{"href":"https:\/\/www.pladostelma.com\/fr\/wp-json\/wp\/v2\/types\/post"}],"author":[{"embeddable":true,"href":"https:\/\/www.pladostelma.com\/fr\/wp-json\/wp\/v2\/users\/2"}],"replies":[{"embeddable":true,"href":"https:\/\/www.pladostelma.com\/fr\/wp-json\/wp\/v2\/comments?post=247980"}],"version-history":[{"count":0,"href":"https:\/\/www.pladostelma.com\/fr\/wp-json\/wp\/v2\/posts\/247980\/revisions"}],"wp:featuredmedia":[{"embeddable":true,"href":"https:\/\/www.pladostelma.com\/fr\/wp-json\/wp\/v2\/media\/247983"}],"wp:attachment":[{"href":"https:\/\/www.pladostelma.com\/fr\/wp-json\/wp\/v2\/media?parent=247980"}],"wp:term":[{"taxonomy":"category","embeddable":true,"href":"https:\/\/www.pladostelma.com\/fr\/wp-json\/wp\/v2\/categories?post=247980"},{"taxonomy":"post_tag","embeddable":true,"href":"https:\/\/www.pladostelma.com\/fr\/wp-json\/wp\/v2\/tags?post=247980"}],"curies":[{"name":"wp","href":"https:\/\/api.w.org\/{rel}","templated":true}]}}