{"id":246261,"date":"2024-05-27T09:54:17","date_gmt":"2024-05-27T07:54:17","guid":{"rendered":"https:\/\/www.pladostelma.com\/?p=246261"},"modified":"2024-05-27T09:54:17","modified_gmt":"2024-05-27T07:54:17","slug":"deficit-ecologico-risparmiare-risorse-con-il-riciclo","status":"publish","type":"post","link":"https:\/\/www.pladostelma.com\/fr\/news\/deficit-ecologico-risparmiare-risorse-con-il-riciclo\/","title":{"rendered":"D\u00e9ficit \u00e9cologique : \u00e9conomiser les ressources par le recyclage"},"content":{"rendered":"<p>Le site <strong>R\u00e9seau d'empreintes mondiales<\/strong> mesure chaque ann\u00e9e les besoins en ressources des populations et la r\u00e9activit\u00e9 des \u00e9cosyst\u00e8mes qu'elles habitent. \u00c9galement cette ann\u00e9e, <strong>L'Italie a consomm\u00e9 plus de ressources qu'elle n'en dispose<\/strong>L'Italie se trouve dans une situation d'urgence, en avan\u00e7ant au 19 mai 2024 le jour o\u00f9 elle a commenc\u00e9 \u00e0 consommer ceux qui \u00e9taient pr\u00e9vus pour 2025. En effet, l'Italie, comme d'autres pays, se trouve dans une situation d'urgence. <strong>un d\u00e9ficit \u00e9cologique dangereux<\/strong>. <\/p>\n\n\n\n<p>Nous consommons plus que ce que l'environnement peut fournir et cette consommation est en fait un vol de ressources pour les g\u00e9n\u00e9rations futures. Si les d\u00e9penses d\u00e9passent les revenus, il faut agir. Le WWF, \u00e0 l'occasion de cette journ\u00e9e, a d\u00e9clar\u00e9 la n\u00e9cessit\u00e9 de revenir dans les limites naturelles en appelant \u00e0 <strong>les technologies les plus avanc\u00e9es<\/strong> <strong>et propre<\/strong> et de s'orienter vers une \u00e9conomie et une \u00e9conomie de march\u00e9. <strong>un d\u00e9veloppement plus \u00e9quitable.<\/strong><\/p>\n\n\n\n<p><strong><a href=\"https:\/\/www.pladostelma.com\/sostenibilita\/\" data-type=\"link\" data-id=\"https:\/\/www.pladostelma.com\/sostenibilita\/\">&lt; Scopri l\u2019impegno di Plados Telma per la sostenibilit\u00e0 ambientale, clicca qui! ><\/a><\/strong><\/p>\n\n\n\n<h2 class=\"wp-block-heading\">Lutter contre le gaspillage, les d\u00e9chets deviennent une ressource<a id=\"_msocom_1\"><\/a><\/h2>\n\n\n\n<p><a id=\"_msocom_6\"><\/a><\/p>\n\n\n\n<p>Une \u00e9conomie et un d\u00e9veloppement plus \u00e9quitables commencent par un changement d\u00e9cisif de mentalit\u00e9 : les mati\u00e8res premi\u00e8res sont des ressources pr\u00e9cieuses qui ne doivent pas \u00eatre gaspill\u00e9es mais r\u00e9introduites dans les cycles de production. Dans cette optique, il n'y a plus de gaspillage, <strong><a href=\"https:\/\/www.pladostelma.com\/news\/scarti-di-produzione-ed-economia-circolare\/\" data-type=\"link\" data-id=\"https:\/\/www.pladostelma.com\/news\/scarti-di-produzione-ed-economia-circolare\/\">il n'y a que des ressources qui entrent et sortent, de mani\u00e8re circulaire, des circuits de productionone.<\/a><\/strong><br><strong><a href=\"https:\/\/www.pladostelma.com\/\" data-type=\"link\" data-id=\"https:\/\/www.pladostelma.com\/\">Plados Telma<\/a><\/strong> a d\u00e9j\u00e0 entam\u00e9 une <strong>revolutionone vert<\/strong> qui a apport\u00e9 \u00e0 la <strong>la durabilit\u00e9 environnementale<\/strong> <strong>dans l'entreprise<\/strong>de la mati\u00e8re premi\u00e8re au produit.<\/p>\n\n\n\n<h2 class=\"wp-block-heading\">Des puits verts de la plus haute qualit\u00e9<\/h2>\n\n\n\n<figure class=\"wp-block-image size-large\"><img decoding=\"async\" width=\"1024\" height=\"686\" src=\"https:\/\/www.pladostelma.com\/wp-content\/uploads\/lavello_rinnova-1024x686.jpg\" alt=\"\" class=\"wp-image-246329\" srcset=\"https:\/\/www.pladostelma.com\/wp-content\/uploads\/lavello_rinnova-1024x686.jpg 1024w, https:\/\/www.pladostelma.com\/wp-content\/uploads\/lavello_rinnova-300x201.jpg 300w, https:\/\/www.pladostelma.com\/wp-content\/uploads\/lavello_rinnova-768x514.jpg 768w, https:\/\/www.pladostelma.com\/wp-content\/uploads\/lavello_rinnova-1536x1028.jpg 1536w, https:\/\/www.pladostelma.com\/wp-content\/uploads\/lavello_rinnova-18x12.jpg 18w, https:\/\/www.pladostelma.com\/wp-content\/uploads\/lavello_rinnova-600x402.jpg 600w, https:\/\/www.pladostelma.com\/wp-content\/uploads\/lavello_rinnova-100x67.jpg 100w, https:\/\/www.pladostelma.com\/wp-content\/uploads\/lavello_rinnova.jpg 1900w\" sizes=\"(max-width: 1024px) 100vw, 1024px\" \/><\/figure>\n\n\n\n<p>Rinnova est le projet Plados Telma qui a conduit \u00e0 la production de <strong>\u00e9viers de cuisine verts<\/strong> \u00e0 l'origine. Cela signifie que <strong>acrylique r\u00e9g\u00e9n\u00e9r\u00e9 et d\u00e9chets inorganiques.<\/strong> <br>Mati\u00e8res premi\u00e8res rinnovate donc et non mati\u00e8res premi\u00e8res vierges, une diff\u00e9rence substantielle qui nous renvoie aux principes de ?<strong>\u00e9conomie circulaire<\/strong>.<\/p>\n\n\n\n<h2 class=\"wp-block-heading\">Quelles sont les caract\u00e9ristiques des puits verts Plados Telma ?<\/h2>\n\n\n\n<p>Les \u00e9viers Rinnova de Plados Telma sont des \u00e9viers de qualit\u00e9 sup\u00e9rieure qui <strong>garantissent la m\u00eame chose pourformance<\/strong> des \u00e9viers Plados Telma traditionnels en termes de r\u00e9sistance aux taches, aux chocs, aux rayures, \u00e0 la chaleur et aux UV. La seule diff\u00e9rence est un plus, les \u00e9viers de cuisine Rinnova sont fabriqu\u00e9s \u00e0 partir des mat\u00e9riaux suivants <strong>composants verts \u2267 90%.<\/strong><br>Il s'agit d'une innovation qui vous permet d'avoir dans votre cuisine un \u00e9vier design qui garantit des normes de qualit\u00e9 \u00e9lev\u00e9es, qui donne du prestige \u00e0 tout environnement de cuisine et qui est respectueux de l'environnement.<\/p>\n\n\n\n<p><strong><a href=\"https:\/\/www.pladostelma.com\/news\/scarti-di-produzione-ed-economia-circolare\/\" data-type=\"link\" data-id=\"https:\/\/www.pladostelma.com\/news\/scarti-di-produzione-ed-economia-circolare\/\">&lt; Se sei interessato a conoscere meglio i lavelli Rinnova, visita il nostro sito e scopri di pi\u00f9! ><\/a><\/strong><\/p>","protected":false},"excerpt":{"rendered":"<p>Il Global footprint network misura ogni anno la domanda di risorse delle popolazioni e la capacit\u00e0 di risposta degli ecosistemi che abitano. Anche quest\u2019anno, l\u2019Italia ha consumato pi\u00f9 risorse di quelle di cui dispone, anticipando al 19 maggio 2024 il giorno in cui ha cominciato a consumare quelle previste per il 2025. L\u2019Italia, in sostanza, [&hellip;]<\/p>\n","protected":false},"author":60,"featured_media":246328,"comment_status":"closed","ping_status":"closed","sticky":false,"template":"","format":"standard","meta":{"_acf_changed":false,"_seopress_robots_primary_cat":"","_seopress_titles_title":"Deficit ecologico: risparmiare risorse con il riciclo ","_seopress_titles_desc":"Anche quest\u2019anno, l\u2019Italia ha consumato pi\u00f9 risorse di quelle di cui dispone. Plados Telma ha iniziato gi\u00e0 da anni una rivoluzione green.","_seopress_robots_index":"","_uag_custom_page_level_css":"","iawp_total_views":25,"uix_meta_title":"","uix_meta_description":"","uix_canonical_url":"","footnotes":""},"categories":[79],"tags":[],"class_list":["post-246261","post","type-post","status-publish","format-standard","has-post-thumbnail","hentry","category-news"],"acf":[],"uagb_featured_image_src":{"full":["https:\/\/www.pladostelma.com\/wp-content\/uploads\/Deficit-ecologico-risparmiare-risorse-con-il-riciclo-.jpg",1900,1272,false],"thumbnail":["https:\/\/www.pladostelma.com\/wp-content\/uploads\/Deficit-ecologico-risparmiare-risorse-con-il-riciclo--150x150.jpg",150,150,true],"medium":["https:\/\/www.pladostelma.com\/wp-content\/uploads\/Deficit-ecologico-risparmiare-risorse-con-il-riciclo--300x201.jpg",300,201,true],"medium_large":["https:\/\/www.pladostelma.com\/wp-content\/uploads\/Deficit-ecologico-risparmiare-risorse-con-il-riciclo--768x514.jpg",768,514,true],"large":["https:\/\/www.pladostelma.com\/wp-content\/uploads\/Deficit-ecologico-risparmiare-risorse-con-il-riciclo--1024x686.jpg",1024,686,true],"1536x1536":["https:\/\/www.pladostelma.com\/wp-content\/uploads\/Deficit-ecologico-risparmiare-risorse-con-il-riciclo--1536x1028.jpg",1536,1028,true],"2048x2048":["https:\/\/www.pladostelma.com\/wp-content\/uploads\/Deficit-ecologico-risparmiare-risorse-con-il-riciclo-.jpg",1900,1272,false],"trp-custom-language-flag":["https:\/\/www.pladostelma.com\/wp-content\/uploads\/Deficit-ecologico-risparmiare-risorse-con-il-riciclo--18x12.jpg",18,12,true],"woocommerce_thumbnail":["https:\/\/www.pladostelma.com\/wp-content\/uploads\/Deficit-ecologico-risparmiare-risorse-con-il-riciclo--300x201.jpg",300,201,true],"woocommerce_single":["https:\/\/www.pladostelma.com\/wp-content\/uploads\/Deficit-ecologico-risparmiare-risorse-con-il-riciclo--600x402.jpg",600,402,true],"woocommerce_gallery_thumbnail":["https:\/\/www.pladostelma.com\/wp-content\/uploads\/Deficit-ecologico-risparmiare-risorse-con-il-riciclo--100x67.jpg",100,67,true],"variation_swatches_image_size":["https:\/\/www.pladostelma.com\/wp-content\/uploads\/Deficit-ecologico-risparmiare-risorse-con-il-riciclo-.jpg",50,33,false],"variation_swatches_tooltip_size":["https:\/\/www.pladostelma.com\/wp-content\/uploads\/Deficit-ecologico-risparmiare-risorse-con-il-riciclo-.jpg",100,67,false]},"uagb_author_info":{"display_name":"Roberta Spinaci","author_link":"https:\/\/www.pladostelma.com\/fr\/author\/roberta-quid\/"},"uagb_comment_info":0,"uagb_excerpt":"Il Global footprint network misura ogni anno la domanda di risorse delle popolazioni e la capacit\u00e0 di risposta degli ecosistemi che abitano. Anche quest\u2019anno, l\u2019Italia ha consumato pi\u00f9 risorse di quelle di cui dispone, anticipando al 19 maggio 2024 il giorno in cui ha cominciato a consumare quelle previste per il 2025. L\u2019Italia, in sostanza,\u2026","_links":{"self":[{"href":"https:\/\/www.pladostelma.com\/fr\/wp-json\/wp\/v2\/posts\/246261","targetHints":{"allow":["GET"]}}],"collection":[{"href":"https:\/\/www.pladostelma.com\/fr\/wp-json\/wp\/v2\/posts"}],"about":[{"href":"https:\/\/www.pladostelma.com\/fr\/wp-json\/wp\/v2\/types\/post"}],"author":[{"embeddable":true,"href":"https:\/\/www.pladostelma.com\/fr\/wp-json\/wp\/v2\/users\/60"}],"replies":[{"embeddable":true,"href":"https:\/\/www.pladostelma.com\/fr\/wp-json\/wp\/v2\/comments?post=246261"}],"version-history":[{"count":0,"href":"https:\/\/www.pladostelma.com\/fr\/wp-json\/wp\/v2\/posts\/246261\/revisions"}],"wp:featuredmedia":[{"embeddable":true,"href":"https:\/\/www.pladostelma.com\/fr\/wp-json\/wp\/v2\/media\/246328"}],"wp:attachment":[{"href":"https:\/\/www.pladostelma.com\/fr\/wp-json\/wp\/v2\/media?parent=246261"}],"wp:term":[{"taxonomy":"category","embeddable":true,"href":"https:\/\/www.pladostelma.com\/fr\/wp-json\/wp\/v2\/categories?post=246261"},{"taxonomy":"post_tag","embeddable":true,"href":"https:\/\/www.pladostelma.com\/fr\/wp-json\/wp\/v2\/tags?post=246261"}],"curies":[{"name":"wp","href":"https:\/\/api.w.org\/{rel}","templated":true}]}}