{"id":245565,"date":"2023-10-09T17:38:32","date_gmt":"2023-10-09T15:38:32","guid":{"rendered":"https:\/\/www.pladostelma.com\/?p=245565"},"modified":"2023-10-09T17:46:02","modified_gmt":"2023-10-09T15:46:02","slug":"design-e-sostenibilita-nellarredo-cucina","status":"publish","type":"post","link":"https:\/\/www.pladostelma.com\/fr\/news\/design-e-sostenibilita-nellarredo-cucina\/","title":{"rendered":"Design et durabilit\u00e9 des meubles de cuisine"},"content":{"rendered":"<p>Les derni\u00e8res tendances en mati\u00e8re de mobilier de cuisine confirment qu'il n'est plus n\u00e9cessaire de choisir entre le design et la durabilit\u00e9. <strong>la durabilit\u00e9 est une question de conception<\/strong>.<\/p>\n\n\n\n<p>Si nous avons l'impression que les meubles de cuisine qui adoptent des principes respectueux de l'environnement sont des meubles \u00e0 faible impact esth\u00e9tique, l'industrie nous montre que cette id\u00e9e est vraiment erron\u00e9e.<\/p>\n\n\n\n<p><strong><a href=\"https:\/\/www.pladostelma.com\/news\/cucine-sostenibili-il-trend-arredo-green\/\">Esth\u00e9tique et durabilit\u00e9 ne s'excluent pas mutuellement<\/a>En effet, tous les projets les plus innovants visent pr\u00e9cis\u00e9ment \u00e0 les int\u00e9grer.<\/strong><\/p>\n\n\n\n<p><strong><a href=\"https:\/\/www.pladostelma.com\/news\/lavelli-cucine-e-living-open-space\/\" data-type=\"link\" data-id=\"https:\/\/www.pladostelma.com\/news\/lavelli-cucine-e-living-open-space\/\">&lt;D\u00e9couvrez nos \u00e9viers de classe pour les cuisines et les salles de s\u00e9jour \u00e0 aire ouverte !<\/a><\/strong><\/p>\n\n\n\n<p>Cette int\u00e9grationone rel\u00e8ve clairement d'un engagement de la part des entreprises de l'Union europ\u00e9enne. <strong>la recherche et le d\u00e9veloppement de mat\u00e9riaux qui maintiennent des performances \u00e9lev\u00e9es<\/strong> de meubles en termes de fonctionnalit\u00e9 et de durabilit\u00e9 et en termes de durabilit\u00e9, c'est-\u00e0-dire de respect de l'environnement pendant le processus de production et tout au long de la cha\u00eene de valeur. L'objectif est de <strong>produire des meubles toujours plus beaux et toujours plus \"bons\" avec la nature et les gens<\/strong>capables d'am\u00e9liorer r\u00e9ellement la qualit\u00e9 de vie des gens.<\/p>\n\n\n\n<p><a href=\"https:\/\/www.pladostelma.com\/\" data-type=\"link\" data-id=\"https:\/\/www.pladostelma.com\/\"><strong>Plados Telma<\/strong>&nbsp;<\/a>est une entreprise qui joue un r\u00f4le de premier plan dans l'industrie des \u00e9viers de cuisine depuis des ann\u00e9es gr\u00e2ce \u00e0 son engagement en faveur de l'innovation pour l'environnement et les personnes. <strong>Les mat\u00e9riaux et les technologies ont toujours \u00e9t\u00e9 une priorit\u00e9, combin\u00e9e \u00e0 l'esth\u00e9tique fonctionnelle du produit.<\/strong>.<\/p>\n\n\n\n<figure class=\"wp-block-image size-large\"><img decoding=\"async\" width=\"1024\" height=\"686\" src=\"https:\/\/www.pladostelma.com\/wp-content\/uploads\/design_e_sostenibilita_arredo_cucina2-1024x686.jpg\" alt=\"\" class=\"wp-image-245566\" srcset=\"https:\/\/www.pladostelma.com\/wp-content\/uploads\/design_e_sostenibilita_arredo_cucina2-1024x686.jpg 1024w, https:\/\/www.pladostelma.com\/wp-content\/uploads\/design_e_sostenibilita_arredo_cucina2-300x201.jpg 300w, https:\/\/www.pladostelma.com\/wp-content\/uploads\/design_e_sostenibilita_arredo_cucina2-768x514.jpg 768w, https:\/\/www.pladostelma.com\/wp-content\/uploads\/design_e_sostenibilita_arredo_cucina2-1536x1028.jpg 1536w, https:\/\/www.pladostelma.com\/wp-content\/uploads\/design_e_sostenibilita_arredo_cucina2-2048x1371.jpg 2048w, https:\/\/www.pladostelma.com\/wp-content\/uploads\/design_e_sostenibilita_arredo_cucina2-18x12.jpg 18w, https:\/\/www.pladostelma.com\/wp-content\/uploads\/design_e_sostenibilita_arredo_cucina2-600x402.jpg 600w, https:\/\/www.pladostelma.com\/wp-content\/uploads\/design_e_sostenibilita_arredo_cucina2-100x67.jpg 100w\" sizes=\"(max-width: 1024px) 100vw, 1024px\" \/><\/figure>\n\n\n\n<p>Ces derni\u00e8res ann\u00e9es, <strong><a href=\"https:\/\/www.pladostelma.com\/news\/vantaggi-sostenibilita-aziendale\/\" data-type=\"link\" data-id=\"https:\/\/www.pladostelma.com\/news\/vantaggi-sostenibilita-aziendale\/\">les investissements de l'entreprise dans le d\u00e9veloppement durable<\/a><\/strong><a> <\/a>ont \u00e9t\u00e9 remarquables, pr\u00e9cis\u00e9ment en raison du sentiment d'urgence <strong>la n\u00e9cessit\u00e9 de consid\u00e9rer la qualit\u00e9 comme une somme d'aspects : fonctionnalit\u00e9 et praticit\u00e9, solidit\u00e9 et durabilit\u00e9, respect des ressources naturelles, salubrit\u00e9<\/strong>.<\/p>\n\n\n\n<p>Des technologies telles que <a href=\"https:\/\/www.pladostelma.com\/ariapura\/\" data-type=\"link\" data-id=\"https:\/\/www.pladostelma.com\/ariapura\/\"><strong>ARIAPURA<\/strong> <\/a>sont la preuve qu'il est possible d'atteindre un niveau de qualit\u00e9 qui englobe pr\u00e9cis\u00e9ment les aspects mentionn\u00e9s ci-dessus, l'action antibact\u00e9rienne et antipollution pour les enfants et les adolescents. <strong><a href=\"https:\/\/www.pladostelma.com\/news\/inquinamento-domestico\/\" data-type=\"link\" data-id=\"https:\/\/www.pladostelma.com\/news\/inquinamento-domestico\/\">faire de la cuisine un endroit plus sain<\/a><\/strong>.<\/p>\n\n\n\n<p>Une fois encore, nous nous sommes engag\u00e9s dans la pratique de<a href=\"https:\/\/www.pladostelma.com\/news\/scarti-di-produzione-ed-economia-circolare\/\" data-type=\"link\" data-id=\"https:\/\/www.pladostelma.com\/news\/scarti-di-produzione-ed-economia-circolare\/\"> <strong>circularit\u00e9<\/strong><\/a>en essayant de transformer les d\u00e9chets de production en mati\u00e8re premi\u00e8re r\u00e9g\u00e9n\u00e9r\u00e9e \u00e0 utiliser pour la production d'\u00e9viers de cuisine pr\u00e9sentant des caract\u00e9ristiques de haute qualit\u00e9 en termes d'esth\u00e9tique et de performance.<\/p>\n\n\n\n<p>I <strong><a href=\"https:\/\/www.pladostelma.com\/news\/prestazioni-lavello-green-rinnova\/\" data-type=\"link\" data-id=\"https:\/\/www.pladostelma.com\/news\/prestazioni-lavello-green-rinnova\/\">puits verts \u00e0 l'origine<\/a><\/strong> Les \u00e9viers de Plados Telma sont fabriqu\u00e9s \u00e0 partir de mati\u00e8res premi\u00e8res organiques et inorganiques r\u00e9g\u00e9n\u00e9r\u00e9es qui seraient autrement destin\u00e9es \u00e0 la d\u00e9charge. Le compos\u00e9 qui en r\u00e9sulte garantit exactement le m\u00eame niveau de performance que nos \u00e9viers traditionnels, avec l'innovation suppl\u00e9mentaire d'\u00eatre vert \u00e0 la source.<\/p>\n\n\n\n<p>I <strong><a href=\"https:\/\/www.pladostelma.com\/news\/lavelli-ecologici-per-cucine-ecologiche\/\" data-type=\"link\" data-id=\"https:\/\/www.pladostelma.com\/news\/lavelli-ecologici-per-cucine-ecologiche\/\">puits \u00e9cologiques<\/a><\/strong><a> <\/a>de Plados Telma ont <strong>une empreinte environnementale r\u00e9duite<\/strong> par rapport aux puits conventionnels actuellement sur le march\u00e9 et garantissent, en plus de l'origine verte, \u00e9galement des \u00e9conomies d'\u00e9nergie. <strong>r\u00e9sistance aux chocs, aux rayures, \u00e0 la chaleur, aux UV et aux taches<\/strong>.<\/p>\n\n\n\n<p>Les \u00e9viers verts Plados Telma sont \u00e9galement con\u00e7us pour \u00eatre <strong>protagonistes de l'ameublement \u00e9vocateur<\/strong>pour satisfaire le d\u00e9sir de <strong>r\u00e9aliser des environnements \u00e9l\u00e9gants<\/strong> qui encadrent la vie familiale et sociale, la convivialit\u00e9 avec les amis. Les <a href=\"https:\/\/www.pladostelma.com\/news\/lavello-cucina-e-coordinati\/\" data-type=\"link\" data-id=\"https:\/\/www.pladostelma.com\/news\/lavello-cucina-e-coordinati\/\"><strong>lignes coordonn\u00e9es pour l'\u00e9vier de la cuisine et les appareils \u00e9lectrom\u00e9nagers<\/strong>&nbsp;<\/a>sont pr\u00e9cis\u00e9ment l'une des tendances les plus r\u00e9centes en mati\u00e8re d'ameublement et ont \u00e9t\u00e9 cr\u00e9\u00e9es comme une solution pour donner une continuit\u00e9 et une harmonie \u00e0 des pi\u00e8ces qui ne sont plus consid\u00e9r\u00e9es comme s\u00e9par\u00e9es mais comme un unicum.<\/p>\n\n\n\n<figure class=\"wp-block-image size-large\"><img decoding=\"async\" width=\"1024\" height=\"686\" src=\"https:\/\/www.pladostelma.com\/wp-content\/uploads\/design_e_sostenibilita_arredo_cucina3-1024x686.jpg\" alt=\"\" class=\"wp-image-245567\" srcset=\"https:\/\/www.pladostelma.com\/wp-content\/uploads\/design_e_sostenibilita_arredo_cucina3-1024x686.jpg 1024w, https:\/\/www.pladostelma.com\/wp-content\/uploads\/design_e_sostenibilita_arredo_cucina3-300x201.jpg 300w, https:\/\/www.pladostelma.com\/wp-content\/uploads\/design_e_sostenibilita_arredo_cucina3-768x514.jpg 768w, https:\/\/www.pladostelma.com\/wp-content\/uploads\/design_e_sostenibilita_arredo_cucina3-1536x1028.jpg 1536w, https:\/\/www.pladostelma.com\/wp-content\/uploads\/design_e_sostenibilita_arredo_cucina3-2048x1371.jpg 2048w, https:\/\/www.pladostelma.com\/wp-content\/uploads\/design_e_sostenibilita_arredo_cucina3-18x12.jpg 18w, https:\/\/www.pladostelma.com\/wp-content\/uploads\/design_e_sostenibilita_arredo_cucina3-600x402.jpg 600w, https:\/\/www.pladostelma.com\/wp-content\/uploads\/design_e_sostenibilita_arredo_cucina3-100x67.jpg 100w\" sizes=\"(max-width: 1024px) 100vw, 1024px\" \/><\/figure>\n\n\n\n<p>Les puits du projet Rinnova, les puits verts \u00e0 l'origine de Plados Telma, \u00e9taient les suivants <strong>con\u00e7u pour tous les styles d'ameublement<\/strong> <strong>contemporain<\/strong>\u00e9l\u00e9gant, raffin\u00e9, simplement beau \u00e0 regarder et \"bon\" \u00e0 utiliser.<\/p>\n\n\n\n<figure class=\"wp-block-image size-large\"><img decoding=\"async\" width=\"1024\" height=\"686\" src=\"https:\/\/www.pladostelma.com\/wp-content\/uploads\/design_e_sostenibilita_arredo_cucina4-1-1024x686.jpg\" alt=\"design et durabilit\u00e9 dans les meubles de cuisine\" class=\"wp-image-245572\" srcset=\"https:\/\/www.pladostelma.com\/wp-content\/uploads\/design_e_sostenibilita_arredo_cucina4-1-1024x686.jpg 1024w, https:\/\/www.pladostelma.com\/wp-content\/uploads\/design_e_sostenibilita_arredo_cucina4-1-300x201.jpg 300w, https:\/\/www.pladostelma.com\/wp-content\/uploads\/design_e_sostenibilita_arredo_cucina4-1-768x514.jpg 768w, https:\/\/www.pladostelma.com\/wp-content\/uploads\/design_e_sostenibilita_arredo_cucina4-1-1536x1028.jpg 1536w, https:\/\/www.pladostelma.com\/wp-content\/uploads\/design_e_sostenibilita_arredo_cucina4-1-2048x1371.jpg 2048w, https:\/\/www.pladostelma.com\/wp-content\/uploads\/design_e_sostenibilita_arredo_cucina4-1-18x12.jpg 18w, https:\/\/www.pladostelma.com\/wp-content\/uploads\/design_e_sostenibilita_arredo_cucina4-1-600x402.jpg 600w, https:\/\/www.pladostelma.com\/wp-content\/uploads\/design_e_sostenibilita_arredo_cucina4-1-100x67.jpg 100w\" sizes=\"(max-width: 1024px) 100vw, 1024px\" \/><\/figure>\n\n\n\n<p>Si vous souhaitez en savoir plus sur la gamme d'\u00e9viers de cuisine Plados Telma <strong><a href=\"https:\/\/www.pladostelma.com\/contatti\/\" data-type=\"link\" data-id=\"https:\/\/www.pladostelma.com\/contatti\/\">contactez-nous<\/a><\/strong>nous serons heureux de vous pr\u00e9senter notre qualit\u00e9 synonyme de design, de fonctionnalit\u00e9 et de durabilit\u00e9.<\/p>\n\n\n\n<hr class=\"wp-block-separator has-alpha-channel-opacity\"\/>\n\n\n\n<p><\/p>","protected":false},"excerpt":{"rendered":"<p>Le ultime tendenze arredo cucina confermano che non si deve pi\u00f9 scegliere tra design e sostenibilit\u00e0 perch\u00e9 la sostenibilit\u00e0 \u00e8 di design. Se ci siamo fatti l\u2019idea che l\u2019arredo per la cucina che sposa i principi del rispetto dell\u2019ambiente sia un arredo di scarso impatto estetico, il settore ci dimostra che quella idea \u00e8 davvero [&hellip;]<\/p>\n","protected":false},"author":60,"featured_media":245569,"comment_status":"closed","ping_status":"closed","sticky":false,"template":"","format":"standard","meta":{"_acf_changed":false,"_seopress_robots_primary_cat":"","_seopress_titles_title":"Design e sostenibilit\u00e0 nell\u2019arredo cucina ","_seopress_titles_desc":"Le ultime tendenze arredo cucina confermano che non si deve pi\u00f9 scegliere tra design e sostenibilit\u00e0 perch\u00e9 la sostenibilit\u00e0 \u00e8 di design. \n","_seopress_robots_index":"","_uag_custom_page_level_css":"","iawp_total_views":54,"uix_meta_title":"","uix_meta_description":"","uix_canonical_url":"","footnotes":""},"categories":[79],"tags":[2584,2583,2461],"class_list":["post-245565","post","type-post","status-publish","format-standard","has-post-thumbnail","hentry","category-news","tag-cucina-2","tag-design","tag-sostenibilita"],"acf":[],"uagb_featured_image_src":{"full":["https:\/\/www.pladostelma.com\/wp-content\/uploads\/design_e_sostenibilita_arredo_cucina-scaled.jpg",2560,1714,false],"thumbnail":["https:\/\/www.pladostelma.com\/wp-content\/uploads\/design_e_sostenibilita_arredo_cucina-150x150.jpg",150,150,true],"medium":["https:\/\/www.pladostelma.com\/wp-content\/uploads\/design_e_sostenibilita_arredo_cucina-300x201.jpg",300,201,true],"medium_large":["https:\/\/www.pladostelma.com\/wp-content\/uploads\/design_e_sostenibilita_arredo_cucina-768x514.jpg",768,514,true],"large":["https:\/\/www.pladostelma.com\/wp-content\/uploads\/design_e_sostenibilita_arredo_cucina-1024x686.jpg",1024,686,true],"1536x1536":["https:\/\/www.pladostelma.com\/wp-content\/uploads\/design_e_sostenibilita_arredo_cucina-1536x1028.jpg",1536,1028,true],"2048x2048":["https:\/\/www.pladostelma.com\/wp-content\/uploads\/design_e_sostenibilita_arredo_cucina-2048x1371.jpg",2048,1371,true],"trp-custom-language-flag":["https:\/\/www.pladostelma.com\/wp-content\/uploads\/design_e_sostenibilita_arredo_cucina-18x12.jpg",18,12,true],"woocommerce_thumbnail":["https:\/\/www.pladostelma.com\/wp-content\/uploads\/design_e_sostenibilita_arredo_cucina-300x201.jpg",300,201,true],"woocommerce_single":["https:\/\/www.pladostelma.com\/wp-content\/uploads\/design_e_sostenibilita_arredo_cucina-600x402.jpg",600,402,true],"woocommerce_gallery_thumbnail":["https:\/\/www.pladostelma.com\/wp-content\/uploads\/design_e_sostenibilita_arredo_cucina-100x67.jpg",100,67,true],"variation_swatches_image_size":["https:\/\/www.pladostelma.com\/wp-content\/uploads\/design_e_sostenibilita_arredo_cucina-scaled.jpg",50,33,false],"variation_swatches_tooltip_size":["https:\/\/www.pladostelma.com\/wp-content\/uploads\/design_e_sostenibilita_arredo_cucina-scaled.jpg",100,67,false]},"uagb_author_info":{"display_name":"Roberta Spinaci","author_link":"https:\/\/www.pladostelma.com\/fr\/author\/roberta-quid\/"},"uagb_comment_info":0,"uagb_excerpt":"Le ultime tendenze arredo cucina confermano che non si deve pi\u00f9 scegliere tra design e sostenibilit\u00e0 perch\u00e9 la sostenibilit\u00e0 \u00e8 di design. Se ci siamo fatti l\u2019idea che l\u2019arredo per la cucina che sposa i principi del rispetto dell\u2019ambiente sia un arredo di scarso impatto estetico, il settore ci dimostra che quella idea \u00e8 davvero\u2026","_links":{"self":[{"href":"https:\/\/www.pladostelma.com\/fr\/wp-json\/wp\/v2\/posts\/245565","targetHints":{"allow":["GET"]}}],"collection":[{"href":"https:\/\/www.pladostelma.com\/fr\/wp-json\/wp\/v2\/posts"}],"about":[{"href":"https:\/\/www.pladostelma.com\/fr\/wp-json\/wp\/v2\/types\/post"}],"author":[{"embeddable":true,"href":"https:\/\/www.pladostelma.com\/fr\/wp-json\/wp\/v2\/users\/60"}],"replies":[{"embeddable":true,"href":"https:\/\/www.pladostelma.com\/fr\/wp-json\/wp\/v2\/comments?post=245565"}],"version-history":[{"count":0,"href":"https:\/\/www.pladostelma.com\/fr\/wp-json\/wp\/v2\/posts\/245565\/revisions"}],"wp:featuredmedia":[{"embeddable":true,"href":"https:\/\/www.pladostelma.com\/fr\/wp-json\/wp\/v2\/media\/245569"}],"wp:attachment":[{"href":"https:\/\/www.pladostelma.com\/fr\/wp-json\/wp\/v2\/media?parent=245565"}],"wp:term":[{"taxonomy":"category","embeddable":true,"href":"https:\/\/www.pladostelma.com\/fr\/wp-json\/wp\/v2\/categories?post=245565"},{"taxonomy":"post_tag","embeddable":true,"href":"https:\/\/www.pladostelma.com\/fr\/wp-json\/wp\/v2\/tags?post=245565"}],"curies":[{"name":"wp","href":"https:\/\/api.w.org\/{rel}","templated":true}]}}