{"id":245532,"date":"2023-08-09T12:22:17","date_gmt":"2023-08-09T10:22:17","guid":{"rendered":"https:\/\/www.pladostelma.com\/?p=245532"},"modified":"2023-08-09T12:22:17","modified_gmt":"2023-08-09T10:22:17","slug":"lavelli-cucine-e-living-open-space","status":"publish","type":"post","link":"https:\/\/www.pladostelma.com\/fr\/news\/lavelli-cucine-e-living-open-space\/","title":{"rendered":"Des \u00e9viers \u00e9l\u00e9gants pour les cuisines et les salles de s\u00e9jour ouvertes"},"content":{"rendered":"<p>De plus en plus fr\u00e9quemment, <strong>la cuisine et le salon sont con\u00e7us et r\u00e9alis\u00e9s comme un seul espace ouvert<\/strong> avec une cuisine ouverte sur l'espace de vie. Un espace ouvert qui d\u00e9coule du d\u00e9sir de disposer d'une plus grande pi\u00e8ce <strong>pour la sociabilit\u00e9 et la convivialit\u00e9<\/strong>.&nbsp;<\/p>\n\n\n\n<p>Une tendance n\u00e9e apr\u00e8s les restrictions de la pand\u00e9mie qui a oblig\u00e9 tout le monde \u00e0 repenser ses mod\u00e8les de logement et \u00e0 opter pour des solutions multifonctionnelles qui permettraient d'am\u00e9liorer la qualit\u00e9 de vie. <strong>vivre la maison diff\u00e9remment selon l'heure de la journ\u00e9e<\/strong>.&nbsp;<\/p>\n\n\n\n<p>La cuisine n'est plus seulement l'endroit o\u00f9 l'on pr\u00e9pare les repas ou o\u00f9 l'on s'arr\u00eate pour boire un verre ou manger un sandwich. <strong>le c\u0153ur battant de la maison<\/strong>l'endroit o\u00f9 les enfants font leurs devoirs, les travailleurs \u00e0 distance tiennent leurs conf\u00e9rences, se retrouvent entre amis autour d'un ap\u00e9ritif, cuisinent ensemble.<\/p>\n\n\n\n<p>Ce changement d'habitudes a clairement g\u00e9n\u00e9r\u00e9 des solutions de mobilier de cuisine et de salon diff\u00e9rentes qui permettent <strong>vivre ces deux environnements en continuit\u00e9, en alliant fonctionnalit\u00e9 et esth\u00e9tique<\/strong>.&nbsp;<\/p>\n\n\n\n<p>Le <strong><a href=\"https:\/\/www.pladostelma.com\/news\/lavello-cucina-e-coordinati\/\" data-type=\"URL\" data-id=\"https:\/\/www.pladostelma.com\/news\/lavello-cucina-e-coordinati\/\">lignes d'\u00e9vier de cuisine coordonn\u00e9es<\/a><\/strong> et les appareils ont commenc\u00e9 \u00e0 \u00eatre pr\u00e9f\u00e9r\u00e9s pr\u00e9cis\u00e9ment pour cette raisonone ; ils permettent de r\u00e9duire les co\u00fbts et d'am\u00e9liorer la qualit\u00e9 de vie. <strong>obtenir une vision globale et harmonieuse des couleurs<\/strong> car la couleur de l'\u00e9vier est la m\u00eame que celle de la hotte, de la plaque de cuisson et du four. L'impact visuel est certainement de <strong>un raffinement relaxant<\/strong>.&nbsp;<\/p>\n\n\n\n<figure class=\"wp-block-image size-large\"><img decoding=\"async\" width=\"1024\" height=\"686\" src=\"https:\/\/www.pladostelma.com\/wp-content\/uploads\/lavelli_per_cucine_e_living_open_space2-1024x686.jpg\" alt=\"\" class=\"wp-image-245533\" srcset=\"https:\/\/www.pladostelma.com\/wp-content\/uploads\/lavelli_per_cucine_e_living_open_space2-1024x686.jpg 1024w, https:\/\/www.pladostelma.com\/wp-content\/uploads\/lavelli_per_cucine_e_living_open_space2-300x201.jpg 300w, https:\/\/www.pladostelma.com\/wp-content\/uploads\/lavelli_per_cucine_e_living_open_space2-768x514.jpg 768w, https:\/\/www.pladostelma.com\/wp-content\/uploads\/lavelli_per_cucine_e_living_open_space2-1536x1028.jpg 1536w, https:\/\/www.pladostelma.com\/wp-content\/uploads\/lavelli_per_cucine_e_living_open_space2-18x12.jpg 18w, https:\/\/www.pladostelma.com\/wp-content\/uploads\/lavelli_per_cucine_e_living_open_space2-600x402.jpg 600w, https:\/\/www.pladostelma.com\/wp-content\/uploads\/lavelli_per_cucine_e_living_open_space2-100x67.jpg 100w, https:\/\/www.pladostelma.com\/wp-content\/uploads\/lavelli_per_cucine_e_living_open_space2.jpg 1900w\" sizes=\"(max-width: 1024px) 100vw, 1024px\" \/><\/figure>\n\n\n\n<p>Les lignes assorties s'accordent parfaitement avec le choix d'une <strong><a href=\"https:\/\/www.pladostelma.com\/news\/i-vantaggi-del-lavello-integrato-con-il-top\/\" data-type=\"URL\" data-id=\"https:\/\/www.pladostelma.com\/news\/i-vantaggi-del-lavello-integrato-con-il-top\/\">\u00e9vier int\u00e9gr\u00e9 au plan de travail<\/a><\/strong>de cette mani\u00e8re, vous obtenez un <strong>continuit\u00e9 totale de la ligne et de la couleur<\/strong>car les \u00e9viers int\u00e9gr\u00e9s ne comportent ni cales ni joints et ne font qu'un avec le plan de travail.&nbsp;<\/p>\n\n\n\n<p>L'ambiance cr\u00e9\u00e9e est r\u00e9solument contemporaine et minimale, mais les \u00e9viers de cuisine int\u00e9gr\u00e9s dans la partie sup\u00e9rieure de l'espace de travail ont \u00e9t\u00e9 con\u00e7us de fa\u00e7on \u00e0 ce qu'ils soient faciles \u00e0 utiliser. <strong>sont \u00e9galement parfaits pour les d\u00e9cors classiques tels que le style campagnard<\/strong>rafra\u00eechie par des lignes plus modernes.&nbsp;<\/p>\n\n\n\n<p><strong><a href=\"https:\/\/www.pladostelma.com\/\" data-type=\"URL\" data-id=\"https:\/\/www.pladostelma.com\/\">Plados Telma<\/a><\/strong> propone pour les amateurs de ce style un \u00e9vier inspir\u00e9 des \u00e9viers des anciennes maisons de campagne ; <strong>Contemporain<\/strong> est un \u00e9vier de grande taille et tr\u00e8s pratique qui peut \u00eatre <strong>\u00e9quip\u00e9 d'accessoires suppl\u00e9mentaires<\/strong> qui le rendent encore plus fonctionnel.&nbsp;<\/p>\n\n\n\n<figure class=\"wp-block-image size-large\"><img decoding=\"async\" width=\"1024\" height=\"686\" src=\"https:\/\/www.pladostelma.com\/wp-content\/uploads\/lavelli_per_cucine_e_living_open_space3-1024x686.jpg\" alt=\"\" class=\"wp-image-245534\" srcset=\"https:\/\/www.pladostelma.com\/wp-content\/uploads\/lavelli_per_cucine_e_living_open_space3-1024x686.jpg 1024w, https:\/\/www.pladostelma.com\/wp-content\/uploads\/lavelli_per_cucine_e_living_open_space3-300x201.jpg 300w, https:\/\/www.pladostelma.com\/wp-content\/uploads\/lavelli_per_cucine_e_living_open_space3-768x514.jpg 768w, https:\/\/www.pladostelma.com\/wp-content\/uploads\/lavelli_per_cucine_e_living_open_space3-1536x1028.jpg 1536w, https:\/\/www.pladostelma.com\/wp-content\/uploads\/lavelli_per_cucine_e_living_open_space3-18x12.jpg 18w, https:\/\/www.pladostelma.com\/wp-content\/uploads\/lavelli_per_cucine_e_living_open_space3-600x402.jpg 600w, https:\/\/www.pladostelma.com\/wp-content\/uploads\/lavelli_per_cucine_e_living_open_space3-100x67.jpg 100w, https:\/\/www.pladostelma.com\/wp-content\/uploads\/lavelli_per_cucine_e_living_open_space3.jpg 1900w\" sizes=\"(max-width: 1024px) 100vw, 1024px\" \/><\/figure>\n\n\n\n<p>Il est disponible en <strong>5 couleurs<\/strong> qui s'int\u00e8grent parfaitement \u00e0 la nouvelle palette de couleurs de l'espace de vie.&nbsp;<\/p>\n\n\n\n<p>En outre, le Contempo pr\u00e9sente une caract\u00e9ristique qui le rend tout \u00e0 fait unique : il est fabriqu\u00e9 avec le <strong>compos\u00e9 Rinnova<\/strong> contenant \u2267&nbsp;<strong>90% par componenti vert.<\/strong><\/p>\n\n\n\n<p><strong><a href=\"https:\/\/www.pladostelma.com\/rinnova\/\" data-type=\"URL\" data-id=\"https:\/\/www.pladostelma.com\/rinnova\/\">&lt; Scopri come nascono i lavelli green all\u2019origine di Plados Telma! &gt;&nbsp;<\/a><\/strong><\/p>\n\n\n\n<p>Le compos\u00e9 Rinnova provient de <strong>mati\u00e8res premi\u00e8res organiques et inorganiques recycl\u00e9es<\/strong>n'utilise pas de mati\u00e8res premi\u00e8res vierges mais des mati\u00e8res premi\u00e8res autrement destin\u00e9es \u00e0 devenir <strong><a href=\"https:\/\/www.pladostelma.com\/news\/scarti-di-produzione-ed-economia-circolare\/\" data-type=\"URL\" data-id=\"https:\/\/www.pladostelma.com\/news\/scarti-di-produzione-ed-economia-circolare\/\">rebut<\/a><\/strong>.&nbsp;<\/p>\n\n\n\n<p>Le compos\u00e9 Rinnova garantit <strong>la m\u00eame performance<\/strong> que n'importe quel autre \u00e9vier de cuisine Plados Telma, avec l'avantage suppl\u00e9mentaire d'\u00eatre un \u00e9vier respectueux de l'environnement et de la sant\u00e9. <strong>un grand impact esth\u00e9tique<\/strong>.&nbsp;<\/p>\n\n\n\n<p>Les \u00e9viers verts Plados Telma sont parfaits pour ceux qui veulent une cuisine ouverte de grande classe !&nbsp;<\/p>\n\n\n\n<p><br>Si vous souhaitez en savoir plus sur la gamme de produits Plados Telma, <strong><a href=\"https:\/\/www.pladostelma.com\/contatti\/\" data-type=\"URL\" data-id=\"https:\/\/www.pladostelma.com\/contatti\/\">contactez-nous<\/a><\/strong>.&nbsp;<\/p>","protected":false},"excerpt":{"rendered":"<p>Sempre pi\u00f9 frequentemente, cucina e living vengono progettati e realizzati come un unico ambiente aperto con cucina a vista sulla zona giorno. Un open space che nasce dal desiderio di avere a disposizione un ambiente pi\u00f9 grande per la socialit\u00e0 e la convivialit\u00e0.&nbsp; Un trend nato dopo le restrizioni della pandemia che ha costretto tutti [&hellip;]<\/p>\n","protected":false},"author":60,"featured_media":245535,"comment_status":"closed","ping_status":"closed","sticky":false,"template":"","format":"standard","meta":{"_acf_changed":false,"_seopress_robots_primary_cat":"","_seopress_titles_title":"Lavelli di classe per cucine e living open space ","_seopress_titles_desc":"I lavelli di classe Plados Telma per cucine e living open space consentono di arredare con armonia e gusto gli spazi aperti e conviviali.\n","_seopress_robots_index":"","_uag_custom_page_level_css":"","iawp_total_views":95,"uix_meta_title":"","uix_meta_description":"","uix_canonical_url":"","footnotes":""},"categories":[79],"tags":[2579],"class_list":["post-245532","post","type-post","status-publish","format-standard","has-post-thumbnail","hentry","category-news","tag-lavelli-per-cucine-open-space"],"acf":[],"uagb_featured_image_src":{"full":["https:\/\/www.pladostelma.com\/wp-content\/uploads\/lavelli_per_cucine_e_living_open_space.jpg",1900,1272,false],"thumbnail":["https:\/\/www.pladostelma.com\/wp-content\/uploads\/lavelli_per_cucine_e_living_open_space-150x150.jpg",150,150,true],"medium":["https:\/\/www.pladostelma.com\/wp-content\/uploads\/lavelli_per_cucine_e_living_open_space-300x201.jpg",300,201,true],"medium_large":["https:\/\/www.pladostelma.com\/wp-content\/uploads\/lavelli_per_cucine_e_living_open_space-768x514.jpg",768,514,true],"large":["https:\/\/www.pladostelma.com\/wp-content\/uploads\/lavelli_per_cucine_e_living_open_space-1024x686.jpg",1024,686,true],"1536x1536":["https:\/\/www.pladostelma.com\/wp-content\/uploads\/lavelli_per_cucine_e_living_open_space-1536x1028.jpg",1536,1028,true],"2048x2048":["https:\/\/www.pladostelma.com\/wp-content\/uploads\/lavelli_per_cucine_e_living_open_space.jpg",1900,1272,false],"trp-custom-language-flag":["https:\/\/www.pladostelma.com\/wp-content\/uploads\/lavelli_per_cucine_e_living_open_space-18x12.jpg",18,12,true],"woocommerce_thumbnail":["https:\/\/www.pladostelma.com\/wp-content\/uploads\/lavelli_per_cucine_e_living_open_space-300x201.jpg",300,201,true],"woocommerce_single":["https:\/\/www.pladostelma.com\/wp-content\/uploads\/lavelli_per_cucine_e_living_open_space-600x402.jpg",600,402,true],"woocommerce_gallery_thumbnail":["https:\/\/www.pladostelma.com\/wp-content\/uploads\/lavelli_per_cucine_e_living_open_space-100x67.jpg",100,67,true],"variation_swatches_image_size":["https:\/\/www.pladostelma.com\/wp-content\/uploads\/lavelli_per_cucine_e_living_open_space.jpg",50,33,false],"variation_swatches_tooltip_size":["https:\/\/www.pladostelma.com\/wp-content\/uploads\/lavelli_per_cucine_e_living_open_space.jpg",100,67,false]},"uagb_author_info":{"display_name":"Roberta Spinaci","author_link":"https:\/\/www.pladostelma.com\/fr\/author\/roberta-quid\/"},"uagb_comment_info":0,"uagb_excerpt":"Sempre pi\u00f9 frequentemente, cucina e living vengono progettati e realizzati come un unico ambiente aperto con cucina a vista sulla zona giorno. Un open space che nasce dal desiderio di avere a disposizione un ambiente pi\u00f9 grande per la socialit\u00e0 e la convivialit\u00e0.&nbsp; Un trend nato dopo le restrizioni della pandemia che ha costretto tutti\u2026","_links":{"self":[{"href":"https:\/\/www.pladostelma.com\/fr\/wp-json\/wp\/v2\/posts\/245532","targetHints":{"allow":["GET"]}}],"collection":[{"href":"https:\/\/www.pladostelma.com\/fr\/wp-json\/wp\/v2\/posts"}],"about":[{"href":"https:\/\/www.pladostelma.com\/fr\/wp-json\/wp\/v2\/types\/post"}],"author":[{"embeddable":true,"href":"https:\/\/www.pladostelma.com\/fr\/wp-json\/wp\/v2\/users\/60"}],"replies":[{"embeddable":true,"href":"https:\/\/www.pladostelma.com\/fr\/wp-json\/wp\/v2\/comments?post=245532"}],"version-history":[{"count":0,"href":"https:\/\/www.pladostelma.com\/fr\/wp-json\/wp\/v2\/posts\/245532\/revisions"}],"wp:featuredmedia":[{"embeddable":true,"href":"https:\/\/www.pladostelma.com\/fr\/wp-json\/wp\/v2\/media\/245535"}],"wp:attachment":[{"href":"https:\/\/www.pladostelma.com\/fr\/wp-json\/wp\/v2\/media?parent=245532"}],"wp:term":[{"taxonomy":"category","embeddable":true,"href":"https:\/\/www.pladostelma.com\/fr\/wp-json\/wp\/v2\/categories?post=245532"},{"taxonomy":"post_tag","embeddable":true,"href":"https:\/\/www.pladostelma.com\/fr\/wp-json\/wp\/v2\/tags?post=245532"}],"curies":[{"name":"wp","href":"https:\/\/api.w.org\/{rel}","templated":true}]}}