{"id":245506,"date":"2023-07-31T11:31:32","date_gmt":"2023-07-31T09:31:32","guid":{"rendered":"https:\/\/www.pladostelma.com\/?p=245506"},"modified":"2023-07-31T11:31:32","modified_gmt":"2023-07-31T09:31:32","slug":"lavello-cucina-e-coordinati","status":"publish","type":"post","link":"https:\/\/www.pladostelma.com\/fr\/news\/lavello-cucina-e-coordinati\/","title":{"rendered":"\u00c9vier de cuisine et appareils \u00e9lectrom\u00e9nagers assortis"},"content":{"rendered":"<p>Comme nous l'avons d\u00e9j\u00e0 \u00e9voqu\u00e9 dans un article sur la <strong><a href=\"https:\/\/www.pladostelma.com\/news\/i-vantaggi-del-lavello-integrato-con-il-top\/\" data-type=\"URL\" data-id=\"https:\/\/www.pladostelma.com\/news\/i-vantaggi-del-lavello-integrato-con-il-top\/\">\u00e9viers de cuisine int\u00e9gr\u00e9s au plan de travail<\/a><\/strong>La cuisine n'est plus seulement l'endroit o\u00f9 l'on pr\u00e9pare les aliments, elle est devenue le lieu o\u00f9 l'on pr\u00e9pare les repas. <strong>lieu o\u00f9 les gens se rencontrent, se lient, sont ensemble<\/strong>.\u00a0<\/p>\n\n\n\n<p>La cuisine, par essence, est devenue la nouvelle pi\u00e8ce \u00e0 vivre, c'est pourquoi les tendances en mati\u00e8re de mobilier de cuisine proposent <strong>des solutions de plus en plus \u00e9vocatrices sur le plan esth\u00e9tique et coordonn\u00e9es avec l'environnement de vie<\/strong>.&nbsp;<\/p>\n\n\n\n<p>Nous changeons notre comportement, nous changeons notre environnement et les \u00e9l\u00e9ments qui le meublent.&nbsp;<\/p>\n\n\n\n<p>C'est justement parce que la cuisine est devenue plus qu'un simple lieu de pr\u00e9paration et de consommation des repas que Plados Telma a introduit le concept de <strong>\"L'exp\u00e9rience de la cuisine<\/strong> comme synonyme de <strong>exp\u00e9rience positive de la fonctionnalit\u00e9 et de la praticit\u00e9, de l'esth\u00e9tique<\/strong>.&nbsp;<\/p>\n\n\n\n<p>Tous les produits Plados Telma sont con\u00e7us pour r\u00e9pondre \u00e0 cet objectif : haute performance d'utilisation, lignes raffin\u00e9es et souci du d\u00e9tail.&nbsp;<\/p>\n\n\n\n<p><strong><a href=\"https:\/\/www.pladostelma.com\/\" data-type=\"URL\" data-id=\"https:\/\/www.pladostelma.com\/\">&lt; Scopri la Kitchen Experience di Plados Telma, clicca qui! >\u00a0<\/a><\/strong><\/p>\n\n\n\n<p>La gamme de produits Plados Telma comprend <strong><a href=\"https:\/\/www.pladostelma.com\/lavelli-cucina-plados\/\" data-type=\"URL\" data-id=\"https:\/\/www.pladostelma.com\/lavelli-cucina-plados\/\">Eviers de cuisine en composite Plados<\/a><\/strong>, <strong><a href=\"https:\/\/www.pladostelma.com\/telma-lavelli-cucina\/\" data-type=\"URL\" data-id=\"https:\/\/www.pladostelma.com\/telma-lavelli-cucina\/\">Eviers de cuisine en composite Telma<\/a><\/strong>, <strong><a href=\"https:\/\/www.pladostelma.com\/lavelli-cucina-acciaio\/\" data-type=\"URL\" data-id=\"https:\/\/www.pladostelma.com\/lavelli-cucina-acciaio\/\">\u00e9viers en acier<\/a><\/strong>, <strong><a href=\"https:\/\/www.pladostelma.com\/miscelatori\/\" data-type=\"URL\" data-id=\"https:\/\/www.pladostelma.com\/miscelatori\/\">m\u00e9langeurs<\/a><\/strong> et <strong><a href=\"https:\/\/www.pladostelma.com\/elettrodomestici\/\" data-type=\"URL\" data-id=\"https:\/\/www.pladostelma.com\/elettrodomestici\/\">appareils m\u00e9nagers<\/a><\/strong>.\u00a0<\/p>\n\n\n\n<figure class=\"wp-block-image size-large\"><img decoding=\"async\" width=\"1024\" height=\"686\" src=\"https:\/\/www.pladostelma.com\/wp-content\/uploads\/Lavello-cucina-ed-elettrodomestici-coordinati-2-1-1024x686.jpg\" alt=\"\" class=\"wp-image-245508\" srcset=\"https:\/\/www.pladostelma.com\/wp-content\/uploads\/Lavello-cucina-ed-elettrodomestici-coordinati-2-1-1024x686.jpg 1024w, https:\/\/www.pladostelma.com\/wp-content\/uploads\/Lavello-cucina-ed-elettrodomestici-coordinati-2-1-300x201.jpg 300w, https:\/\/www.pladostelma.com\/wp-content\/uploads\/Lavello-cucina-ed-elettrodomestici-coordinati-2-1-768x514.jpg 768w, https:\/\/www.pladostelma.com\/wp-content\/uploads\/Lavello-cucina-ed-elettrodomestici-coordinati-2-1-1536x1028.jpg 1536w, https:\/\/www.pladostelma.com\/wp-content\/uploads\/Lavello-cucina-ed-elettrodomestici-coordinati-2-1-2048x1371.jpg 2048w, https:\/\/www.pladostelma.com\/wp-content\/uploads\/Lavello-cucina-ed-elettrodomestici-coordinati-2-1-18x12.jpg 18w, https:\/\/www.pladostelma.com\/wp-content\/uploads\/Lavello-cucina-ed-elettrodomestici-coordinati-2-1-600x402.jpg 600w, https:\/\/www.pladostelma.com\/wp-content\/uploads\/Lavello-cucina-ed-elettrodomestici-coordinati-2-1-100x67.jpg 100w\" sizes=\"(max-width: 1024px) 100vw, 1024px\" \/><\/figure>\n\n\n\n<p>Plados Telma propone aussi <strong>lignes coordonn\u00e9es pour l'\u00e9vier de la cuisine et les appareils \u00e9lectrom\u00e9nagers <\/strong>qui permettent de cr\u00e9er un environnement en harmonie absolue avec les couleurs, comme l'exigent les derni\u00e8res tendances en mati\u00e8re d'ameublement de cuisine.&nbsp;<\/p>\n\n\n\n<p>Nous proposons des \u00e9viers de cuisine et des appareils \u00e9lectrom\u00e9nagers assortis <strong>pour les environnements classiques et modernes<\/strong>.<\/p>\n\n\n\n<p>\u00c0 la fonctionnalit\u00e9, \u00e0 la qualit\u00e9 et au design, s'ajoute donc la possibilit\u00e9 de <strong>personnaliser l'environnement gr\u00e2ce \u00e0 des solutions coordonn\u00e9es<\/strong> qui contribueront \u00e0 rendre l'atmosph\u00e8re de votre cuisine encore plus \u00e9l\u00e9gante.&nbsp;<\/p>\n\n\n\n<p>Plados Telma fabrique des \u00e9viers de cuisine de haute qualit\u00e9, r\u00e9sultat d'un engagement constant dans la recherche et le d\u00e9veloppement. <strong>recherche et innovationone<\/strong>en particulier le long de la <strong>la durabilit\u00e9 environnementale<\/strong>dans le but d'apporter leur expertise industrielle pour mettre sur le march\u00e9 des produits ayant un cycle de vie plus long, <strong>durable, r\u00e9sistant et conforme aux tendances stylistiques<\/strong>g\u00e9n\u00e9r\u00e9es par des produits de plus en plus <strong>une utilisation prudente des ressources<\/strong>.&nbsp;<\/p>\n\n\n\n<p><strong><a href=\"https:\/\/www.pladostelma.com\/rinnova\/\" data-type=\"URL\" data-id=\"https:\/\/www.pladostelma.com\/rinnova\/\">&lt; Scopri il lavello Rinnova di Plados Telma, realizzato con materia prima rigenerata! >\u00a0<\/a><\/strong><\/p>\n\n\n\n<p>Si vous souhaitez en savoir plus sur l'entreprise, sa philosophie de production et sa gamme de produits de cuisine, <strong><a href=\"https:\/\/www.pladostelma.com\/contatti\/\" data-type=\"URL\" data-id=\"https:\/\/www.pladostelma.com\/contatti\/\">contactez-nous<\/a><\/strong>.\u00a0<\/p>","protected":false},"excerpt":{"rendered":"<p>Come abbiamo avuto gi\u00e0 modo di argomentare in un articolo dedicato ai lavelli cucina integrati con il top, la cucina non \u00e8 pi\u00f9 solo il luogo nel quale si prepara da mangiare ma \u00e8 diventato il luogo nel quale ci si incontra, ci si relaziona, si sta insieme.\u00a0 La cucina, in sostanza, \u00e8 diventata il [&hellip;]<\/p>\n","protected":false},"author":60,"featured_media":245507,"comment_status":"closed","ping_status":"closed","sticky":false,"template":"","format":"standard","meta":{"_acf_changed":false,"_seopress_robots_primary_cat":"","_seopress_titles_title":"Lavello cucina ed elettrodomestici coordinati ","_seopress_titles_desc":"Plados Telma propone lavelli cucina ed elettrodomestici coordinati sia per ambientazioni classiche che moderne: funzionalit\u00e0 e tendenza in cucina.","_seopress_robots_index":"","_uag_custom_page_level_css":"","iawp_total_views":206,"uix_meta_title":"","uix_meta_description":"","uix_canonical_url":"","footnotes":""},"categories":[79],"tags":[2575,2574,2573],"class_list":["post-245506","post","type-post","status-publish","format-standard","has-post-thumbnail","hentry","category-news","tag-coordinati-avello-cucina","tag-elettrodomestici-coordinati","tag-lavello-cucina"],"acf":[],"uagb_featured_image_src":{"full":["https:\/\/www.pladostelma.com\/wp-content\/uploads\/Lavello-cucina-ed-elettrodomestici-coordinati-1-scaled.jpg",2560,1714,false],"thumbnail":["https:\/\/www.pladostelma.com\/wp-content\/uploads\/Lavello-cucina-ed-elettrodomestici-coordinati-1-150x150.jpg",150,150,true],"medium":["https:\/\/www.pladostelma.com\/wp-content\/uploads\/Lavello-cucina-ed-elettrodomestici-coordinati-1-300x201.jpg",300,201,true],"medium_large":["https:\/\/www.pladostelma.com\/wp-content\/uploads\/Lavello-cucina-ed-elettrodomestici-coordinati-1-768x514.jpg",768,514,true],"large":["https:\/\/www.pladostelma.com\/wp-content\/uploads\/Lavello-cucina-ed-elettrodomestici-coordinati-1-1024x686.jpg",1024,686,true],"1536x1536":["https:\/\/www.pladostelma.com\/wp-content\/uploads\/Lavello-cucina-ed-elettrodomestici-coordinati-1-1536x1028.jpg",1536,1028,true],"2048x2048":["https:\/\/www.pladostelma.com\/wp-content\/uploads\/Lavello-cucina-ed-elettrodomestici-coordinati-1-2048x1371.jpg",2048,1371,true],"trp-custom-language-flag":["https:\/\/www.pladostelma.com\/wp-content\/uploads\/Lavello-cucina-ed-elettrodomestici-coordinati-1-18x12.jpg",18,12,true],"woocommerce_thumbnail":["https:\/\/www.pladostelma.com\/wp-content\/uploads\/Lavello-cucina-ed-elettrodomestici-coordinati-1-300x201.jpg",300,201,true],"woocommerce_single":["https:\/\/www.pladostelma.com\/wp-content\/uploads\/Lavello-cucina-ed-elettrodomestici-coordinati-1-600x402.jpg",600,402,true],"woocommerce_gallery_thumbnail":["https:\/\/www.pladostelma.com\/wp-content\/uploads\/Lavello-cucina-ed-elettrodomestici-coordinati-1-100x67.jpg",100,67,true],"variation_swatches_image_size":["https:\/\/www.pladostelma.com\/wp-content\/uploads\/Lavello-cucina-ed-elettrodomestici-coordinati-1-scaled.jpg",50,33,false],"variation_swatches_tooltip_size":["https:\/\/www.pladostelma.com\/wp-content\/uploads\/Lavello-cucina-ed-elettrodomestici-coordinati-1-scaled.jpg",100,67,false]},"uagb_author_info":{"display_name":"Roberta Spinaci","author_link":"https:\/\/www.pladostelma.com\/fr\/author\/roberta-quid\/"},"uagb_comment_info":0,"uagb_excerpt":"Come abbiamo avuto gi\u00e0 modo di argomentare in un articolo dedicato ai lavelli cucina integrati con il top, la cucina non \u00e8 pi\u00f9 solo il luogo nel quale si prepara da mangiare ma \u00e8 diventato il luogo nel quale ci si incontra, ci si relaziona, si sta insieme.\u00a0 La cucina, in sostanza, \u00e8 diventata il\u2026","_links":{"self":[{"href":"https:\/\/www.pladostelma.com\/fr\/wp-json\/wp\/v2\/posts\/245506","targetHints":{"allow":["GET"]}}],"collection":[{"href":"https:\/\/www.pladostelma.com\/fr\/wp-json\/wp\/v2\/posts"}],"about":[{"href":"https:\/\/www.pladostelma.com\/fr\/wp-json\/wp\/v2\/types\/post"}],"author":[{"embeddable":true,"href":"https:\/\/www.pladostelma.com\/fr\/wp-json\/wp\/v2\/users\/60"}],"replies":[{"embeddable":true,"href":"https:\/\/www.pladostelma.com\/fr\/wp-json\/wp\/v2\/comments?post=245506"}],"version-history":[{"count":0,"href":"https:\/\/www.pladostelma.com\/fr\/wp-json\/wp\/v2\/posts\/245506\/revisions"}],"wp:featuredmedia":[{"embeddable":true,"href":"https:\/\/www.pladostelma.com\/fr\/wp-json\/wp\/v2\/media\/245507"}],"wp:attachment":[{"href":"https:\/\/www.pladostelma.com\/fr\/wp-json\/wp\/v2\/media?parent=245506"}],"wp:term":[{"taxonomy":"category","embeddable":true,"href":"https:\/\/www.pladostelma.com\/fr\/wp-json\/wp\/v2\/categories?post=245506"},{"taxonomy":"post_tag","embeddable":true,"href":"https:\/\/www.pladostelma.com\/fr\/wp-json\/wp\/v2\/tags?post=245506"}],"curies":[{"name":"wp","href":"https:\/\/api.w.org\/{rel}","templated":true}]}}