{"id":245300,"date":"2023-05-15T15:48:00","date_gmt":"2023-05-15T13:48:00","guid":{"rendered":"https:\/\/www.pladostelma.com\/?p=245300"},"modified":"2023-05-08T11:49:35","modified_gmt":"2023-05-08T09:49:35","slug":"scarti-di-produzione-ed-economia-circolare","status":"publish","type":"post","link":"https:\/\/www.pladostelma.com\/fr\/news\/scarti-di-produzione-ed-economia-circolare\/","title":{"rendered":"Les d\u00e9chets de productionone et l'\u00e9conomie circulaire"},"content":{"rendered":"<p>L'<strong>\u00e9conomie circulaire<\/strong> est le mod\u00e8le \u00e9conomique bas\u00e9 sur le <strong>la durabilit\u00e9 environnementale<\/strong> et sociale et se concr\u00e9tise par <strong>le recyclage et la r\u00e9g\u00e9n\u00e9rationone des biens<\/strong>. Le mod\u00e8le \u00e9conomique circulaire est n\u00e9, comme alternative aux m\u00e9thodes traditionnelles, de la prise de conscience que les ressources de la plan\u00e8te s'\u00e9puisent et que le d\u00e9veloppement durable est le seul capable de prot\u00e9ger la plan\u00e8te et d'assurer un avenir aux g\u00e9n\u00e9rations suivantes.<\/p>\n\n\n\n<p><br>L'\u00e9conomie circulaire permet de r\u00e9duire le gaspillage des ressources, de diminuer les \u00e9missions polluantes et d'accro\u00eetre l'engagement des entreprises dans la recherche et l'innovation afin de concevoir des produits durables.<br>Les fondements de l'\u00e9conomie circulaire sont les suivants :<br><br>- <strong>R\u00e9duire l'impact sur l'environnement<\/strong> par l'utilisation de mati\u00e8res premi\u00e8res rinnovabile ou recycl\u00e9es ;<br>- <strong>Extensione du cycle de vie du produit<\/strong>;<br>- R\u00e9cup\u00e9ration et recyclage des mati\u00e8res premi\u00e8res et <strong>d\u00e9chets de productionone<\/strong>.<br><br>Dans cet article, nous souhaitons examiner de plus pr\u00e8s le r\u00f4le de premier plan que les d\u00e9chets de production peuvent jouer dans l'\u00e9conomie circulaire.<br><br>L'un des d\u00e9fis les plus passionnants pos\u00e9s par l'\u00e9conomie circulaire concerne pr\u00e9cis\u00e9ment la possibilit\u00e9 de <strong>valoriser les d\u00e9chets de production et les consid\u00e9rer comme une \"ressource\" \u00e0 introduire dans le processus de production<\/strong>.<br><br>La gestion des d\u00e9chets de production est une question qui concerne tous les secteurs de production. Gr\u00e2ce \u00e0 l'\u00e9conomie circulaire, on veut cr\u00e9er une sorte d'\u00e9conomie de march\u00e9. <strong>symbiose industrielle<\/strong>un processus qui permet \u00e0 diff\u00e9rents secteurs de production de se rencontrer et de voir si les d\u00e9chets d'un secteur peuvent \u00eatre utiles \u00e0 un autre, <strong>\u00e9vitant ainsi l'\u00e9limination et les co\u00fbts et le temps qu'elle n\u00e9cessite<\/strong>.<br><br>\u00c0 cet \u00e9gard, <strong><a href=\"https:\/\/www.pladostelma.com\/\" data-type=\"URL\" data-id=\"https:\/\/www.pladostelma.com\/\">Plados Telma<\/a><\/strong> e <strong><a href=\"https:\/\/simonelligroup.com\/\" data-type=\"URL\" data-id=\"https:\/\/simonelligroup.com\/\">Groupe Simonelli<\/a><\/strong>ont r\u00e9alis\u00e9 un exemple de projet de symbiose industrielle : <a href=\"https:\/\/www.youtube.com\/watch?v=5Cu8hOwZR94\">https:\/\/www.youtube.com\/watch?v=5Cu8hOwZR94<\/a><\/p>\n\n\n\n<p><\/p>\n\n\n\n<p>Les entreprises, toutes deux engag\u00e9es dans un processus de <strong><a href=\"https:\/\/www.pladostelma.com\/news\/vantaggi-sostenibilita-aziendale\/\" data-type=\"URL\" data-id=\"https:\/\/www.pladostelma.com\/news\/vantaggi-sostenibilita-aziendale\/\">durabilit\u00e9 des entreprises<\/a><\/strong>ont montr\u00e9 qu'il est \u00e9galement possible de mettre en commun leur savoir-faire industriel respectif pour <strong>obtenir des r\u00e9sultats innovants<\/strong> et transformare le secteur manufacturier en un secteur durable.<br><br>Un autre projet int\u00e9ressant inspir\u00e9 par les principes du recyclage des d\u00e9chets de production a \u00e9t\u00e9 pr\u00e9sent\u00e9 r\u00e9cemment par Plados Telma.<br>Il s'agit de <strong><a href=\"https:\/\/www.pladostelma.com\/news\/plados-telma-lancia-rinnova-il-lavello-green-allorigine\/\" data-type=\"URL\" data-id=\"https:\/\/www.pladostelma.com\/news\/plados-telma-lancia-rinnova-il-lavello-green-allorigine\/\">Rinnova<\/a><\/strong>L'objectif est de cr\u00e9er un \u00e9vier \u00e9cologique \u00e0 l'origine, fabriqu\u00e9 \u00e0 partir de mati\u00e8res premi\u00e8res organiques et inorganiques recycl\u00e9es, et non \u00e0 partir de mati\u00e8res premi\u00e8res vierges. Le r\u00e9sultat est un \u00e9vier vert 90% by componenti qui conserve son caract\u00e8re \u00e9cologique. <strong>inalt\u00e9r\u00e9 sa performance de force et d'esth\u00e9tique<\/strong>.<\/p>\n\n\n\n<p><strong><a href=\"https:\/\/www.pladostelma.com\/news\/lavelli-ecologici-lavelli-green\/\" data-type=\"URL\" data-id=\"https:\/\/www.pladostelma.com\/news\/lavelli-ecologici-lavelli-green\/\">&lt; Scopri di pi\u00f9 sui lavelli ecologici di Plados Telma, clicca qui! &gt;<\/a><\/strong><br><\/p>\n\n\n\n<p>Si vous souhaitez en savoir plus sur les caract\u00e9ristiques du Rinnova, la philosophie de production du one de Plados Telma, cliquez ici. <strong><a href=\"https:\/\/www.pladostelma.com\/contatti\/\" data-type=\"URL\" data-id=\"https:\/\/www.pladostelma.com\/contatti\/\">contactez-nous<\/a><\/strong>. Nous serons heureux de nous faire conna\u00eetre et de vous pr\u00e9senter notre gamme de produits.<\/p>","protected":false},"excerpt":{"rendered":"<p>L\u2019economia circolare \u00e8 il modello economico che si basa sulla sostenibilit\u00e0 ambientale e sociale e si realizza attraverso il riciclo e la rigenerazione dei beni. Il modello economico circolare nasce come alternativa ai metodi tradizionali dalla consapevolezza che le risorse del pianeta sono in esaurimento e lo sviluppo sostenibile \u00e8 il solo in grado di [&hellip;]<\/p>\n","protected":false},"author":60,"featured_media":245301,"comment_status":"closed","ping_status":"closed","sticky":false,"template":"","format":"standard","meta":{"_acf_changed":false,"_seopress_robots_primary_cat":"","_seopress_titles_title":"Scarti di produzione ed economia circolare ","_seopress_titles_desc":"Plados Telma e Simonelli Group, in simbiosi industriale, hanno realizzato un esempio di simbiosi industriale con un progetto di economia circolare.\n\n","_seopress_robots_index":"","_uag_custom_page_level_css":"","iawp_total_views":72,"uix_meta_title":"","uix_meta_description":"","uix_canonical_url":"","footnotes":""},"categories":[79],"tags":[2561,2478,2473,2463,2562,2461],"class_list":["post-245300","post","type-post","status-publish","format-standard","has-post-thumbnail","hentry","category-news","tag-economia-circolare","tag-lavelli-ecologici","tag-lavelli-green","tag-prodotti-green","tag-scarti-di-produzione","tag-sostenibilita"],"acf":[],"uagb_featured_image_src":{"full":["https:\/\/www.pladostelma.com\/wp-content\/uploads\/scarti_produzione_economia_circolare-.jpg",1900,1272,false],"thumbnail":["https:\/\/www.pladostelma.com\/wp-content\/uploads\/scarti_produzione_economia_circolare--150x150.jpg",150,150,true],"medium":["https:\/\/www.pladostelma.com\/wp-content\/uploads\/scarti_produzione_economia_circolare--300x201.jpg",300,201,true],"medium_large":["https:\/\/www.pladostelma.com\/wp-content\/uploads\/scarti_produzione_economia_circolare--768x514.jpg",768,514,true],"large":["https:\/\/www.pladostelma.com\/wp-content\/uploads\/scarti_produzione_economia_circolare--1024x686.jpg",1024,686,true],"1536x1536":["https:\/\/www.pladostelma.com\/wp-content\/uploads\/scarti_produzione_economia_circolare--1536x1028.jpg",1536,1028,true],"2048x2048":["https:\/\/www.pladostelma.com\/wp-content\/uploads\/scarti_produzione_economia_circolare-.jpg",1900,1272,false],"trp-custom-language-flag":["https:\/\/www.pladostelma.com\/wp-content\/uploads\/scarti_produzione_economia_circolare--18x12.jpg",18,12,true],"woocommerce_thumbnail":["https:\/\/www.pladostelma.com\/wp-content\/uploads\/scarti_produzione_economia_circolare--300x201.jpg",300,201,true],"woocommerce_single":["https:\/\/www.pladostelma.com\/wp-content\/uploads\/scarti_produzione_economia_circolare--600x402.jpg",600,402,true],"woocommerce_gallery_thumbnail":["https:\/\/www.pladostelma.com\/wp-content\/uploads\/scarti_produzione_economia_circolare--100x67.jpg",100,67,true],"variation_swatches_image_size":["https:\/\/www.pladostelma.com\/wp-content\/uploads\/scarti_produzione_economia_circolare-.jpg",50,33,false],"variation_swatches_tooltip_size":["https:\/\/www.pladostelma.com\/wp-content\/uploads\/scarti_produzione_economia_circolare-.jpg",100,67,false]},"uagb_author_info":{"display_name":"Roberta Spinaci","author_link":"https:\/\/www.pladostelma.com\/fr\/author\/roberta-quid\/"},"uagb_comment_info":0,"uagb_excerpt":"L\u2019economia circolare \u00e8 il modello economico che si basa sulla sostenibilit\u00e0 ambientale e sociale e si realizza attraverso il riciclo e la rigenerazione dei beni. Il modello economico circolare nasce come alternativa ai metodi tradizionali dalla consapevolezza che le risorse del pianeta sono in esaurimento e lo sviluppo sostenibile \u00e8 il solo in grado di\u2026","_links":{"self":[{"href":"https:\/\/www.pladostelma.com\/fr\/wp-json\/wp\/v2\/posts\/245300","targetHints":{"allow":["GET"]}}],"collection":[{"href":"https:\/\/www.pladostelma.com\/fr\/wp-json\/wp\/v2\/posts"}],"about":[{"href":"https:\/\/www.pladostelma.com\/fr\/wp-json\/wp\/v2\/types\/post"}],"author":[{"embeddable":true,"href":"https:\/\/www.pladostelma.com\/fr\/wp-json\/wp\/v2\/users\/60"}],"replies":[{"embeddable":true,"href":"https:\/\/www.pladostelma.com\/fr\/wp-json\/wp\/v2\/comments?post=245300"}],"version-history":[{"count":0,"href":"https:\/\/www.pladostelma.com\/fr\/wp-json\/wp\/v2\/posts\/245300\/revisions"}],"wp:featuredmedia":[{"embeddable":true,"href":"https:\/\/www.pladostelma.com\/fr\/wp-json\/wp\/v2\/media\/245301"}],"wp:attachment":[{"href":"https:\/\/www.pladostelma.com\/fr\/wp-json\/wp\/v2\/media?parent=245300"}],"wp:term":[{"taxonomy":"category","embeddable":true,"href":"https:\/\/www.pladostelma.com\/fr\/wp-json\/wp\/v2\/categories?post=245300"},{"taxonomy":"post_tag","embeddable":true,"href":"https:\/\/www.pladostelma.com\/fr\/wp-json\/wp\/v2\/tags?post=245300"}],"curies":[{"name":"wp","href":"https:\/\/api.w.org\/{rel}","templated":true}]}}