{"id":239601,"date":"2023-03-02T10:00:00","date_gmt":"2023-03-02T09:00:00","guid":{"rendered":"https:\/\/www.pladostelma.com\/?p=239601"},"modified":"2023-03-01T16:21:58","modified_gmt":"2023-03-01T15:21:58","slug":"i-lavelli-plados-a-masterchef-2023","status":"publish","type":"post","link":"https:\/\/www.pladostelma.com\/fr\/news\/i-lavelli-plados-a-masterchef-2023\/","title":{"rendered":"<strong>Plados s'enfonce \u00e0 Masterchef 2023<\/strong>"},"content":{"rendered":"<p>Le jeudi 2 mars, aujourd'hui, la<strong>edizione 2023 de Masterchef Italia<\/strong> Bruno Barbieri, Antonino Cannavacciulo et Giorgio Locatelli d\u00e9cideront du vainqueur parmi les 6 candidats qui joueront la finale dans la cuisine la plus c\u00e9l\u00e8bre de la t\u00e9l\u00e9vision.<\/p>\n\n\n\n<p>Cette \u00e9ditionone voit la collaboration entre les talents de la cuisine et les produits de Plados Telma se renouveler une fois de plus, au nom de ce que nous avons appel\u00e9 <strong>\"L'exp\u00e9rience de la cuisine<\/strong>qui associe une id\u00e9e de la cuisine en tant que <strong>l'exp\u00e9rience de la convivialit\u00e9, de la fonctionnalit\u00e9, du design et de la durabilit\u00e9 environnementale<\/strong>.<\/p>\n\n\n\n<p>L'edione 2023, en effet, renouvelle l'engagement en faveur de la cuisine durable pour promouvoir une consommation consciente et r\u00e9duire le gaspillage des ressources ; un engagement que Plados Telma a fait sien depuis sa cr\u00e9ation.<\/p>\n\n\n\n<p>Cette ann\u00e9e, Masterchef Italia, gr\u00e2ce \u00e0 son engagement en faveur de l'environnement, a \u00e9galement obtenu une importante certification internationale, le <strong>\"Syst\u00e8me de gestion des d\u00e9chets alimentaires<\/strong> certifiant la qualit\u00e9, la sant\u00e9, la s\u00e9curit\u00e9, le respect de l'environnement et la responsabilit\u00e9 sociale.<\/p>\n\n\n\n<p>Pour Plados Telma, \u00eatre pr\u00e9sent avec ses \u00e9viers, qui sont le r\u00e9sultat d'un processus de production et d'une philosophie de conception visant \u00e0 r\u00e9duire le gaspillage des ressources, est une source de grande satisfaction d'\u00eatre l\u00e0 o\u00f9 les gens sont inspir\u00e9s \u00e0 \u00eatre plus sensibles \u00e0 la durabilit\u00e9.<\/p>","protected":false},"excerpt":{"rendered":"<p>Gioved\u00ec 2 marzo, oggi, si concluder\u00e0 l\u2019edizione 2023 di Masterchef Italia e Bruno Barbieri, Antonino Cannavacciulo e Giorgio Locatelli decreteranno il vincitore tra i 6 concorrenti che si giocheranno la finale nella cucina pi\u00f9 famosa della TV. Questa edizione vede di nuovo rinnovarsi la collaborazione tra il cooking talent e i prodotti Plados Telma, nel [&hellip;]<\/p>\n","protected":false},"author":60,"featured_media":239602,"comment_status":"closed","ping_status":"closed","sticky":false,"template":"","format":"standard","meta":{"_acf_changed":false,"_seopress_robots_primary_cat":"","_seopress_titles_title":"I lavelli Plados a Masterchef 2023","_seopress_titles_desc":"I lavelli Plados a Masterchef 2023 rappresentano la nostra filosofia di Kitchen Experience: vivere la cucina con funzionalit\u00e0 e sostenibilit\u00e0 ambientale\n","_seopress_robots_index":"","_uag_custom_page_level_css":"","iawp_total_views":9,"uix_meta_title":"","uix_meta_description":"","uix_canonical_url":"","footnotes":""},"categories":[79],"tags":[2540,2542,2535,2541,2478,2473,2543,2536,2531,2533,2532,2534,2538,2463,2461,2539],"class_list":["post-239601","post","type-post","status-publish","format-standard","has-post-thumbnail","hentry","category-news","tag-cucina","tag-lavelli-ecologici-cucina","tag-kitchen-experience","tag-lavelli-cucina","tag-lavelli-ecologici","tag-lavelli-green","tag-lavelli-green-cucina","tag-lavelli-plados-telma","tag-masterchef","tag-masterchef-2023","tag-masterchef-italia","tag-masterchef-italia-2023","tag-natura","tag-prodotti-green","tag-sostenibilita","tag-sostenibilita-ambientale"],"acf":[],"uagb_featured_image_src":{"full":["https:\/\/www.pladostelma.com\/wp-content\/uploads\/alt_imm_lavelli_plados_a_masterchefitalia12.jpg",1900,1272,false],"thumbnail":["https:\/\/www.pladostelma.com\/wp-content\/uploads\/alt_imm_lavelli_plados_a_masterchefitalia12-150x150.jpg",150,150,true],"medium":["https:\/\/www.pladostelma.com\/wp-content\/uploads\/alt_imm_lavelli_plados_a_masterchefitalia12-300x201.jpg",300,201,true],"medium_large":["https:\/\/www.pladostelma.com\/wp-content\/uploads\/alt_imm_lavelli_plados_a_masterchefitalia12-768x514.jpg",768,514,true],"large":["https:\/\/www.pladostelma.com\/wp-content\/uploads\/alt_imm_lavelli_plados_a_masterchefitalia12-1024x686.jpg",1024,686,true],"1536x1536":["https:\/\/www.pladostelma.com\/wp-content\/uploads\/alt_imm_lavelli_plados_a_masterchefitalia12-1536x1028.jpg",1536,1028,true],"2048x2048":["https:\/\/www.pladostelma.com\/wp-content\/uploads\/alt_imm_lavelli_plados_a_masterchefitalia12.jpg",1900,1272,false],"trp-custom-language-flag":["https:\/\/www.pladostelma.com\/wp-content\/uploads\/alt_imm_lavelli_plados_a_masterchefitalia12-18x12.jpg",18,12,true],"woocommerce_thumbnail":["https:\/\/www.pladostelma.com\/wp-content\/uploads\/alt_imm_lavelli_plados_a_masterchefitalia12-300x201.jpg",300,201,true],"woocommerce_single":["https:\/\/www.pladostelma.com\/wp-content\/uploads\/alt_imm_lavelli_plados_a_masterchefitalia12-600x402.jpg",600,402,true],"woocommerce_gallery_thumbnail":["https:\/\/www.pladostelma.com\/wp-content\/uploads\/alt_imm_lavelli_plados_a_masterchefitalia12-100x67.jpg",100,67,true],"variation_swatches_image_size":["https:\/\/www.pladostelma.com\/wp-content\/uploads\/alt_imm_lavelli_plados_a_masterchefitalia12.jpg",50,33,false],"variation_swatches_tooltip_size":["https:\/\/www.pladostelma.com\/wp-content\/uploads\/alt_imm_lavelli_plados_a_masterchefitalia12.jpg",100,67,false]},"uagb_author_info":{"display_name":"Roberta Spinaci","author_link":"https:\/\/www.pladostelma.com\/fr\/author\/roberta-quid\/"},"uagb_comment_info":0,"uagb_excerpt":"Gioved\u00ec 2 marzo, oggi, si concluder\u00e0 l\u2019edizione 2023 di Masterchef Italia e Bruno Barbieri, Antonino Cannavacciulo e Giorgio Locatelli decreteranno il vincitore tra i 6 concorrenti che si giocheranno la finale nella cucina pi\u00f9 famosa della TV. Questa edizione vede di nuovo rinnovarsi la collaborazione tra il cooking talent e i prodotti Plados Telma, nel\u2026","_links":{"self":[{"href":"https:\/\/www.pladostelma.com\/fr\/wp-json\/wp\/v2\/posts\/239601","targetHints":{"allow":["GET"]}}],"collection":[{"href":"https:\/\/www.pladostelma.com\/fr\/wp-json\/wp\/v2\/posts"}],"about":[{"href":"https:\/\/www.pladostelma.com\/fr\/wp-json\/wp\/v2\/types\/post"}],"author":[{"embeddable":true,"href":"https:\/\/www.pladostelma.com\/fr\/wp-json\/wp\/v2\/users\/60"}],"replies":[{"embeddable":true,"href":"https:\/\/www.pladostelma.com\/fr\/wp-json\/wp\/v2\/comments?post=239601"}],"version-history":[{"count":0,"href":"https:\/\/www.pladostelma.com\/fr\/wp-json\/wp\/v2\/posts\/239601\/revisions"}],"wp:featuredmedia":[{"embeddable":true,"href":"https:\/\/www.pladostelma.com\/fr\/wp-json\/wp\/v2\/media\/239602"}],"wp:attachment":[{"href":"https:\/\/www.pladostelma.com\/fr\/wp-json\/wp\/v2\/media?parent=239601"}],"wp:term":[{"taxonomy":"category","embeddable":true,"href":"https:\/\/www.pladostelma.com\/fr\/wp-json\/wp\/v2\/categories?post=239601"},{"taxonomy":"post_tag","embeddable":true,"href":"https:\/\/www.pladostelma.com\/fr\/wp-json\/wp\/v2\/tags?post=239601"}],"curies":[{"name":"wp","href":"https:\/\/api.w.org\/{rel}","templated":true}]}}