{"id":236211,"date":"2022-11-07T11:27:43","date_gmt":"2022-11-07T10:27:43","guid":{"rendered":"https:\/\/www.pladostelma.com\/?p=236211"},"modified":"2022-11-07T11:27:46","modified_gmt":"2022-11-07T10:27:46","slug":"cambiamento-climatico-e-autunno-anomalo","status":"publish","type":"post","link":"https:\/\/www.pladostelma.com\/fr\/news\/cambiamento-climatico-e-autunno-anomalo\/","title":{"rendered":"Changement climatique et automne anormal"},"content":{"rendered":"<p>Apr\u00e8s un \u00e9t\u00e9 caract\u00e9ris\u00e9 par <strong><a href=\"https:\/\/www.pladostelma.com\/news\/caldo-intenso-e-siccita-estrema\/\" data-type=\"URL\" data-id=\"https:\/\/www.pladostelma.com\/news\/caldo-intenso-e-siccita-estrema\/\">s\u00e9cheresse et temp\u00e9ratures \u00e9lev\u00e9es<\/a><\/strong>L'automne a confirm\u00e9 la m\u00eame tendance. En Italie, c'\u00e9tait <strong>l'automne le plus chaud de l'histoire<\/strong>avec une augmentation de la temp\u00e9rature moyenne de pr\u00e8s de <strong>1 grade<\/strong> et de faibles pr\u00e9cipitations, li\u00e9es \u00e0 <strong>les ph\u00e9nom\u00e8nes atmosph\u00e9riques violents<\/strong>.<br><br>La source des donn\u00e9es, Coldiretti, a bross\u00e9 un tableau inqui\u00e9tant confirmant la <strong>r\u00e9ductionone des pr\u00e9cipitations de 1\/3 <\/strong>au cours des neuf premiers mois de cette ann\u00e9e et a illustr\u00e9 les d\u00e9g\u00e2ts de cette temp\u00e9rature estivale prolong\u00e9e : les feuilles ne tombent pas des arbres, les fleurs commencent t\u00f4t et les bourgeons sont dangereusement expos\u00e9s au gel, ce qui produit des <strong>une baisse importante de la production agricole<\/strong>.<br><br><strong><a href=\"https:\/\/www.pladostelma.com\/lavelli-cucina-plados\/\" data-type=\"URL\" data-id=\"https:\/\/www.pladostelma.com\/lavelli-cucina-plados\/\">&lt; Scopri i lavelli ecologici Plados Telma. Clicca qui! ><\/a><\/strong><br><br>Le paysage est de plus en plus alarmant et l'ONU appelle \u00e0 des mesures plus strictes contre le changement climatique, selon le dernier rapport de la Commission europ\u00e9enne. <strong>Convention des Nations unies sur les changements climatiquesone<\/strong> Il est clair que, m\u00eame si nous respectons toutes les mesures pr\u00e9vues, la temp\u00e9rature moyenne devrait encore augmenter de 2,5 degr\u00e9s par rapport aux moyennes pr\u00e9industrielles.<br><br>Il appara\u00eet clairement que l'engagement de chacun est n\u00e9cessaire \u00e0 l'objectif d'att\u00e9nuer les cons\u00e9quences de cette flamb\u00e9e de temp\u00e9rature sur l'environnement et la sant\u00e9 humaine.<br><br>Essayons de r\u00e9sumer en une liste les comportements que chacun d'entre nous peut mettre en place pour prot\u00e9ger la plan\u00e8te de l'effondrement climatique :<br><br><strong><a href=\"https:\/\/www.pladostelma.com\/news\/uso-ecologico-degli-elettrodomestici-in-cucina\/\" data-type=\"URL\" data-id=\"https:\/\/www.pladostelma.com\/news\/uso-ecologico-degli-elettrodomestici-in-cucina\/\">- Utilisation \u00e9cologique des appareils m\u00e9nagers dans la cuisine ;<\/a><br><a href=\"https:\/\/www.pladostelma.com\/news\/3-consigli-contro-lo-spreco-in-cucina\/\" data-type=\"URL\" data-id=\"https:\/\/www.pladostelma.com\/news\/3-consigli-contro-lo-spreco-in-cucina\/\">- Lutter contre le gaspillage dans la cuisine ;<\/a><br><a href=\"https:\/\/www.pladostelma.com\/news\/come-risparmiare-acqua-in-cucina\/\" data-type=\"URL\" data-id=\"https:\/\/www.pladostelma.com\/news\/come-risparmiare-acqua-in-cucina\/\">- Optimiser la consommation d'eau dans la cuisine ;<\/a><br><a href=\"https:\/\/www.pladostelma.com\/news\/come-imparare-a-vivere-in-modo-ecosostenibile\/\" data-type=\"URL\" data-id=\"https:\/\/www.pladostelma.com\/news\/come-imparare-a-vivere-in-modo-ecosostenibile\/\">- Vie durable ;<\/a><br><a href=\"https:\/\/www.pladostelma.com\/news\/scegliere-energie-rinnovabili-per-la-casa\/\" data-type=\"URL\" data-id=\"https:\/\/www.pladostelma.com\/news\/scegliere-energie-rinnovabili-per-la-casa\/\">- Choisir une \u00e9nergie renouvelable pour la maison ;<\/a><br><a href=\"https:\/\/www.pladostelma.com\/news\/lavelli-ecologici-per-cucine-ecologiche\/\" data-type=\"URL\" data-id=\"https:\/\/www.pladostelma.com\/news\/lavelli-ecologici-per-cucine-ecologiche\/\">- Rendre notre cuisine plus verte.<\/a><\/strong><\/p>\n\n\n\n<p>Vous y trouverez de nombreux conseils utiles pour r\u00e9duire le gaspillage des ressources et lutter contre l'impact environnemental de nos activit\u00e9s \u00e0 la maison.<br><br>Les entreprises, ainsi que les citoyens, sont \u00e9galement invit\u00e9s \u00e0 adopter un comportement plus respectueux, <strong>s'effor\u00e7ant d'am\u00e9liorer leurs processus de production internes<\/strong>concevoir et fabriquer des produits attentifs \u00e0 l'origine de la mati\u00e8re premi\u00e8re, destin\u00e9s \u00e0 un cycle de vie plus long, recyclables et <strong>r\u00e9utilisable<\/strong> dans la cha\u00eene de productionone.<br><br><strong><a href=\"https:\/\/www.pladostelma.com\/\" data-type=\"URL\" data-id=\"https:\/\/www.pladostelma.com\/\">Plados Telma<\/a><\/strong>depuis sa cr\u00e9ation, a pris des engagements importants en faveur de la durabilit\u00e9, la consid\u00e9rant comme un moteur strat\u00e9gique de la conceptionone et de la mise en \u0153uvreone ; nos <strong><a href=\"https:\/\/www.pladostelma.com\/delta-lab\/\" data-type=\"URL\" data-id=\"https:\/\/www.pladostelma.com\/delta-lab\/\">laboratoire de recherche et de d\u00e9veloppement<\/a><\/strong> investit constamment dans des ressources capables de g\u00e9n\u00e9rer des innovationsone dans les mat\u00e9riaux.<br><br>Si vous souhaitez en savoir plus sur nos \u00e9viers \u00e9cologiques, <strong><a href=\"https:\/\/www.pladostelma.com\/contatti\/\" data-type=\"URL\" data-id=\"https:\/\/www.pladostelma.com\/contatti\/\">contactez-nous<\/a><\/strong>.<\/p>","protected":false},"excerpt":{"rendered":"<p>Dopo un\u2019estate caratterizzata da siccit\u00e0 e temperature elevate, l\u2019autunno ha confermato lo stesso trend. In Italia \u00e8 stato l\u2019autunno pi\u00f9 caldo di sempre, con un aumento della temperatura media di quasi 1 grado e scarse precipitazioni, legate a fenomeni atmosferici violenti. La fonte dei dati, Coldiretti, ha delineato un quadro preoccupante confermando la riduzione delle [&hellip;]<\/p>\n","protected":false},"author":60,"featured_media":236212,"comment_status":"closed","ping_status":"closed","sticky":false,"template":"","format":"standard","meta":{"_acf_changed":false,"_seopress_robots_primary_cat":"","_seopress_titles_title":"Cambiamento climatico e autunno anomalo","_seopress_titles_desc":"Il panorama \u00e8 sempre pi\u00f9 allarmante e l\u2019ONU invita a prendere misure pi\u00f9 stringenti nei confronti del cambiamento climatico. ","_seopress_robots_index":"","_uag_custom_page_level_css":"","iawp_total_views":11,"uix_meta_title":"","uix_meta_description":"","uix_canonical_url":"","footnotes":""},"categories":[79],"tags":[],"class_list":["post-236211","post","type-post","status-publish","format-standard","has-post-thumbnail","hentry","category-news"],"acf":[],"uagb_featured_image_src":{"full":["https:\/\/www.pladostelma.com\/wp-content\/uploads\/alt_imm_cambiamenti_climatici.jpg",1900,1272,false],"thumbnail":["https:\/\/www.pladostelma.com\/wp-content\/uploads\/alt_imm_cambiamenti_climatici-150x150.jpg",150,150,true],"medium":["https:\/\/www.pladostelma.com\/wp-content\/uploads\/alt_imm_cambiamenti_climatici-300x201.jpg",300,201,true],"medium_large":["https:\/\/www.pladostelma.com\/wp-content\/uploads\/alt_imm_cambiamenti_climatici-768x514.jpg",768,514,true],"large":["https:\/\/www.pladostelma.com\/wp-content\/uploads\/alt_imm_cambiamenti_climatici-1024x686.jpg",1024,686,true],"1536x1536":["https:\/\/www.pladostelma.com\/wp-content\/uploads\/alt_imm_cambiamenti_climatici-1536x1028.jpg",1536,1028,true],"2048x2048":["https:\/\/www.pladostelma.com\/wp-content\/uploads\/alt_imm_cambiamenti_climatici.jpg",1900,1272,false],"trp-custom-language-flag":["https:\/\/www.pladostelma.com\/wp-content\/uploads\/alt_imm_cambiamenti_climatici-18x12.jpg",18,12,true],"woocommerce_thumbnail":["https:\/\/www.pladostelma.com\/wp-content\/uploads\/alt_imm_cambiamenti_climatici-300x201.jpg",300,201,true],"woocommerce_single":["https:\/\/www.pladostelma.com\/wp-content\/uploads\/alt_imm_cambiamenti_climatici-600x402.jpg",600,402,true],"woocommerce_gallery_thumbnail":["https:\/\/www.pladostelma.com\/wp-content\/uploads\/alt_imm_cambiamenti_climatici-100x67.jpg",100,67,true],"variation_swatches_image_size":["https:\/\/www.pladostelma.com\/wp-content\/uploads\/alt_imm_cambiamenti_climatici.jpg",50,33,false],"variation_swatches_tooltip_size":["https:\/\/www.pladostelma.com\/wp-content\/uploads\/alt_imm_cambiamenti_climatici.jpg",100,67,false]},"uagb_author_info":{"display_name":"Roberta Spinaci","author_link":"https:\/\/www.pladostelma.com\/fr\/author\/roberta-quid\/"},"uagb_comment_info":0,"uagb_excerpt":"Dopo un\u2019estate caratterizzata da siccit\u00e0 e temperature elevate, l\u2019autunno ha confermato lo stesso trend. In Italia \u00e8 stato l\u2019autunno pi\u00f9 caldo di sempre, con un aumento della temperatura media di quasi 1 grado e scarse precipitazioni, legate a fenomeni atmosferici violenti. La fonte dei dati, Coldiretti, ha delineato un quadro preoccupante confermando la riduzione delle\u2026","_links":{"self":[{"href":"https:\/\/www.pladostelma.com\/fr\/wp-json\/wp\/v2\/posts\/236211","targetHints":{"allow":["GET"]}}],"collection":[{"href":"https:\/\/www.pladostelma.com\/fr\/wp-json\/wp\/v2\/posts"}],"about":[{"href":"https:\/\/www.pladostelma.com\/fr\/wp-json\/wp\/v2\/types\/post"}],"author":[{"embeddable":true,"href":"https:\/\/www.pladostelma.com\/fr\/wp-json\/wp\/v2\/users\/60"}],"replies":[{"embeddable":true,"href":"https:\/\/www.pladostelma.com\/fr\/wp-json\/wp\/v2\/comments?post=236211"}],"version-history":[{"count":0,"href":"https:\/\/www.pladostelma.com\/fr\/wp-json\/wp\/v2\/posts\/236211\/revisions"}],"wp:featuredmedia":[{"embeddable":true,"href":"https:\/\/www.pladostelma.com\/fr\/wp-json\/wp\/v2\/media\/236212"}],"wp:attachment":[{"href":"https:\/\/www.pladostelma.com\/fr\/wp-json\/wp\/v2\/media?parent=236211"}],"wp:term":[{"taxonomy":"category","embeddable":true,"href":"https:\/\/www.pladostelma.com\/fr\/wp-json\/wp\/v2\/categories?post=236211"},{"taxonomy":"post_tag","embeddable":true,"href":"https:\/\/www.pladostelma.com\/fr\/wp-json\/wp\/v2\/tags?post=236211"}],"curies":[{"name":"wp","href":"https:\/\/api.w.org\/{rel}","templated":true}]}}