{"id":210319,"date":"2021-04-01T10:01:33","date_gmt":"2021-04-01T08:01:33","guid":{"rendered":"https:\/\/www.pladostelma.com\/?p=210319"},"modified":"2021-04-19T10:18:24","modified_gmt":"2021-04-19T08:18:24","slug":"ricerca-e-innovazione","status":"publish","type":"post","link":"https:\/\/www.pladostelma.com\/fr\/news\/ricerca-e-innovazione\/","title":{"rendered":"30 ans d'activit\u00e9 et toujours tourn\u00e9e vers l'avenir"},"content":{"rendered":"<p>C'est l'innovation qui maintient ensemble le pass\u00e9, le pr\u00e9sent et l'avenir. Nous regardons en arri\u00e8re avec fiert\u00e9 et satisfaction pour ce que nous avons fait, mais nous n'oublions jamais que le monde change et que nous changeons avec lui tous les jours.<\/p>\n\n\n\n<p>Cette ann\u00e9e, notre entreprise f\u00eate ses 30 ans d'existence. Une \u00e9tape importante qui, surtout, r\u00e9compense l'enthousiasme et la passion qui nous accompagnent depuis 1991 et ne nous ont jamais abandonn\u00e9s.<\/p>\n\n\n\n<p>Tout a commenc\u00e9 par la production d'\u00e9viers en composite, gr\u00e2ce auxquels nous avons pu prendre pied sur le march\u00e9 international. En 2004, apr\u00e8s la fusion avec Telma, nous avons \u00e9t\u00e9 les premiers \u00e0 concevoir et \u00e0 produire un \u00e9vier antibact\u00e9rien qui, gr\u00e2ce \u00e0 l'utilisation d'ions d'argent, inhibe le d\u00e9veloppement de micro-organismes nuisibles \u00e0 la sant\u00e9 humaine.<\/p>\n\n\n\n<p>La recherche d'un \u00e9quilibre entre l'homme et l'environnement, le d\u00e9veloppement de technologies qui am\u00e9liorent l'exp\u00e9rience utilisateur de nos produits et la qualit\u00e9 de vie de ceux qui les utilisent ont toujours \u00e9t\u00e9 la plus grande inspiration de notre travail. Une dispositionone \u00e0 l'innovationone qui nous a permis de r\u00e9aliser <strong><a href=\"https:\/\/www.pladostelma.com\/ariapura\/\" class=\"rank-math-link\">ARIAPURA<\/a><\/strong>l'\u00e9vier anti-pollution, anti-bact\u00e9rien et autonettoyant, et nous a permis d'obtenir une importante r\u00e9compense europ\u00e9enne pour <strong><a href=\"https:\/\/www.pladostelma.com\/green-sinks\/\" class=\"rank-math-link\">Green Sinks<\/a><\/strong>Un projet visant \u00e0 cr\u00e9er des puits \u00e9cologiques \u00e0 partir de mat\u00e9riaux recycl\u00e9s.<\/p>\n\n\n\n<p>Pour PladosTelma, la durabilit\u00e9 n'est pas seulement un principe inspirant mais une pratique quotidienne, un exercice constant qui nous pousse \u00e0 fabriquer des produits toujours plus respectueux de l'homme et de l'environnement \u00e0 chaque \u00e9tape de la cha\u00eene de valeur. Pour PladosTelma, la durabilit\u00e9 va de pair avec la recherche et c'est pourquoi nous avons fortement souhait\u00e9 <strong>Delta Lab<\/strong>La division one de l'entreprise am\u00e9liore constamment la qualit\u00e9 de ses mati\u00e8res premi\u00e8res, produits semi-finis et composites.<\/p>\n\n\n\n<p>Le <strong><a href=\"https:\/\/www.pladostelma.com\/certificazioni\/\" class=\"rank-math-link\">certifications <\/a><\/strong>acquis au cours des 30 derni\u00e8res ann\u00e9es expriment v\u00e9ritablement notre intention de donner \u00e0 nos clients la meilleure garantie de produit.<\/p>\n\n\n\n<p>La qualit\u00e9, la fonctionnalit\u00e9 et l'esth\u00e9tique des produits PladosTelma sont le r\u00e9sultat de cet engagement et d'un \u00e9tat d'esprit qui nous pousse \u00e0 grandir, \u00e0 regarder vers l'avenir, \u00e0 observer attentivement comment les besoins des gens \u00e9voluent et \u00e0 r\u00e9pondre de mani\u00e8re \u00e0 ce que le r\u00e9sultat soit toujours accessible \u00e0 tous.<\/p>\n\n\n\n<p>Nous nous engageons \u00e0 produire <strong><a href=\"https:\/\/www.pladostelma.com\/news\/3-buoni-motivi-per-scegliere-pladostelma\/\" class=\"rank-math-link\">des \u00e9viers de qualit\u00e9 au bon prix<\/a><\/strong> afin que la durabilit\u00e9 ne soit pas le privil\u00e8ge de quelques-uns mais un bien commun pour tous. Nous aimerions que la cuisine soit un lieu o\u00f9 l'on pratique le <strong><a href=\"https:\/\/www.pladostelma.com\/news\/casa-ecologica-porta-il-green-nella-tua-cucina\/\" class=\"rank-math-link\">mode de vie vert<\/a><\/strong>&nbsp;avec des gestes simples et quotidiens, en commen\u00e7ant par le<strong>l'utilisation responsable des appareils m\u00e9nagers<\/strong>Nous voudrions que la cuisine soit un lieu de joie, le c\u0153ur battant du plaisir de vivre, une spazio de beaut\u00e9 contemporaine qui puisse r\u00e9pondre aux changements que nous vivons et qui affectent aussi les espaces de vie.<\/p>\n\n\n\n<p>Apr\u00e8s 30 ans<strong>, <\/strong>En bref, nous sommes toujours pleins d'envies, d'intentions, de d\u00e9sir de bien faire, curieux des nouvelles tendances, pr\u00eats \u00e0 les r\u00e9aliser et \u00e0 vous les apporter directement chez vous.<\/p>\n\n\n\n<p>C'est ce que ce trenti\u00e8me anniversaire signifie pour nous : regarder en arri\u00e8re juste un instant pour \u00e9voluer dans un monde en constante \u00e9volution.<\/p>\n\n\n\n<hr class=\"wp-block-separator\"\/>\n\n\n\n<p><\/p>\n\n\n\n<p><\/p>\n\n\n\n<p><\/p>","protected":false},"excerpt":{"rendered":"<p>\u00c8 l\u2019innovazione che tiene insieme il passato, il presente e il futuro. La nostra filosofia \u00e8 questa, guardiamo con orgoglio e soddisfazione a ci\u00f2 che abbiamo fatto ma non dimentichiamo mai che il mondo cambia e ogni giorno cambiamo insieme a lui. Quest\u2019anno la nostra azienda festeggia 30 anni di attivit\u00e0. Un traguardo importante che [&hellip;]<\/p>\n","protected":false},"author":60,"featured_media":210320,"comment_status":"closed","ping_status":"closed","sticky":false,"template":"","format":"standard","meta":{"_acf_changed":false,"_seopress_robots_primary_cat":"","_seopress_titles_title":"Ricerca e innovazione per lavelli in composito da cucina","_seopress_titles_desc":"30 anni di attivit\u00e0 e innovazione per l&#039;azienda Plados Telma che con la continua ricerca \u00e8 riuscita a produrre lavelli da cucina in composito con materiali ecologici e ecosostenibili.\n","_seopress_robots_index":"","_uag_custom_page_level_css":"","iawp_total_views":15,"uix_meta_title":"","uix_meta_description":"","uix_canonical_url":"","footnotes":""},"categories":[79],"tags":[],"class_list":["post-210319","post","type-post","status-publish","format-standard","has-post-thumbnail","hentry","category-news"],"acf":[],"uagb_featured_image_src":{"full":["https:\/\/www.pladostelma.com\/wp-content\/uploads\/2021\/04\/alt_imm_30_anni_innovazione_plados_telma.jpg",1900,1272,false],"thumbnail":["https:\/\/www.pladostelma.com\/wp-content\/uploads\/2021\/04\/alt_imm_30_anni_innovazione_plados_telma-150x150.jpg",150,150,true],"medium":["https:\/\/www.pladostelma.com\/wp-content\/uploads\/2021\/04\/alt_imm_30_anni_innovazione_plados_telma-300x201.jpg",300,201,true],"medium_large":["https:\/\/www.pladostelma.com\/wp-content\/uploads\/2021\/04\/alt_imm_30_anni_innovazione_plados_telma-768x514.jpg",768,514,true],"large":["https:\/\/www.pladostelma.com\/wp-content\/uploads\/2021\/04\/alt_imm_30_anni_innovazione_plados_telma-1024x686.jpg",1024,686,true],"1536x1536":["https:\/\/www.pladostelma.com\/wp-content\/uploads\/2021\/04\/alt_imm_30_anni_innovazione_plados_telma-1536x1028.jpg",1536,1028,true],"2048x2048":["https:\/\/www.pladostelma.com\/wp-content\/uploads\/2021\/04\/alt_imm_30_anni_innovazione_plados_telma.jpg",1900,1272,false],"trp-custom-language-flag":["https:\/\/www.pladostelma.com\/wp-content\/uploads\/2021\/04\/alt_imm_30_anni_innovazione_plados_telma.jpg",18,12,false],"woocommerce_thumbnail":["https:\/\/www.pladostelma.com\/wp-content\/uploads\/2021\/04\/alt_imm_30_anni_innovazione_plados_telma-300x201.jpg",300,201,true],"woocommerce_single":["https:\/\/www.pladostelma.com\/wp-content\/uploads\/2021\/04\/alt_imm_30_anni_innovazione_plados_telma-600x402.jpg",600,402,true],"woocommerce_gallery_thumbnail":["https:\/\/www.pladostelma.com\/wp-content\/uploads\/2021\/04\/alt_imm_30_anni_innovazione_plados_telma-100x100.jpg",100,100,true],"variation_swatches_image_size":["https:\/\/www.pladostelma.com\/wp-content\/uploads\/2021\/04\/alt_imm_30_anni_innovazione_plados_telma.jpg",50,33,false],"variation_swatches_tooltip_size":["https:\/\/www.pladostelma.com\/wp-content\/uploads\/2021\/04\/alt_imm_30_anni_innovazione_plados_telma.jpg",100,67,false]},"uagb_author_info":{"display_name":"Roberta Spinaci","author_link":"https:\/\/www.pladostelma.com\/fr\/author\/roberta-quid\/"},"uagb_comment_info":0,"uagb_excerpt":"\u00c8 l\u2019innovazione che tiene insieme il passato, il presente e il futuro. La nostra filosofia \u00e8 questa, guardiamo con orgoglio e soddisfazione a ci\u00f2 che abbiamo fatto ma non dimentichiamo mai che il mondo cambia e ogni giorno cambiamo insieme a lui. Quest\u2019anno la nostra azienda festeggia 30 anni di attivit\u00e0. Un traguardo importante che\u2026","_links":{"self":[{"href":"https:\/\/www.pladostelma.com\/fr\/wp-json\/wp\/v2\/posts\/210319","targetHints":{"allow":["GET"]}}],"collection":[{"href":"https:\/\/www.pladostelma.com\/fr\/wp-json\/wp\/v2\/posts"}],"about":[{"href":"https:\/\/www.pladostelma.com\/fr\/wp-json\/wp\/v2\/types\/post"}],"author":[{"embeddable":true,"href":"https:\/\/www.pladostelma.com\/fr\/wp-json\/wp\/v2\/users\/60"}],"replies":[{"embeddable":true,"href":"https:\/\/www.pladostelma.com\/fr\/wp-json\/wp\/v2\/comments?post=210319"}],"version-history":[{"count":0,"href":"https:\/\/www.pladostelma.com\/fr\/wp-json\/wp\/v2\/posts\/210319\/revisions"}],"wp:featuredmedia":[{"embeddable":true,"href":"https:\/\/www.pladostelma.com\/fr\/wp-json\/wp\/v2\/media\/210320"}],"wp:attachment":[{"href":"https:\/\/www.pladostelma.com\/fr\/wp-json\/wp\/v2\/media?parent=210319"}],"wp:term":[{"taxonomy":"category","embeddable":true,"href":"https:\/\/www.pladostelma.com\/fr\/wp-json\/wp\/v2\/categories?post=210319"},{"taxonomy":"post_tag","embeddable":true,"href":"https:\/\/www.pladostelma.com\/fr\/wp-json\/wp\/v2\/tags?post=210319"}],"curies":[{"name":"wp","href":"https:\/\/api.w.org\/{rel}","templated":true}]}}