{"id":209992,"date":"2021-03-11T17:20:18","date_gmt":"2021-03-11T16:20:18","guid":{"rendered":"https:\/\/www.pladostelma.com\/?p=209992"},"modified":"2021-03-26T11:54:28","modified_gmt":"2021-03-26T10:54:28","slug":"intervista-a-riccardo-bertini-managing-director-di-plados-telma","status":"publish","type":"post","link":"https:\/\/www.pladostelma.com\/fr\/news\/intervista-a-riccardo-bertini-managing-director-di-plados-telma\/","title":{"rendered":"Entretien avec Riccardo Bertini, directeur g\u00e9n\u00e9ral de Plados Telma"},"content":{"rendered":"<p><strong>Riccardo, l'ann\u00e9e a commenc\u00e9 par la nouvelle que les produits PladosTelma seront pr\u00e9sent\u00e9s dans la dixi\u00e8me \u00e9dition de l'\u00e9mission de cuisine la plus c\u00e9l\u00e8bre de la t\u00e9l\u00e9vision, Masterchef Italia. Une collaboration importante qui lie la qualit\u00e9 de vos produits \u00e0 l'excellence gastronomique italienne.<\/strong><\/p>\n\n\n\n<p>En cette ann\u00e9e du 30e anniversaire de notre entreprise, c'est une opportunit\u00e9 qui nous rend doublement fiers. Masterchef n'est pas seulement un concours de talents mais il incarne parfaitement les valeurs de nombreuses entreprises italiennes, il promeut l'excellence du Made in Italy, valorise la cr\u00e9ativit\u00e9 et l'artisanat qui ont toujours caract\u00e9ris\u00e9 le savoir-faire de notre pays.<\/p>\n\n\n\n<p><strong>Qualit\u00e9 et style au juste prix est une phrase qui r\u00e9sume la philosophie de votre marque et t\u00e9moigne de votre engagement \u00e0 utiliser les meilleurs mat\u00e9riaux et technologies pour fabriquer un produit qui est performante \u00e0 tous \u00e9gards.<\/strong><\/p>\n\n\n\n<p>Notre mission a toujours \u00e9t\u00e9 de cr\u00e9er des produits esth\u00e9tiques, pratiques et fonctionnels, et nous y parvenons gr\u00e2ce \u00e0 des solutions de conception utilisant des mat\u00e9riaux et des fonctions tr\u00e8s innovants. En ce qui concerne les \u00e9viers en mat\u00e9riau composite, c'est pr\u00e9cis\u00e9ment dans la gamme de couleurs que nos propositions trouvent leur expression maximaleone, nous voulons contribuer \u00e0 rendre l'environnement de la cuisine plus agr\u00e9able et plus vivant !<\/p>\n\n\n\n<p><strong>La recherche et l'innovation sont deux aspects fondamentaux de l'entreprise : faire de la recherche pour r\u00e9aliser des produits toujours plus proches des besoins des personnes, c'est aussi travailler pour am\u00e9liorer leur qualit\u00e9 de vie. Parlez-nous du laboratoire Delta ?<\/strong><\/p>\n\n\n\n<p>Notre centre de R&amp;D, qui comprend le laboratoire physico-chimique et l'usine de production de mati\u00e8res premi\u00e8res, est le c\u0153ur battant de l'entreprise.<\/p>\n\n\n\n<p>En plus de fournir un soutien technique et scientifique aux activit\u00e9s de l'entreprise, il est impliqu\u00e9 dans de nombreux projets d'\u00e9conomie circulaire et d'\u00e9co-durabilit\u00e9 impliquant des universit\u00e9s et des entreprises d'autres secteurs : c'est aussi le but de notre laboratoire, de mettre \u00e0 disposition notre savoir-faire et de travailler en r\u00e9seau avec d'autres r\u00e9alit\u00e9s pour une cause commune.<\/p>\n\n\n\n<p><strong>Nous avons parl\u00e9 de recherche et d'innovation au service des personnes, mais PladosTelma a toujours \u00e9t\u00e9 pr\u00e9occup\u00e9 par l'environnement. Quelles sont les pratiques durables de l'entreprise en mati\u00e8re de buone ?<\/strong><\/p>\n\n\n\n<p>Notre strat\u00e9gie environnementale remonte \u00e0 loin et s'est toujours exprim\u00e9e dans chaque acte de la vie de nos produits et processus. Le projet europ\u00e9en Green Sinks, dans le domaine de l'\u00e9conomie circulaire et financ\u00e9 par l'Unione europ\u00e9en, en est certainement un exemple. Nous encourageons les produits respectueux de l'environnement qui permettent aux gens d'\u00e9conomiser l'eau et l'\u00e9nergie. <a href=\"https:\/\/www.pladostelma.com\/miscelatori\/polytech\/?swcfpc=1\" class=\"rank-math-link\">(voir nos mixers \u00e9cologiques)<\/a>.<\/p>\n\n\n\n<p><strong>Une ann\u00e9e tr\u00e8s exceptionnelle s'est achev\u00e9e, comment avez-vous g\u00e9r\u00e9 les changements impos\u00e9s par la pand\u00e9mie dans votre entreprise ?<\/strong><\/p>\n\n\n\n<p>Heureusement, notre entreprise \u00e9tait d\u00e9j\u00e0 engag\u00e9e depuis quelques ann\u00e9es sur la voie de la transformation num\u00e9rique. La pand\u00e9mie a acc\u00e9l\u00e9r\u00e9 ce processus, m\u00eame si le chemin \u00e0 parcourir est encore long, les besoins des consommateurs d'aujourd'hui ne seront pas ceux de demain. Au milieu de la trag\u00e9die mondiale et de ses effets d\u00e9vastateurs, je pense que les entreprises, dont la n\u00f4tre, ont trouv\u00e9 de nouvelles perspectives et une nouvelle \u00e9nergie pour relever les d\u00e9fis de l'avenir. L'organisation des entreprises et la technologie devront \u00eatre de plus en plus int\u00e9gr\u00e9es et parler le m\u00eame \"langage\". Ce sera probablement le d\u00e9fi le plus difficile et le plus stimulant pour tous.<\/p>\n\n\n\n<p><strong>Quels sont les souhaits et les objectifs de l'entreprise pour 2021 ?<\/strong><\/p>\n\n\n\n<p>Poursuivre sur la voie de la transformazione num\u00e9rique et travailler en toute s\u00e9curit\u00e9 seront des priorit\u00e9s absolues en 2021.<\/p>\n\n\n\n<p>Sur le plan commercial, nous chercherons \u00e0 renforcer notre pr\u00e9sence sur les march\u00e9s internationaux - nous sommes actuellement pr\u00e9sents dans 50 pays - par de nouvelles formes de partenariat et de collaboration.<\/p>","protected":false},"excerpt":{"rendered":"<p>Riccardo Bertini, directeur g\u00e9n\u00e9ral de Plados Telma, parle des 30 ans d'activit\u00e9 de l'entreprise qui produit des \u00e9viers de cuisine en composite et de l'innovation des mat\u00e9riaux \u00e9cologiques.<\/p>","protected":false},"author":60,"featured_media":209995,"comment_status":"closed","ping_status":"closed","sticky":false,"template":"","format":"standard","meta":{"_acf_changed":false,"_seopress_robots_primary_cat":"","_seopress_titles_title":"","_seopress_titles_desc":"","_seopress_robots_index":"","_uag_custom_page_level_css":"","iawp_total_views":74,"uix_meta_title":"","uix_meta_description":"","uix_canonical_url":"","footnotes":""},"categories":[79],"tags":[],"class_list":["post-209992","post","type-post","status-publish","format-standard","has-post-thumbnail","hentry","category-news"],"acf":[],"uagb_featured_image_src":{"full":["https:\/\/www.pladostelma.com\/wp-content\/uploads\/2021\/03\/riccardo_bertini_plados_telma.jpg",1900,1272,false],"thumbnail":["https:\/\/www.pladostelma.com\/wp-content\/uploads\/2021\/03\/riccardo_bertini_plados_telma-150x150.jpg",150,150,true],"medium":["https:\/\/www.pladostelma.com\/wp-content\/uploads\/2021\/03\/riccardo_bertini_plados_telma-300x201.jpg",300,201,true],"medium_large":["https:\/\/www.pladostelma.com\/wp-content\/uploads\/2021\/03\/riccardo_bertini_plados_telma-768x514.jpg",768,514,true],"large":["https:\/\/www.pladostelma.com\/wp-content\/uploads\/2021\/03\/riccardo_bertini_plados_telma-1024x686.jpg",1024,686,true],"1536x1536":["https:\/\/www.pladostelma.com\/wp-content\/uploads\/2021\/03\/riccardo_bertini_plados_telma-1536x1028.jpg",1536,1028,true],"2048x2048":["https:\/\/www.pladostelma.com\/wp-content\/uploads\/2021\/03\/riccardo_bertini_plados_telma.jpg",1900,1272,false],"trp-custom-language-flag":["https:\/\/www.pladostelma.com\/wp-content\/uploads\/2021\/03\/riccardo_bertini_plados_telma.jpg",18,12,false],"woocommerce_thumbnail":["https:\/\/www.pladostelma.com\/wp-content\/uploads\/2021\/03\/riccardo_bertini_plados_telma-300x201.jpg",300,201,true],"woocommerce_single":["https:\/\/www.pladostelma.com\/wp-content\/uploads\/2021\/03\/riccardo_bertini_plados_telma-600x402.jpg",600,402,true],"woocommerce_gallery_thumbnail":["https:\/\/www.pladostelma.com\/wp-content\/uploads\/2021\/03\/riccardo_bertini_plados_telma-100x100.jpg",100,100,true],"variation_swatches_image_size":["https:\/\/www.pladostelma.com\/wp-content\/uploads\/2021\/03\/riccardo_bertini_plados_telma.jpg",50,33,false],"variation_swatches_tooltip_size":["https:\/\/www.pladostelma.com\/wp-content\/uploads\/2021\/03\/riccardo_bertini_plados_telma.jpg",100,67,false]},"uagb_author_info":{"display_name":"Roberta Spinaci","author_link":"https:\/\/www.pladostelma.com\/fr\/author\/roberta-quid\/"},"uagb_comment_info":0,"uagb_excerpt":"Riccardo Bertini Managing Director di Plados Telma racconta la i 30 di attivit\u00e0 dell'azienda che produce lavelli da cucina in composito e l'innovazione dei materiali ecologici.","_links":{"self":[{"href":"https:\/\/www.pladostelma.com\/fr\/wp-json\/wp\/v2\/posts\/209992","targetHints":{"allow":["GET"]}}],"collection":[{"href":"https:\/\/www.pladostelma.com\/fr\/wp-json\/wp\/v2\/posts"}],"about":[{"href":"https:\/\/www.pladostelma.com\/fr\/wp-json\/wp\/v2\/types\/post"}],"author":[{"embeddable":true,"href":"https:\/\/www.pladostelma.com\/fr\/wp-json\/wp\/v2\/users\/60"}],"replies":[{"embeddable":true,"href":"https:\/\/www.pladostelma.com\/fr\/wp-json\/wp\/v2\/comments?post=209992"}],"version-history":[{"count":0,"href":"https:\/\/www.pladostelma.com\/fr\/wp-json\/wp\/v2\/posts\/209992\/revisions"}],"wp:featuredmedia":[{"embeddable":true,"href":"https:\/\/www.pladostelma.com\/fr\/wp-json\/wp\/v2\/media\/209995"}],"wp:attachment":[{"href":"https:\/\/www.pladostelma.com\/fr\/wp-json\/wp\/v2\/media?parent=209992"}],"wp:term":[{"taxonomy":"category","embeddable":true,"href":"https:\/\/www.pladostelma.com\/fr\/wp-json\/wp\/v2\/categories?post=209992"},{"taxonomy":"post_tag","embeddable":true,"href":"https:\/\/www.pladostelma.com\/fr\/wp-json\/wp\/v2\/tags?post=209992"}],"curies":[{"name":"wp","href":"https:\/\/api.w.org\/{rel}","templated":true}]}}