{"id":1073,"date":"2015-09-29T00:00:00","date_gmt":"2015-09-28T22:00:00","guid":{"rendered":"https:\/\/www.pladostelma.com\/lavello-plados-grande-fratello\/"},"modified":"2020-10-12T11:55:52","modified_gmt":"2020-10-12T09:55:52","slug":"lavello-plados-grande-fratello","status":"publish","type":"post","link":"https:\/\/www.pladostelma.com\/fr\/news\/lavello-plados-grande-fratello\/","title":{"rendered":"PLADOS SINK IN THE BIG BROTHER HOUSE"},"content":{"rendered":"<p><span style=\"font-size: large;\"><strong>\u00a0<\/strong><\/span><\/p>\n<p><span style=\"font-size: large;\"><strong>\u00a0<\/strong><\/span><\/p>\n<p><span style=\"font-size: large;\"><strong>\u00a0<\/strong><\/span><\/p>\n<p><span style=\"font-size: large;\"><strong>\u00a0<img decoding=\"async\" class=\"size-full wp-image-1061\" src=\"https:\/\/www.pladostelma.com\/wp-content\/uploads\/2015\/09\/grande-fratello-11.jpg\" alt=\"\" width=\"226\" height=\"143\" srcset=\"https:\/\/www.pladostelma.com\/wp-content\/uploads\/2015\/09\/grande-fratello-11.jpg 398w, https:\/\/www.pladostelma.com\/wp-content\/uploads\/2015\/09\/grande-fratello-11-300x190.jpg 300w, https:\/\/www.pladostelma.com\/wp-content\/uploads\/2015\/09\/grande-fratello-11-20x13.jpg 20w\" sizes=\"(max-width: 226px) 100vw, 226px\" \/><\/strong><\/span><\/p>\n<p>\u00a0<\/p>\n<p><span style=\"font-size: large;\"><strong><img decoding=\"async\" class=\"size-full wp-image-1065\" src=\"https:\/\/www.pladostelma.com\/wp-content\/uploads\/2015\/09\/C_18_fotogallery_45_grpFotogallery_lstFoto_4_upiFoto.jpg\" alt=\"\" width=\"558\" height=\"288\" srcset=\"https:\/\/www.pladostelma.com\/wp-content\/uploads\/2015\/09\/C_18_fotogallery_45_grpFotogallery_lstFoto_4_upiFoto.jpg 1220w, https:\/\/www.pladostelma.com\/wp-content\/uploads\/2015\/09\/C_18_fotogallery_45_grpFotogallery_lstFoto_4_upiFoto-300x155.jpg 300w, https:\/\/www.pladostelma.com\/wp-content\/uploads\/2015\/09\/C_18_fotogallery_45_grpFotogallery_lstFoto_4_upiFoto-600x310.jpg 600w, https:\/\/www.pladostelma.com\/wp-content\/uploads\/2015\/09\/C_18_fotogallery_45_grpFotogallery_lstFoto_4_upiFoto-768x397.jpg 768w, https:\/\/www.pladostelma.com\/wp-content\/uploads\/2015\/09\/C_18_fotogallery_45_grpFotogallery_lstFoto_4_upiFoto-1024x529.jpg 1024w, https:\/\/www.pladostelma.com\/wp-content\/uploads\/2015\/09\/C_18_fotogallery_45_grpFotogallery_lstFoto_4_upiFoto-20x10.jpg 20w\" sizes=\"(max-width: 558px) 100vw, 558px\" \/><\/strong><\/span><\/p>\n<p>\u00a0<\/p>\n<p>\u00a0<\/p>\n<p><span style=\"font-size: medium;\">La cuisine choisie pour la 14\u00e8me \u00e9dition de l'\u00e9mission de t\u00e9l\u00e9-r\u00e9alit\u00e9 Big Brother sera \u00e9quip\u00e9e d'un \u00e9vier Plados.<\/span><\/p>\n<p><span style=\"font-size: medium;\">En fait, il franchit le seuil de la maison la plus c\u00e9l\u00e8bre d'Italie, le ON7610 en noir mat.\u00a0<\/span><\/p>\n<p><span style=\"font-size: medium;\">Encore une fois, les \u00e9viers Plados sont choisis pour leur qualit\u00e9, leur praticit\u00e9 et leur \u00e9l\u00e9gance et sont confirm\u00e9s <\/span><\/p>\n<p><span style=\"font-size: medium;\">un \u00e9l\u00e9ment indispensable de toute cuisine.<\/span><\/p>\n<p><img decoding=\"async\" class=\"size-full wp-image-1069\" src=\"https:\/\/www.pladostelma.com\/wp-content\/uploads\/2015\/09\/ON7610_nero.jpg\" alt=\"\" width=\"433\" height=\"267\" srcset=\"https:\/\/www.pladostelma.com\/wp-content\/uploads\/2015\/09\/ON7610_nero.jpg 1920w, https:\/\/www.pladostelma.com\/wp-content\/uploads\/2015\/09\/ON7610_nero-300x185.jpg 300w, https:\/\/www.pladostelma.com\/wp-content\/uploads\/2015\/09\/ON7610_nero-600x370.jpg 600w, https:\/\/www.pladostelma.com\/wp-content\/uploads\/2015\/09\/ON7610_nero-768x473.jpg 768w, https:\/\/www.pladostelma.com\/wp-content\/uploads\/2015\/09\/ON7610_nero-1024x631.jpg 1024w, https:\/\/www.pladostelma.com\/wp-content\/uploads\/2015\/09\/ON7610_nero-20x12.jpg 20w\" sizes=\"(max-width: 433px) 100vw, 433px\" \/><\/p>\n<p><span style=\"font-size: medium;\">Il ne reste plus qu'\u00e0 leur souhaiter une bonne vie commune !<\/span><\/p>\n<p>\u00a0<\/p>\n<p>\u00a0<\/p>","protected":false},"excerpt":{"rendered":"<p>\u00a0 \u00a0 \u00a0 \u00a0 \u00a0 \u00a0 \u00a0 La cucina scelta dalla 14esima edizione del reality show Grande Fratello sar\u00e0 dotata di un lavello Plados. Varca infatti, la soglia della casa pi\u00f9 famosa d&#8217;Italia, ON7610 nel colore nero Matt.\u00a0 Ancora una volta i lavelli Plados vengono scelti per la qualit\u00e0, la praticit\u00e0 e l&#8217;eleganza e si [&hellip;]<\/p>\n","protected":false},"author":1,"featured_media":1061,"comment_status":"closed","ping_status":"closed","sticky":false,"template":"","format":"standard","meta":{"_acf_changed":false,"_seopress_robots_primary_cat":"","_seopress_titles_title":"","_seopress_titles_desc":"","_seopress_robots_index":"","_uag_custom_page_level_css":"","iawp_total_views":81,"uix_meta_title":"","uix_meta_description":"","uix_canonical_url":"","footnotes":""},"categories":[79],"tags":[],"class_list":["post-1073","post","type-post","status-publish","format-standard","has-post-thumbnail","hentry","category-news"],"acf":[],"uagb_featured_image_src":{"full":["https:\/\/www.pladostelma.com\/wp-content\/uploads\/2015\/09\/grande-fratello-11.jpg",398,252,false],"thumbnail":["https:\/\/www.pladostelma.com\/wp-content\/uploads\/2015\/09\/grande-fratello-11-150x150.jpg",150,150,true],"medium":["https:\/\/www.pladostelma.com\/wp-content\/uploads\/2015\/09\/grande-fratello-11-300x190.jpg",300,190,true],"medium_large":["https:\/\/www.pladostelma.com\/wp-content\/uploads\/2015\/09\/grande-fratello-11.jpg",398,252,false],"large":["https:\/\/www.pladostelma.com\/wp-content\/uploads\/2015\/09\/grande-fratello-11.jpg",398,252,false],"1536x1536":["https:\/\/www.pladostelma.com\/wp-content\/uploads\/2015\/09\/grande-fratello-11.jpg",398,252,false],"2048x2048":["https:\/\/www.pladostelma.com\/wp-content\/uploads\/2015\/09\/grande-fratello-11.jpg",398,252,false],"trp-custom-language-flag":["https:\/\/www.pladostelma.com\/wp-content\/uploads\/2015\/09\/grande-fratello-11.jpg",18,12,false],"woocommerce_thumbnail":["https:\/\/www.pladostelma.com\/wp-content\/uploads\/2015\/09\/grande-fratello-11-300x190.jpg",300,190,true],"woocommerce_single":["https:\/\/www.pladostelma.com\/wp-content\/uploads\/2015\/09\/grande-fratello-11.jpg",398,252,false],"woocommerce_gallery_thumbnail":["https:\/\/www.pladostelma.com\/wp-content\/uploads\/2015\/09\/grande-fratello-11-100x100.jpg",100,100,true],"variation_swatches_image_size":["https:\/\/www.pladostelma.com\/wp-content\/uploads\/2015\/09\/grande-fratello-11.jpg",50,32,false],"variation_swatches_tooltip_size":["https:\/\/www.pladostelma.com\/wp-content\/uploads\/2015\/09\/grande-fratello-11.jpg",100,63,false]},"uagb_author_info":{"display_name":"admino","author_link":"https:\/\/www.pladostelma.com\/fr\/author\/admino\/"},"uagb_comment_info":0,"uagb_excerpt":"\u00a0 \u00a0 \u00a0 \u00a0 \u00a0 \u00a0 \u00a0 La cucina scelta dalla 14esima edizione del reality show Grande Fratello sar\u00e0 dotata di un lavello Plados. Varca infatti, la soglia della casa pi\u00f9 famosa d&#8217;Italia, ON7610 nel colore nero Matt.\u00a0 Ancora una volta i lavelli Plados vengono scelti per la qualit\u00e0, la praticit\u00e0 e l&#8217;eleganza e si\u2026","_links":{"self":[{"href":"https:\/\/www.pladostelma.com\/fr\/wp-json\/wp\/v2\/posts\/1073","targetHints":{"allow":["GET"]}}],"collection":[{"href":"https:\/\/www.pladostelma.com\/fr\/wp-json\/wp\/v2\/posts"}],"about":[{"href":"https:\/\/www.pladostelma.com\/fr\/wp-json\/wp\/v2\/types\/post"}],"author":[{"embeddable":true,"href":"https:\/\/www.pladostelma.com\/fr\/wp-json\/wp\/v2\/users\/1"}],"replies":[{"embeddable":true,"href":"https:\/\/www.pladostelma.com\/fr\/wp-json\/wp\/v2\/comments?post=1073"}],"version-history":[{"count":0,"href":"https:\/\/www.pladostelma.com\/fr\/wp-json\/wp\/v2\/posts\/1073\/revisions"}],"wp:featuredmedia":[{"embeddable":true,"href":"https:\/\/www.pladostelma.com\/fr\/wp-json\/wp\/v2\/media\/1061"}],"wp:attachment":[{"href":"https:\/\/www.pladostelma.com\/fr\/wp-json\/wp\/v2\/media?parent=1073"}],"wp:term":[{"taxonomy":"category","embeddable":true,"href":"https:\/\/www.pladostelma.com\/fr\/wp-json\/wp\/v2\/categories?post=1073"},{"taxonomy":"post_tag","embeddable":true,"href":"https:\/\/www.pladostelma.com\/fr\/wp-json\/wp\/v2\/tags?post=1073"}],"curies":[{"name":"wp","href":"https:\/\/api.w.org\/{rel}","templated":true}]}}