{"id":45369,"date":"2019-09-06T09:09:21","date_gmt":"2019-09-06T07:09:21","guid":{"rendered":"https:\/\/www.pladostelma.com\/pladostelma-presenta-novita-assolute-alla-fiera-sicam-2019\/"},"modified":"2020-10-12T11:54:53","modified_gmt":"2020-10-12T09:54:53","slug":"pladostelma-presenta-novita-assolute-alla-fiera-sicam-2019","status":"publish","type":"post","link":"https:\/\/www.pladostelma.com\/es\/news\/pladostelma-presenta-novita-assolute-alla-fiera-sicam-2019\/","title":{"rendered":"PladosTelma presenta sus novedades en la feria SICAM 2019"},"content":{"rendered":"<p>La feria Sicam (<strong>Del 15 al 18 de octubre de 2019, Pordenone<\/strong>), el evento anual de referencia para la industria internacional de componenti de muebles, productos semielaborados y accesorios.<\/p>\n\n\n\n<p>Fue una oportunidad para presentar en exclusiva a nuestros clientes las numerosas novedades para 2020: una mezcla de tecnolog\u00eda, dise\u00f1o y creatividad en la base del desarrollo de los nuevos productos PladosTelma.<\/p>\n\n\n\n<p>El gran n\u00famero de clientes italianos y extranjeros que visitaron nuestro stand, procedentes de los cinco continentes, fue sin duda un motivo de orgullo y gran satisfacci\u00f3n para nuestra empresa, y nos da a\u00fan m\u00e1s convicci\u00f3n para afrontar los futuros retos del mercado.<\/p>\n\n\n\n<p>Presentamos nuevos acabados y colores de moda, modelos exclusivos de fregaderos y accesorios, as\u00ed como toda una nueva gama de electrodom\u00e9sticos a juego.<\/p>\n\n\n\n<p>Nos vemos el a\u00f1o que viene.<\/p>\n\n\n\n<figure class=\"wp-block-image size-large\"><img decoding=\"async\" width=\"1024\" height=\"695\" src=\"https:\/\/www.pladostelma.com\/wp-content\/uploads\/2019\/09\/fiera-1024x695.jpg\" alt=\"\" class=\"wp-image-201857\" srcset=\"https:\/\/www.pladostelma.com\/wp-content\/uploads\/2019\/09\/fiera-1024x695.jpg 1024w, https:\/\/www.pladostelma.com\/wp-content\/uploads\/2019\/09\/fiera-300x204.jpg 300w, https:\/\/www.pladostelma.com\/wp-content\/uploads\/2019\/09\/fiera-600x407.jpg 600w, https:\/\/www.pladostelma.com\/wp-content\/uploads\/2019\/09\/fiera-768x521.jpg 768w, https:\/\/www.pladostelma.com\/wp-content\/uploads\/2019\/09\/fiera.jpg 1432w\" sizes=\"(max-width: 1024px) 100vw, 1024px\" \/><\/figure>","protected":false},"excerpt":{"rendered":"<p>Si \u00e8 da poco conclusa la fiera Sicam (15-18 ottobre 2019, Pordenone), l\u2019appuntamento annuale di riferimento per l\u2019industria internazionale dei componenti, dei semilavorati e degli accessori per il mobile. E\u2019 stata l\u2019occasione per presentare in esclusiva ai nostri clienti le tante novit\u00e0 per il 2020: un mix di tecnologia, design e creativit\u00e0 alla base dello [&hellip;]<\/p>\n","protected":false},"author":2,"featured_media":0,"comment_status":"closed","ping_status":"closed","sticky":false,"template":"","format":"standard","meta":{"_acf_changed":false,"_seopress_robots_primary_cat":"","_seopress_titles_title":"","_seopress_titles_desc":"","_seopress_robots_index":"","_uag_custom_page_level_css":"","iawp_total_views":4,"uix_meta_title":"","uix_meta_description":"","uix_canonical_url":"","footnotes":""},"categories":[2005,79,2193],"tags":[],"class_list":["post-45369","post","type-post","status-publish","format-standard","hentry","category-eventi","category-news","category-sicam"],"acf":[],"uagb_featured_image_src":{"full":false,"thumbnail":false,"medium":false,"medium_large":false,"large":false,"1536x1536":false,"2048x2048":false,"trp-custom-language-flag":false,"woocommerce_thumbnail":false,"woocommerce_single":false,"woocommerce_gallery_thumbnail":false,"variation_swatches_image_size":false,"variation_swatches_tooltip_size":false},"uagb_author_info":{"display_name":"Luca Cavaleri","author_link":"https:\/\/www.pladostelma.com\/es\/author\/luca\/"},"uagb_comment_info":0,"uagb_excerpt":"Si \u00e8 da poco conclusa la fiera Sicam (15-18 ottobre 2019, Pordenone), l\u2019appuntamento annuale di riferimento per l\u2019industria internazionale dei componenti, dei semilavorati e degli accessori per il mobile. E\u2019 stata l\u2019occasione per presentare in esclusiva ai nostri clienti le tante novit\u00e0 per il 2020: un mix di tecnologia, design e creativit\u00e0 alla base dello&hellip;","_links":{"self":[{"href":"https:\/\/www.pladostelma.com\/es\/wp-json\/wp\/v2\/posts\/45369","targetHints":{"allow":["GET"]}}],"collection":[{"href":"https:\/\/www.pladostelma.com\/es\/wp-json\/wp\/v2\/posts"}],"about":[{"href":"https:\/\/www.pladostelma.com\/es\/wp-json\/wp\/v2\/types\/post"}],"author":[{"embeddable":true,"href":"https:\/\/www.pladostelma.com\/es\/wp-json\/wp\/v2\/users\/2"}],"replies":[{"embeddable":true,"href":"https:\/\/www.pladostelma.com\/es\/wp-json\/wp\/v2\/comments?post=45369"}],"version-history":[{"count":0,"href":"https:\/\/www.pladostelma.com\/es\/wp-json\/wp\/v2\/posts\/45369\/revisions"}],"wp:attachment":[{"href":"https:\/\/www.pladostelma.com\/es\/wp-json\/wp\/v2\/media?parent=45369"}],"wp:term":[{"taxonomy":"category","embeddable":true,"href":"https:\/\/www.pladostelma.com\/es\/wp-json\/wp\/v2\/categories?post=45369"},{"taxonomy":"post_tag","embeddable":true,"href":"https:\/\/www.pladostelma.com\/es\/wp-json\/wp\/v2\/tags?post=45369"}],"curies":[{"name":"wp","href":"https:\/\/api.w.org\/{rel}","templated":true}]}}