{"id":248212,"date":"2026-01-26T16:11:58","date_gmt":"2026-01-26T15:11:58","guid":{"rendered":"https:\/\/www.pladostelma.com\/?p=248212"},"modified":"2026-01-27T16:38:51","modified_gmt":"2026-01-27T15:38:51","slug":"come-il-lavello-puo-cambiare-latmosfera-della-cucina","status":"publish","type":"post","link":"https:\/\/www.pladostelma.com\/es\/news\/come-il-lavello-puo-cambiare-latmosfera-della-cucina-guida-al-kitchen-mood\/","title":{"rendered":"C\u00f3mo el fregadero puede cambiar el ambiente de la cocina: Gu\u00eda del estado de \u00e1nimo en la cocina\u201c"},"content":{"rendered":"<p>En la cocina es donde realmente se vive: se cocina, se charla, se r\u00ede, se recibe a los amigos, se comparten momentos que se convierten en recuerdos. Y en esta important\u00edsima spazio, hay un elemento que a menudo se subestima pero que, en realidad, <strong>determina la atm\u00f3sfera de todo el entorno<\/strong>el fregadero.<\/p>\n\n\n\n<p>S\u00ed, el coraz\u00f3n operativo de la cocina, pero tambi\u00e9n un elemento est\u00e9tico capaz de transformare el <em>\u201cestado de \u00e1nimo\u201d<\/em> de la habitaci\u00f3n.<\/p>\n\n\n\n<p>Bienvenido a la <strong>Estado de \u00e1nimo en la cocina<\/strong>, donde descubrir\u00e1 c\u00f3mo un fregadero puede cambiar el car\u00e1cter de su cocina m\u00e1s de lo que imagina.<\/p>\n\n\n\n<div class=\"wp-block-uagb-buttons uagb-buttons__outer-wrap uagb-btn__default-btn uagb-btn-tablet__default-btn uagb-btn-mobile__default-btn uagb-block-3efa45d9\"><div class=\"uagb-buttons__wrap uagb-buttons-layout-wrap\">\n<div class=\"wp-block-uagb-buttons-child uagb-buttons__outer-wrap uagb-block-9e0afcab wp-block-button\"><div class=\"uagb-button__wrapper\"><a class=\"uagb-buttons-repeater wp-block-button__link\" aria-label=\"\" href=\"https:\/\/www.pladostelma.com\/lavelli-cucina-plados\/\" rel=\"follow noopener\" target=\"_blank\" role=\"button\"><div class=\"uagb-button__link\">Fregaderos Plados<\/div><\/a><\/div><\/div>\n\n\n\n<div class=\"wp-block-uagb-buttons-child uagb-buttons__outer-wrap uagb-block-207f6b30 wp-block-button\"><div class=\"uagb-button__wrapper\"><a class=\"uagb-buttons-repeater wp-block-button__link\" aria-label=\"\" href=\"https:\/\/www.pladostelma.com\/miscelatori\/\" rel=\"follow noopener\" target=\"_blank\" role=\"button\"><div class=\"uagb-button__link\">Mezcladoras Plados<\/div><\/a><\/div><\/div>\n\n\n\n<div class=\"wp-block-uagb-buttons-child uagb-buttons__outer-wrap uagb-block-c6d464d4 wp-block-button\"><div class=\"uagb-button__wrapper\"><a class=\"uagb-buttons-repeater wp-block-button__link\" aria-label=\"\" href=\"https:\/\/www.pladostelma.com\/elettrodomestici\/\" rel=\"follow noopener\" target=\"_blank\" role=\"button\"><div class=\"uagb-button__link\">Electrodom\u00e9sticos Plados<\/div><\/a><\/div><\/div>\n<\/div><\/div>\n\n\n\n<div style=\"height:30px\" aria-hidden=\"true\" class=\"wp-block-spacer\"><\/div>\n\n\n\n<h1 class=\"wp-block-heading\"><strong>El fregadero como centro de atenci\u00f3n: cuando la funcionalidad se convierte en estilo<\/strong><\/h1>\n\n\n\n<p>En una cocina moderna, cada elemento debe desempe\u00f1ar una funci\u00f3n. El fregadero ya no es un simple accesorio: es un <strong>centro visual<\/strong>, un equilibrio entre est\u00e9tica y practicidad.<\/p>\n\n\n\n<p>El fregadero Telma de Plados, con sus l\u00edneas limpias y colores texturizados, atrae inmediatamente las miradas. No es un detalle: es una declaraci\u00f3n de estilo.<\/p>\n\n\n\n<h3 class=\"wp-block-heading\"><strong>Lo que comunica un lavabo bien elegido<\/strong><\/h3>\n\n\n\n<ul class=\"wp-block-list\">\n<li>Orden;<\/li>\n\n\n\n<li>Elegancia;<\/li>\n\n\n\n<li>Atenci\u00f3n a los detalles;<\/li>\n\n\n\n<li>Personalidad.<\/li>\n<\/ul>\n\n\n\n<p>El primer paso para crear un ambiente que hable de usted es darse cuenta de que el fregadero no es s\u00f3lo una herramienta indispensable para su cocina, sino tambi\u00e9n una aut\u00e9ntica pieza de mobiliario y dise\u00f1o que habla de nosotros.<\/p>\n\n\n\n<figure class=\"wp-block-image size-full\"><img decoding=\"async\" width=\"2560\" height=\"1810\" src=\"https:\/\/www.pladostelma.com\/wp-content\/uploads\/LX8610ST_low-scaled.jpg\" alt=\"Moderna cocina con ventana y vistas al jard\u00edn\" class=\"wp-image-247962\"\/><\/figure>\n\n\n\n<div style=\"height:30px\" aria-hidden=\"true\" class=\"wp-block-spacer\"><\/div>\n\n\n\n<h1 class=\"wp-block-heading\"><strong><strong>El poder del color: la clave del ambiente en la cocina\u201c<\/strong><\/strong><\/h1>\n\n\n\n<p>El color del fregadero influye enormemente en el ambiente de la cocina. Puede hacerla m\u00e1s c\u00e1lida, m\u00e1s moderna, m\u00e1s luminosa, m\u00e1s sofisticada.<\/p>\n\n\n\n<h3 class=\"wp-block-heading\"><strong>Fregaderos transparentes<\/strong><\/h3>\n\n\n\n<p>Transmiten luz, limpieza, armon\u00eda. Perfectos para cocinas minimalistas, n\u00f3rdicas y elegantes.<\/p>\n\n\n\n<h3 class=\"wp-block-heading\"><strong>Fregaderos oscuros<\/strong><\/h3>\n\n\n\n<p>Aportan car\u00e1cter, profundidad y un toque de lujo. Ideales para cocinas modernas, industriales y contempor\u00e1neas.<\/p>\n\n\n\n<h3 class=\"wp-block-heading\"><strong>Fregaderos de colores<\/strong><\/h3>\n\n\n\n<p>Aportan energ\u00eda, creatividad y personalidad. Perfectos para quienes desean una cocina que no pase desapercibida.<\/p>\n\n\n\n<p>Para nosotros en Plados, el color no es un detalle sino un <strong>elemento de decoraci\u00f3n<\/strong> de suma importancia.<\/p>\n\n\n\n<figure class=\"wp-block-image size-large\"><img decoding=\"async\" width=\"1024\" height=\"640\" src=\"https:\/\/www.pladostelma.com\/wp-content\/uploads\/colori_0000_Livello-13-1-1024x640.jpg\" alt=\"Bloques cuadrados sobre fondo beige, disposici\u00f3n geom\u00e9trica.\" class=\"wp-image-248207\" srcset=\"https:\/\/www.pladostelma.com\/wp-content\/uploads\/colori_0000_Livello-13-1-1024x640.jpg 1024w, https:\/\/www.pladostelma.com\/wp-content\/uploads\/colori_0000_Livello-13-1-300x188.jpg 300w, https:\/\/www.pladostelma.com\/wp-content\/uploads\/colori_0000_Livello-13-1-768x480.jpg 768w, https:\/\/www.pladostelma.com\/wp-content\/uploads\/colori_0000_Livello-13-1-18x12.jpg 18w, https:\/\/www.pladostelma.com\/wp-content\/uploads\/colori_0000_Livello-13-1-600x375.jpg 600w, https:\/\/www.pladostelma.com\/wp-content\/uploads\/colori_0000_Livello-13-1-100x63.jpg 100w, https:\/\/www.pladostelma.com\/wp-content\/uploads\/colori_0000_Livello-13-1.jpg 1280w\" sizes=\"(max-width: 1024px) 100vw, 1024px\" \/><\/figure>\n\n\n\n<div style=\"height:30px\" aria-hidden=\"true\" class=\"wp-block-spacer\"><\/div>\n\n\n\n<h1 class=\"wp-block-heading\"><strong><strong>Texturas y materiales: la sensaci\u00f3n que marca la diferencia<\/strong><\/strong><\/h1>\n\n\n\n<div class=\"wp-block-media-text has-media-on-the-right is-stacked-on-mobile\"><div class=\"wp-block-media-text__content\">\n<p>Cuando se toca un fregadero, se percibe inmediatamente la calidad. La superficie, el acabado, el tacto: todo contribuye a crear un \u201cestado de \u00e1nimo\u201d.<\/p>\n\n\n\n<p>Un fregadero con textura \u201cefecto granito\u201d transmite calidez y autenticidad. Una superficie suave al tacto transmite modernidad y limpieza visual.<\/p>\n\n\n\n<p>El lavabo se convierte as\u00ed en un elemento sensorial, capaz de influir en la experiencia cotidiana.<\/p>\n<\/div><figure class=\"wp-block-media-text__media\"><img decoding=\"async\" width=\"758\" height=\"1024\" src=\"https:\/\/www.pladostelma.com\/wp-content\/uploads\/materiali-758x1024.jpg\" alt=\"\" class=\"wp-image-248221 size-full\" srcset=\"https:\/\/www.pladostelma.com\/wp-content\/uploads\/materiali-758x1024.jpg 758w, https:\/\/www.pladostelma.com\/wp-content\/uploads\/materiali-222x300.jpg 222w, https:\/\/www.pladostelma.com\/wp-content\/uploads\/materiali-768x1038.jpg 768w, https:\/\/www.pladostelma.com\/wp-content\/uploads\/materiali-1136x1536.jpg 1136w, https:\/\/www.pladostelma.com\/wp-content\/uploads\/materiali-1515x2048.jpg 1515w, https:\/\/www.pladostelma.com\/wp-content\/uploads\/materiali-9x12.jpg 9w, https:\/\/www.pladostelma.com\/wp-content\/uploads\/materiali-444x600.jpg 444w, https:\/\/www.pladostelma.com\/wp-content\/uploads\/materiali-74x100.jpg 74w, https:\/\/www.pladostelma.com\/wp-content\/uploads\/materiali.jpg 1894w\" sizes=\"(max-width: 758px) 100vw, 758px\" \/><\/figure><\/div>\n\n\n\n<div style=\"height:30px\" aria-hidden=\"true\" class=\"wp-block-spacer\"><\/div>\n\n\n\n<h1 class=\"wp-block-heading\"><strong>El fregadero como elemento de armon\u00eda: c\u00f3mo cambia la percepci\u00f3n de Spazio<\/strong><\/h1>\n\n\n\n<p>Un fregadero bien elegido puede <strong>saldo<\/strong> toda la cocina. Puede iluminar una estancia demasiado oscura, dar car\u00e1cter a una demasiado neutra, crear continuidad entre encimera y mobiliario.<\/p>\n\n\n\n<p>\u00bfEl resultado?<\/p>\n\n\n\n<p>Una cocina m\u00e1s ordenada, m\u00e1s acogedora, m\u00e1s coherente. Una cocina que \u201cfunciona\u201d no solo desde un punto de vista pr\u00e1ctico, sino tambi\u00e9n visual.<\/p>\n\n\n\n<div style=\"height:30px\" aria-hidden=\"true\" class=\"wp-block-spacer\"><\/div>\n\n\n\n<h1 class=\"wp-block-heading\"><strong>El mezclador: el detalle que completa la composici\u00f3n<\/strong><\/h1>\n\n\n\n<div class=\"wp-block-media-text is-stacked-on-mobile\"><figure class=\"wp-block-media-text__media\"><img decoding=\"async\" width=\"775\" height=\"1024\" src=\"https:\/\/www.pladostelma.com\/wp-content\/uploads\/mix_EXTREME-775x1024.jpg\" alt=\"\" class=\"wp-image-248222 size-full\" srcset=\"https:\/\/www.pladostelma.com\/wp-content\/uploads\/mix_EXTREME-775x1024.jpg 775w, https:\/\/www.pladostelma.com\/wp-content\/uploads\/mix_EXTREME-227x300.jpg 227w, https:\/\/www.pladostelma.com\/wp-content\/uploads\/mix_EXTREME-768x1014.jpg 768w, https:\/\/www.pladostelma.com\/wp-content\/uploads\/mix_EXTREME-1163x1536.jpg 1163w, https:\/\/www.pladostelma.com\/wp-content\/uploads\/mix_EXTREME-1551x2048.jpg 1551w, https:\/\/www.pladostelma.com\/wp-content\/uploads\/mix_EXTREME-9x12.jpg 9w, https:\/\/www.pladostelma.com\/wp-content\/uploads\/mix_EXTREME-454x600.jpg 454w, https:\/\/www.pladostelma.com\/wp-content\/uploads\/mix_EXTREME-76x100.jpg 76w, https:\/\/www.pladostelma.com\/wp-content\/uploads\/mix_EXTREME.jpg 1559w\" sizes=\"(max-width: 775px) 100vw, 775px\" \/><\/figure><div class=\"wp-block-media-text__content\">\n<p>El mezclador es el compa\u00f1ero natural del fregadero. Su forma, su color, su presencia esc\u00e9nica ayudan a definir el ambiente de la cocina.<\/p>\n\n\n\n<p>Un mezclador moderno y elegante crea un ambiente contempor\u00e1neo. Un mezclador m\u00e1s suave y redondeado transmite calidez y comodidad.<\/p>\n\n\n\n<p>El color tambi\u00e9n juega su papel. Un fregadero y un grifo monomando del mismo color dan sensaci\u00f3n de uniformidad y continuidad, mientras que si son de colores diferentes pero complementarios, transmiten una sensaci\u00f3n de sofisticaci\u00f3n y dise\u00f1o estil\u00edstico.<\/p>\n\n\n\n<p>Fregadero y mezcladora, juntos, se convierten en un verdadero <strong>juegos de muebles<\/strong>.<\/p>\n<\/div><\/div>\n\n\n\n<div style=\"height:30px\" aria-hidden=\"true\" class=\"wp-block-spacer\"><\/div>\n\n\n\n<h1 class=\"wp-block-heading\"><strong>El fregadero como experiencia: cuando la cocina se convierte en un lugar para vivir<\/strong><\/h1>\n\n\n\n<p>El fregadero de la cocina no es s\u00f3lo un objeto, sino el escenario de gestos cotidianos que hablan de nosotros. Es el sonido del agua fluyendo, la luz reflej\u00e1ndose en la superficie, la comodidad de un spazio bien dise\u00f1ado.<\/p>\n\n\n\n<p>Cuando usted elige un fregadero Plados Telma, elige una experiencia que mejora su d\u00eda y un producto que hace su cocina m\u00e1s bonita, m\u00e1s funcional, m\u00e1s suya.<\/p>\n\n\n\n<div style=\"height:30px\" aria-hidden=\"true\" class=\"wp-block-spacer\"><\/div>\n\n\n\n<h1 class=\"wp-block-heading\"><strong>C\u00f3mo elegir el fregadero adecuado para el ambiente de su cocina\u201c<\/strong><\/h1>\n\n\n\n<p>He aqu\u00ed una gu\u00eda sencilla y directa:<\/p>\n\n\n\n<div class=\"wp-block-media-text has-media-on-the-right is-stacked-on-mobile\"><div class=\"wp-block-media-text__content\">\n<p><strong>\u00bfQuiere una cocina elegante y luminosa?<\/strong><\/p>\n\n\n\n<p>Elija un fregadero claro, de l\u00edneas limpias, con un mezclador m\u00ednimo.<\/p>\n\n\n\n<h3 class=\"wp-block-heading\"><strong>\u00bfQuiere una cocina moderna con car\u00e1cter?<\/strong><\/h3>\n\n\n\n<p>Opte por un fregadero oscuro y profundo con un mezclador negro o de acero inoxidable.<\/p>\n\n\n\n<h3 class=\"wp-block-heading\"><strong>\u00bfQuiere una cocina creativa y personal?<\/strong><\/h3>\n\n\n\n<p>Juega con los colores, elige tonos que hablen de ti.<\/p>\n\n\n\n<h3 class=\"wp-block-heading\"><strong>\u00bfQuiere una cocina acogedora y c\u00e1lida?<\/strong><\/h3>\n\n\n\n<p>Elija acabados con texturas \u201cefecto granito\u201d y colores naturales.<\/p>\n<\/div><figure class=\"wp-block-media-text__media\"><img decoding=\"async\" width=\"1024\" height=\"959\" src=\"https:\/\/www.pladostelma.com\/wp-content\/uploads\/CIRCLE-Plados-Telma-03-1024x959.jpg\" alt=\"Piedras en equilibrio sobre aguas tranquilas\" class=\"wp-image-248038 size-full\" srcset=\"https:\/\/www.pladostelma.com\/wp-content\/uploads\/CIRCLE-Plados-Telma-03-1024x959.jpg 1024w, https:\/\/www.pladostelma.com\/wp-content\/uploads\/CIRCLE-Plados-Telma-03-300x281.jpg 300w, https:\/\/www.pladostelma.com\/wp-content\/uploads\/CIRCLE-Plados-Telma-03-768x719.jpg 768w, https:\/\/www.pladostelma.com\/wp-content\/uploads\/CIRCLE-Plados-Telma-03-13x12.jpg 13w, https:\/\/www.pladostelma.com\/wp-content\/uploads\/CIRCLE-Plados-Telma-03-600x562.jpg 600w, https:\/\/www.pladostelma.com\/wp-content\/uploads\/CIRCLE-Plados-Telma-03-100x94.jpg 100w, https:\/\/www.pladostelma.com\/wp-content\/uploads\/CIRCLE-Plados-Telma-03.jpg 1237w\" sizes=\"(max-width: 1024px) 100vw, 1024px\" \/><\/figure><\/div>\n\n\n\n<p>El fregadero es el punto de partida: todo lo dem\u00e1s surge de ah\u00ed.<\/p>\n\n\n\n<div style=\"height:30px\" aria-hidden=\"true\" class=\"wp-block-spacer\"><\/div>\n\n\n\n<h1 class=\"wp-block-heading\"><strong><strong>Conclusi\u00f3n: el sumidero creador de atm\u00f3sfera<\/strong><\/strong><\/h1>\n\n\n\n<p>La cocina no es s\u00f3lo un lugar donde se cocina. Es una habitaci\u00f3n que dice qui\u00e9n eres, c\u00f3mo vives, qu\u00e9 te gusta, y el fregadero, a menudo subestimado, es uno de los elementos que m\u00e1s influyen en el ambiente de la estancia.<\/p>\n\n\n\n<p>Elegir un fregadero Plados Telma significa elegir un estado de \u00e1nimo, una emoci\u00f3n, una forma de vivir la cocina que combina <strong>belleza, funcionalidad<\/strong>, <strong>estilo<\/strong> y el incomparable <strong>calidad de <em>Fabricado en Italia<\/em><\/strong>.<\/p>\n\n\n\n<p>Un fregadero puede cambiarlo todo y la b\u00fasqueda de su <strong>\u201cEstado de \u00e1nimo en la cocina\u201d<\/strong> empieza aqu\u00ed.<\/p>\n\n\n\n<div class=\"wp-block-uagb-buttons uagb-buttons__outer-wrap uagb-btn__default-btn uagb-btn-tablet__default-btn uagb-btn-mobile__default-btn uagb-block-d95b7e45\"><div class=\"uagb-buttons__wrap uagb-buttons-layout-wrap\">\n<div class=\"wp-block-uagb-buttons-child uagb-buttons__outer-wrap uagb-block-2964bab5 wp-block-button\"><div class=\"uagb-button__wrapper\"><a class=\"uagb-buttons-repeater wp-block-button__link\" aria-label=\"\" href=\"https:\/\/www.pladostelma.com\/lavelli-cucina-plados\/\" rel=\"follow noopener\" target=\"_blank\" role=\"button\"><div class=\"uagb-button__link\">Fregaderos Plados<\/div><\/a><\/div><\/div>\n\n\n\n<div class=\"wp-block-uagb-buttons-child uagb-buttons__outer-wrap uagb-block-eb4981db wp-block-button\"><div class=\"uagb-button__wrapper\"><a class=\"uagb-buttons-repeater wp-block-button__link\" aria-label=\"\" href=\"https:\/\/www.pladostelma.com\/miscelatori\/\" rel=\"follow noopener\" target=\"_blank\" role=\"button\"><div class=\"uagb-button__link\">Mezcladoras Plados<\/div><\/a><\/div><\/div>\n\n\n\n<div class=\"wp-block-uagb-buttons-child uagb-buttons__outer-wrap uagb-block-a904a093 wp-block-button\"><div class=\"uagb-button__wrapper\"><a class=\"uagb-buttons-repeater wp-block-button__link\" aria-label=\"\" href=\"https:\/\/www.pladostelma.com\/elettrodomestici\/\" rel=\"follow noopener\" target=\"_blank\" role=\"button\"><div class=\"uagb-button__link\">Electrodom\u00e9sticos Plados<\/div><\/a><\/div><\/div>\n<\/div><\/div>","protected":false},"excerpt":{"rendered":"<p>La cucina \u00e8 il luogo dove si vive davvero: si cucina, si chiacchiera, si ride, si accolgono gli amici, si condividono momenti che diventano ricordi. E in questo spazio cos\u00ec importante, c\u2019\u00e8 un elemento che spesso viene sottovalutato ma che, in realt\u00e0, determina l\u2019atmosfera dell\u2019intero ambiente: il lavello. S\u00ec, proprio lui, il cuore operativo della [&hellip;]<\/p>\n","protected":false},"author":61,"featured_media":247960,"comment_status":"closed","ping_status":"closed","sticky":false,"template":"","format":"standard","meta":{"_acf_changed":false,"_seopress_robots_primary_cat":"none","_seopress_titles_title":"Come il Lavello pu\u00f2 Cambiare l\u2019Atmosfera della Cucina: Guida al \u201cKitchen Mood\u201d","_seopress_titles_desc":"Scopri come il lavello definisce stile e atmosfera della cucina. Colori, texture e design per creare il tuo Kitchen Mood con Plados Telma.","_seopress_robots_index":"","_uag_custom_page_level_css":"","iawp_total_views":188,"uix_meta_title":"","uix_meta_description":"","uix_canonical_url":"","footnotes":""},"categories":[79],"tags":[],"class_list":["post-248212","post","type-post","status-publish","format-standard","has-post-thumbnail","hentry","category-news"],"acf":[],"uagb_featured_image_src":{"full":["https:\/\/www.pladostelma.com\/wp-content\/uploads\/NF9910_AMB_ESP_low.jpg",2173,1960,false],"thumbnail":["https:\/\/www.pladostelma.com\/wp-content\/uploads\/NF9910_AMB_ESP_low-150x150.jpg",150,150,true],"medium":["https:\/\/www.pladostelma.com\/wp-content\/uploads\/NF9910_AMB_ESP_low-300x300.jpg",300,300,true],"medium_large":["https:\/\/www.pladostelma.com\/wp-content\/uploads\/NF9910_AMB_ESP_low-768x768.jpg",768,768,true],"large":["https:\/\/www.pladostelma.com\/wp-content\/uploads\/NF9910_AMB_ESP_low-1024x1024.jpg",1024,1024,true],"1536x1536":["https:\/\/www.pladostelma.com\/wp-content\/uploads\/NF9910_AMB_ESP_low.jpg",1536,1385,false],"2048x2048":["https:\/\/www.pladostelma.com\/wp-content\/uploads\/NF9910_AMB_ESP_low.jpg",2048,1847,false],"trp-custom-language-flag":["https:\/\/www.pladostelma.com\/wp-content\/uploads\/NF9910_AMB_ESP_low.jpg",13,12,false],"woocommerce_thumbnail":["https:\/\/www.pladostelma.com\/wp-content\/uploads\/NF9910_AMB_ESP_low-300x300.jpg",300,300,true],"woocommerce_single":["https:\/\/www.pladostelma.com\/wp-content\/uploads\/NF9910_AMB_ESP_low-600x600.jpg",600,600,true],"woocommerce_gallery_thumbnail":["https:\/\/www.pladostelma.com\/wp-content\/uploads\/NF9910_AMB_ESP_low-100x100.jpg",100,100,true],"variation_swatches_image_size":["https:\/\/www.pladostelma.com\/wp-content\/uploads\/NF9910_AMB_ESP_low.jpg",50,45,false],"variation_swatches_tooltip_size":["https:\/\/www.pladostelma.com\/wp-content\/uploads\/NF9910_AMB_ESP_low.jpg",100,90,false]},"uagb_author_info":{"display_name":"PladosTelma","author_link":"https:\/\/www.pladostelma.com\/es\/author\/pladostelma\/"},"uagb_comment_info":0,"uagb_excerpt":"La cucina \u00e8 il luogo dove si vive davvero: si cucina, si chiacchiera, si ride, si accolgono gli amici, si condividono momenti che diventano ricordi. E in questo spazio cos\u00ec importante, c\u2019\u00e8 un elemento che spesso viene sottovalutato ma che, in realt\u00e0, determina l\u2019atmosfera dell\u2019intero ambiente: il lavello. S\u00ec, proprio lui, il cuore operativo della&hellip;","_links":{"self":[{"href":"https:\/\/www.pladostelma.com\/es\/wp-json\/wp\/v2\/posts\/248212","targetHints":{"allow":["GET"]}}],"collection":[{"href":"https:\/\/www.pladostelma.com\/es\/wp-json\/wp\/v2\/posts"}],"about":[{"href":"https:\/\/www.pladostelma.com\/es\/wp-json\/wp\/v2\/types\/post"}],"author":[{"embeddable":true,"href":"https:\/\/www.pladostelma.com\/es\/wp-json\/wp\/v2\/users\/61"}],"replies":[{"embeddable":true,"href":"https:\/\/www.pladostelma.com\/es\/wp-json\/wp\/v2\/comments?post=248212"}],"version-history":[{"count":0,"href":"https:\/\/www.pladostelma.com\/es\/wp-json\/wp\/v2\/posts\/248212\/revisions"}],"wp:featuredmedia":[{"embeddable":true,"href":"https:\/\/www.pladostelma.com\/es\/wp-json\/wp\/v2\/media\/247960"}],"wp:attachment":[{"href":"https:\/\/www.pladostelma.com\/es\/wp-json\/wp\/v2\/media?parent=248212"}],"wp:term":[{"taxonomy":"category","embeddable":true,"href":"https:\/\/www.pladostelma.com\/es\/wp-json\/wp\/v2\/categories?post=248212"},{"taxonomy":"post_tag","embeddable":true,"href":"https:\/\/www.pladostelma.com\/es\/wp-json\/wp\/v2\/tags?post=248212"}],"curies":[{"name":"wp","href":"https:\/\/api.w.org\/{rel}","templated":true}]}}