{"id":248116,"date":"2025-09-10T10:21:51","date_gmt":"2025-09-10T08:21:51","guid":{"rendered":"https:\/\/www.pladostelma.com\/?p=248116"},"modified":"2025-09-10T10:21:56","modified_gmt":"2025-09-10T08:21:56","slug":"sicam-2025","status":"publish","type":"post","link":"https:\/\/www.pladostelma.com\/es\/eventi\/sicam\/sicam-2025\/","title":{"rendered":"SICAM 2025"},"content":{"rendered":"<p>Nos complace anunciar que estaremos presentes en SICAM 2025, el principal evento internacional de componentes, accesorios y productos semiacabados para la industria del mueble, que se celebrar\u00e1 en Pordenone del 14 al 17 de octubre.<\/p>\n\n\n\n<p>Le invitamos a visitar nuestro stand para experimentar la calidad y la excelencia que nos distinguen y descubrir las \u00faltimas tendencias e innovaciones que tenemos preparadas para usted. Ser\u00e1 una oportunidad ineludible para conocer a nuestro equipo y saber m\u00e1s sobre nuestras soluciones.<\/p>\n\n\n\n<p>Estamos deseando darle la bienvenida y compartir con usted las noticias que definir\u00e1n el futuro del sector.<\/p>\n\n\n\n<p>Nos encontrar\u00e1 en el pabell\u00f3n 5, stand E11, \u00a1le esperamos!<\/p>\n\n\n\n<figure class=\"wp-block-image size-large\"><img decoding=\"async\" width=\"1024\" height=\"682\" src=\"https:\/\/www.pladostelma.com\/wp-content\/uploads\/sicam_2025_sito-1024x682.jpg\" alt=\"Evento Plados Telma SICAM Pordenone 2025\" class=\"wp-image-248118\" srcset=\"https:\/\/www.pladostelma.com\/wp-content\/uploads\/sicam_2025_sito-1024x682.jpg 1024w, https:\/\/www.pladostelma.com\/wp-content\/uploads\/sicam_2025_sito-300x200.jpg 300w, https:\/\/www.pladostelma.com\/wp-content\/uploads\/sicam_2025_sito-768x512.jpg 768w, https:\/\/www.pladostelma.com\/wp-content\/uploads\/sicam_2025_sito-1536x1024.jpg 1536w, https:\/\/www.pladostelma.com\/wp-content\/uploads\/sicam_2025_sito-18x12.jpg 18w, https:\/\/www.pladostelma.com\/wp-content\/uploads\/sicam_2025_sito-600x400.jpg 600w, https:\/\/www.pladostelma.com\/wp-content\/uploads\/sicam_2025_sito-100x67.jpg 100w, https:\/\/www.pladostelma.com\/wp-content\/uploads\/sicam_2025_sito.jpg 1772w\" sizes=\"(max-width: 1024px) 100vw, 1024px\" \/><\/figure>","protected":false},"excerpt":{"rendered":"<p>Siamo entusiasti di annunciare che saremo presenti a SICAM 2025, l&#8217;evento internazionale leader per i componenti, accessori e semilavorati per l&#8217;industria del mobile, che si terr\u00e0 a Pordenone dal 14 al 17 ottobre! Vi invitiamo a visitare il nostro stand per toccare con mano la qualit\u00e0 e l&#8217;eccellenza che ci contraddistinguono e scoprire le ultime [&hellip;]<\/p>\n","protected":false},"author":2,"featured_media":248118,"comment_status":"closed","ping_status":"closed","sticky":false,"template":"","format":"standard","meta":{"_acf_changed":false,"_seopress_robots_primary_cat":"none","_seopress_titles_title":"","_seopress_titles_desc":"","_seopress_robots_index":"","_uag_custom_page_level_css":"","iawp_total_views":190,"uix_meta_title":"","uix_meta_description":"","uix_canonical_url":"","footnotes":""},"categories":[2005,824,79,2192,2193],"tags":[],"class_list":["post-248116","post","type-post","status-publish","format-standard","has-post-thumbnail","hentry","category-eventi","category-events","category-news","category-sicam-en","category-sicam"],"acf":[],"uagb_featured_image_src":{"full":["https:\/\/www.pladostelma.com\/wp-content\/uploads\/sicam_2025_sito.jpg",1772,1181,false],"thumbnail":["https:\/\/www.pladostelma.com\/wp-content\/uploads\/sicam_2025_sito-150x150.jpg",150,150,true],"medium":["https:\/\/www.pladostelma.com\/wp-content\/uploads\/sicam_2025_sito-300x200.jpg",300,200,true],"medium_large":["https:\/\/www.pladostelma.com\/wp-content\/uploads\/sicam_2025_sito-768x512.jpg",768,512,true],"large":["https:\/\/www.pladostelma.com\/wp-content\/uploads\/sicam_2025_sito-1024x682.jpg",1024,682,true],"1536x1536":["https:\/\/www.pladostelma.com\/wp-content\/uploads\/sicam_2025_sito-1536x1024.jpg",1536,1024,true],"2048x2048":["https:\/\/www.pladostelma.com\/wp-content\/uploads\/sicam_2025_sito.jpg",1772,1181,false],"trp-custom-language-flag":["https:\/\/www.pladostelma.com\/wp-content\/uploads\/sicam_2025_sito-18x12.jpg",18,12,true],"woocommerce_thumbnail":["https:\/\/www.pladostelma.com\/wp-content\/uploads\/sicam_2025_sito-300x200.jpg",300,200,true],"woocommerce_single":["https:\/\/www.pladostelma.com\/wp-content\/uploads\/sicam_2025_sito-600x400.jpg",600,400,true],"woocommerce_gallery_thumbnail":["https:\/\/www.pladostelma.com\/wp-content\/uploads\/sicam_2025_sito-100x67.jpg",100,67,true],"variation_swatches_image_size":["https:\/\/www.pladostelma.com\/wp-content\/uploads\/sicam_2025_sito-50x50.jpg",50,50,true],"variation_swatches_tooltip_size":["https:\/\/www.pladostelma.com\/wp-content\/uploads\/sicam_2025_sito-100x100.jpg",100,100,true]},"uagb_author_info":{"display_name":"Luca Cavaleri","author_link":"https:\/\/www.pladostelma.com\/es\/author\/luca\/"},"uagb_comment_info":0,"uagb_excerpt":"Siamo entusiasti di annunciare che saremo presenti a SICAM 2025, l&#8217;evento internazionale leader per i componenti, accessori e semilavorati per l&#8217;industria del mobile, che si terr\u00e0 a Pordenone dal 14 al 17 ottobre! Vi invitiamo a visitare il nostro stand per toccare con mano la qualit\u00e0 e l&#8217;eccellenza che ci contraddistinguono e scoprire le ultime&hellip;","_links":{"self":[{"href":"https:\/\/www.pladostelma.com\/es\/wp-json\/wp\/v2\/posts\/248116","targetHints":{"allow":["GET"]}}],"collection":[{"href":"https:\/\/www.pladostelma.com\/es\/wp-json\/wp\/v2\/posts"}],"about":[{"href":"https:\/\/www.pladostelma.com\/es\/wp-json\/wp\/v2\/types\/post"}],"author":[{"embeddable":true,"href":"https:\/\/www.pladostelma.com\/es\/wp-json\/wp\/v2\/users\/2"}],"replies":[{"embeddable":true,"href":"https:\/\/www.pladostelma.com\/es\/wp-json\/wp\/v2\/comments?post=248116"}],"version-history":[{"count":0,"href":"https:\/\/www.pladostelma.com\/es\/wp-json\/wp\/v2\/posts\/248116\/revisions"}],"wp:featuredmedia":[{"embeddable":true,"href":"https:\/\/www.pladostelma.com\/es\/wp-json\/wp\/v2\/media\/248118"}],"wp:attachment":[{"href":"https:\/\/www.pladostelma.com\/es\/wp-json\/wp\/v2\/media?parent=248116"}],"wp:term":[{"taxonomy":"category","embeddable":true,"href":"https:\/\/www.pladostelma.com\/es\/wp-json\/wp\/v2\/categories?post=248116"},{"taxonomy":"post_tag","embeddable":true,"href":"https:\/\/www.pladostelma.com\/es\/wp-json\/wp\/v2\/tags?post=248116"}],"curies":[{"name":"wp","href":"https:\/\/api.w.org\/{rel}","templated":true}]}}