{"id":248099,"date":"2025-08-28T12:53:12","date_gmt":"2025-08-28T10:53:12","guid":{"rendered":"https:\/\/www.pladostelma.com\/?p=248099"},"modified":"2025-08-28T12:53:16","modified_gmt":"2025-08-28T10:53:16","slug":"plados-e-la-sostenibilita-ambientale","status":"publish","type":"post","link":"https:\/\/www.pladostelma.com\/es\/news\/plados-e-la-sostenibilita-ambientale\/","title":{"rendered":"Plados y la sostenibilidad medioambiental: un compromiso certificado y concreto"},"content":{"rendered":"<p>Durante m\u00e1s de 25 a\u00f1os, Plados Telma se ha distinguido como una industria capaz de combinar <strong>innovaci\u00f3n<\/strong>, <strong>calidad<\/strong> e <strong>responsabilidad medioambiental<\/strong>.<\/p>\n\n\n\n<p>En nuestra visi\u00f3n subyace la idea de que cada decisi\u00f3n empresarial puede generar no s\u00f3lo valor econ\u00f3mico, sino tambi\u00e9n <strong>social<\/strong> y <strong>ecol\u00f3gico<\/strong>.<\/p>\n\n\n\n<p>Por tanto, nuestro camino hacia la sostenibilidad es <strong>estructurado<\/strong>, <strong>medible<\/strong> e <strong>nota<\/strong> internacional.<\/p>\n\n\n\n<h2 class=\"wp-block-heading\"><strong>Sistema de gesti\u00f3n medioambiental con certificaci\u00f3n ISO 14001<\/strong><\/h2>\n\n\n\n<p>Nuestra certificaci\u00f3n <strong>ISO 14001:2015<\/strong> es la prueba concreta de un sistema organizado y proactivo para controlar y mejorar el impacto medioambiental de nuestras actividades.<\/p>\n\n\n\n<p>No es una obligaci\u00f3n, sino una elecci\u00f3n consciente: <strong>Defina<\/strong>, <strong>implementar<\/strong> e <strong>refinar<\/strong> una pol\u00edtica medioambiental de empresa que abarque todas las fases del ciclo de producci\u00f3n.<\/p>\n\n\n\n<p>Desde el abastecimiento de materias primas hasta la fabricaci\u00f3n de fregaderos que reducen el consumo de energ\u00eda y agua, todas las decisiones se rigen por principios de responsabilidad ecol\u00f3gica.<\/p>\n\n\n\n<p>Qui\u00e9n elige<strong> Plados<\/strong>elige tambi\u00e9n una industria que act\u00fae por un futuro m\u00e1s sostenible.<\/p>\n\n\n<div class=\"wp-block-image\">\n<figure class=\"aligncenter size-large is-resized\"><img decoding=\"async\" width=\"1024\" height=\"686\" src=\"https:\/\/www.pladostelma.com\/wp-content\/uploads\/progetto_life_green_composite-1024x686.jpg\" alt=\"\" class=\"wp-image-245682\" style=\"width:587px;height:auto\" srcset=\"https:\/\/www.pladostelma.com\/wp-content\/uploads\/progetto_life_green_composite-1024x686.jpg 1024w, https:\/\/www.pladostelma.com\/wp-content\/uploads\/progetto_life_green_composite-300x201.jpg 300w, https:\/\/www.pladostelma.com\/wp-content\/uploads\/progetto_life_green_composite-768x514.jpg 768w, https:\/\/www.pladostelma.com\/wp-content\/uploads\/progetto_life_green_composite-1536x1028.jpg 1536w, https:\/\/www.pladostelma.com\/wp-content\/uploads\/progetto_life_green_composite-2048x1371.jpg 2048w, https:\/\/www.pladostelma.com\/wp-content\/uploads\/progetto_life_green_composite-18x12.jpg 18w, https:\/\/www.pladostelma.com\/wp-content\/uploads\/progetto_life_green_composite-600x402.jpg 600w, https:\/\/www.pladostelma.com\/wp-content\/uploads\/progetto_life_green_composite-100x67.jpg 100w\" sizes=\"(max-width: 1024px) 100vw, 1024px\" \/><\/figure><\/div>\n\n\n<h2 class=\"wp-block-heading\"><strong>Energ\u00eda solar y reducci\u00f3n de emisiones<\/strong><\/h2>\n\n\n\n<p>Nuestro compromiso de reducir el consumo de energ\u00eda se traduce en acciones concretas, como la instalaci\u00f3n de un sistema fotovoltaico en los tejados de nuestras f\u00e1bricas.<\/p>\n\n\n\n<p>Gracias a esta inversi\u00f3n:<\/p>\n\n\n\n<ul class=\"wp-block-list\">\n<li><strong>Hasta 40% de las necesidades energ\u00e9ticas se cubren con fuentes rinnovabili<\/strong>;<\/li>\n\n\n\n<li><strong>Evitamos la emisi\u00f3n de unas 300 toneladas de CO\u2082 al a\u00f1o.<\/strong>;<\/li>\n\n\n\n<li><strong>Este ahorro equivale a 20.000 \u00e1rboles necesarios para compensar la misma cantidad de gases de efecto invernadero<\/strong>.<\/li>\n<\/ul>\n\n\n<div class=\"wp-block-image\">\n<figure class=\"aligncenter size-large is-resized\"><img decoding=\"async\" width=\"1024\" height=\"683\" src=\"https:\/\/www.pladostelma.com\/wp-content\/uploads\/FOTOVOLTAICO-1024x683.jpg\" alt=\"\" class=\"wp-image-239342\" style=\"width:591px;height:auto\" srcset=\"https:\/\/www.pladostelma.com\/wp-content\/uploads\/FOTOVOLTAICO-1024x683.jpg 1024w, https:\/\/www.pladostelma.com\/wp-content\/uploads\/FOTOVOLTAICO-300x200.jpg 300w, https:\/\/www.pladostelma.com\/wp-content\/uploads\/FOTOVOLTAICO-768x512.jpg 768w, https:\/\/www.pladostelma.com\/wp-content\/uploads\/FOTOVOLTAICO-1536x1024.jpg 1536w, https:\/\/www.pladostelma.com\/wp-content\/uploads\/FOTOVOLTAICO-18x12.jpg 18w, https:\/\/www.pladostelma.com\/wp-content\/uploads\/FOTOVOLTAICO-600x400.jpg 600w, https:\/\/www.pladostelma.com\/wp-content\/uploads\/FOTOVOLTAICO-100x67.jpg 100w, https:\/\/www.pladostelma.com\/wp-content\/uploads\/FOTOVOLTAICO.jpg 1920w\" sizes=\"(max-width: 1024px) 100vw, 1024px\" \/><figcaption class=\"wp-element-caption\">Instalaci\u00f3n solar fotovoltaica sobre tejado Fondo de cielo nublado<\/figcaption><\/figure><\/div>\n\n\n<h2 class=\"wp-block-heading\"><strong>Una revoluci\u00f3n sostenible integral<\/strong><\/h2>\n\n\n\n<p>L'<strong>alma verde<\/strong> por <strong>Plados<\/strong> atraviesa toda la cadena de valor:<\/p>\n\n\n\n<ul class=\"wp-block-list\">\n<li><strong>Selecci\u00f3n de la materia prima;<\/strong><\/li>\n\n\n\n<li><strong>Procesos de producci\u00f3n eficientes;<\/strong><\/li>\n\n\n\n<li><strong>Optimizar el uso de los recursos;<\/strong><\/li>\n\n\n\n<li><strong>Estudiar el ciclo de vida de los productos.<\/strong><\/li>\n<\/ul>\n\n\n\n<p>Desde esta perspectiva, el entorno no es una variable externa, sino un elemento interconectado a la <strong>calidad del producto<\/strong> y el <strong>bienestar de las personas<\/strong>.<\/p>\n\n\n\n<h2 class=\"wp-block-heading\"><strong>Embalaje 100% sin pl\u00e1stico<\/strong><\/h2>\n\n\n\n<p><strong>Los envases tambi\u00e9n hablan el lenguaje de la sostenibilidad<\/strong>. Tras una intensa labor de investigaci\u00f3n y desarrollo, hemos introducido envases totalmente libres de pl\u00e1stico, fabricados en el <strong>100% en cart\u00f3n con certificaci\u00f3n FSC<\/strong>.<\/p>\n\n\n\n<p>Sus principales caracter\u00edsticas:<\/p>\n\n\n\n<ul class=\"wp-block-list\">\n<li><strong>Cero pl\u00e1stico<\/strong> internos y externos<\/li>\n\n\n\n<li><strong>Impacto medioambiental neutro<\/strong> mediante la reducci\u00f3n de las emisiones del ciclo de vida<\/li>\n\n\n\n<li><strong>Materiales biodegradables y naturales<\/strong> proteger la biodiversidad<\/li>\n\n\n\n<li><strong>100% reciclable<\/strong>de acuerdo con los principios de la econom\u00eda circular<\/li>\n\n\n\n<li><strong>Seguridad garantizada<\/strong> seg\u00fan las pruebas internacionales ISTA 1C<\/li>\n<\/ul>\n\n\n<div class=\"wp-block-image\">\n<figure class=\"aligncenter size-large is-resized\"><img decoding=\"async\" width=\"819\" height=\"1024\" src=\"https:\/\/www.pladostelma.com\/wp-content\/uploads\/100plasticfree-819x1024.jpg\" alt=\"Illustrazione ballena, 100% sin pl\u00e1stico\" class=\"wp-image-247834\" style=\"width:386px;height:auto\" srcset=\"https:\/\/www.pladostelma.com\/wp-content\/uploads\/100plasticfree-819x1024.jpg 819w, https:\/\/www.pladostelma.com\/wp-content\/uploads\/100plasticfree-240x300.jpg 240w, https:\/\/www.pladostelma.com\/wp-content\/uploads\/100plasticfree-768x960.jpg 768w, https:\/\/www.pladostelma.com\/wp-content\/uploads\/100plasticfree-10x12.jpg 10w, https:\/\/www.pladostelma.com\/wp-content\/uploads\/100plasticfree-480x600.jpg 480w, https:\/\/www.pladostelma.com\/wp-content\/uploads\/100plasticfree-80x100.jpg 80w, https:\/\/www.pladostelma.com\/wp-content\/uploads\/100plasticfree.jpg 1024w\" sizes=\"(max-width: 819px) 100vw, 819px\" \/><\/figure><\/div>\n\n\n<h2 class=\"wp-block-heading\"><strong>Conclusi\u00f3n: para el medio ambiente y para las personas<\/strong><\/h2>\n\n\n\n<p>En Plados creemos que la sostenibilidad significa <strong>compromiso diario<\/strong>, <strong>elecciones coherentes<\/strong> e <strong>inversiones de futuro<\/strong>.<\/p>\n\n\n\n<p>Cada innovaci\u00f3n tecnol\u00f3gica, cada fregadero que producimos, cada detalle de nuestros envases cuentan una historia de respeto por el medio ambiente y confianza en el futuro.<\/p>\n\n\n\n<p><strong>Una elecci\u00f3n responsable hoy, para una cocina y un planeta mejores ma\u00f1ana.<\/strong><\/p>\n\n\n\n<p><\/p>","protected":false},"excerpt":{"rendered":"<p>Da oltre 25 anni, Plados Telma si distingue come realt\u00e0 industriale capace di coniugare innovazione, qualit\u00e0 e responsabilit\u00e0 ambientale. Alla base della nostra visione, c\u2019\u00e8 la consapevolezza che ogni scelta aziendale pu\u00f2 generare valore non solo economico, ma anche sociale ed ecologico. Per questo, il nostro percorso verso la sostenibilit\u00e0 \u00e8 strutturato, misurabile e riconosciuto [&hellip;]<\/p>\n","protected":false},"author":61,"featured_media":248104,"comment_status":"closed","ping_status":"closed","sticky":false,"template":"","format":"standard","meta":{"_acf_changed":false,"_seopress_robots_primary_cat":"none","_seopress_titles_title":"","_seopress_titles_desc":"","_seopress_robots_index":"","_uag_custom_page_level_css":"","iawp_total_views":1140,"uix_meta_title":"","uix_meta_description":"","uix_canonical_url":"","footnotes":""},"categories":[79],"tags":[],"class_list":["post-248099","post","type-post","status-publish","format-standard","has-post-thumbnail","hentry","category-news"],"acf":[],"uagb_featured_image_src":{"full":["https:\/\/www.pladostelma.com\/wp-content\/uploads\/Plados-sostenibilita-ambientale-scaled.jpg",2560,1440,false],"thumbnail":["https:\/\/www.pladostelma.com\/wp-content\/uploads\/Plados-sostenibilita-ambientale-150x150.jpg",150,150,true],"medium":["https:\/\/www.pladostelma.com\/wp-content\/uploads\/Plados-sostenibilita-ambientale-300x169.jpg",300,169,true],"medium_large":["https:\/\/www.pladostelma.com\/wp-content\/uploads\/Plados-sostenibilita-ambientale-768x432.jpg",768,432,true],"large":["https:\/\/www.pladostelma.com\/wp-content\/uploads\/Plados-sostenibilita-ambientale-1024x576.jpg",1024,576,true],"1536x1536":["https:\/\/www.pladostelma.com\/wp-content\/uploads\/Plados-sostenibilita-ambientale-1536x864.jpg",1536,864,true],"2048x2048":["https:\/\/www.pladostelma.com\/wp-content\/uploads\/Plados-sostenibilita-ambientale-2048x1152.jpg",2048,1152,true],"trp-custom-language-flag":["https:\/\/www.pladostelma.com\/wp-content\/uploads\/Plados-sostenibilita-ambientale-18x10.jpg",18,10,true],"woocommerce_thumbnail":["https:\/\/www.pladostelma.com\/wp-content\/uploads\/Plados-sostenibilita-ambientale-300x169.jpg",300,169,true],"woocommerce_single":["https:\/\/www.pladostelma.com\/wp-content\/uploads\/Plados-sostenibilita-ambientale-600x338.jpg",600,338,true],"woocommerce_gallery_thumbnail":["https:\/\/www.pladostelma.com\/wp-content\/uploads\/Plados-sostenibilita-ambientale-100x56.jpg",100,56,true],"variation_swatches_image_size":["https:\/\/www.pladostelma.com\/wp-content\/uploads\/Plados-sostenibilita-ambientale-50x50.jpg",50,50,true],"variation_swatches_tooltip_size":["https:\/\/www.pladostelma.com\/wp-content\/uploads\/Plados-sostenibilita-ambientale-100x100.jpg",100,100,true]},"uagb_author_info":{"display_name":"PladosTelma","author_link":"https:\/\/www.pladostelma.com\/es\/author\/pladostelma\/"},"uagb_comment_info":0,"uagb_excerpt":"Da oltre 25 anni, Plados Telma si distingue come realt\u00e0 industriale capace di coniugare innovazione, qualit\u00e0 e responsabilit\u00e0 ambientale. Alla base della nostra visione, c\u2019\u00e8 la consapevolezza che ogni scelta aziendale pu\u00f2 generare valore non solo economico, ma anche sociale ed ecologico. Per questo, il nostro percorso verso la sostenibilit\u00e0 \u00e8 strutturato, misurabile e riconosciuto&hellip;","_links":{"self":[{"href":"https:\/\/www.pladostelma.com\/es\/wp-json\/wp\/v2\/posts\/248099","targetHints":{"allow":["GET"]}}],"collection":[{"href":"https:\/\/www.pladostelma.com\/es\/wp-json\/wp\/v2\/posts"}],"about":[{"href":"https:\/\/www.pladostelma.com\/es\/wp-json\/wp\/v2\/types\/post"}],"author":[{"embeddable":true,"href":"https:\/\/www.pladostelma.com\/es\/wp-json\/wp\/v2\/users\/61"}],"replies":[{"embeddable":true,"href":"https:\/\/www.pladostelma.com\/es\/wp-json\/wp\/v2\/comments?post=248099"}],"version-history":[{"count":0,"href":"https:\/\/www.pladostelma.com\/es\/wp-json\/wp\/v2\/posts\/248099\/revisions"}],"wp:featuredmedia":[{"embeddable":true,"href":"https:\/\/www.pladostelma.com\/es\/wp-json\/wp\/v2\/media\/248104"}],"wp:attachment":[{"href":"https:\/\/www.pladostelma.com\/es\/wp-json\/wp\/v2\/media?parent=248099"}],"wp:term":[{"taxonomy":"category","embeddable":true,"href":"https:\/\/www.pladostelma.com\/es\/wp-json\/wp\/v2\/categories?post=248099"},{"taxonomy":"post_tag","embeddable":true,"href":"https:\/\/www.pladostelma.com\/es\/wp-json\/wp\/v2\/tags?post=248099"}],"curies":[{"name":"wp","href":"https:\/\/api.w.org\/{rel}","templated":true}]}}