{"id":248024,"date":"2025-07-16T17:01:21","date_gmt":"2025-07-16T15:01:21","guid":{"rendered":"https:\/\/www.pladostelma.com\/?p=248024"},"modified":"2025-07-16T17:29:03","modified_gmt":"2025-07-16T15:29:03","slug":"la-gamma-colori-plados-tra-materiali-innovativi-e-una-profonda-ricerca-estetica","status":"publish","type":"post","link":"https:\/\/www.pladostelma.com\/es\/news\/la-gamma-colori-plados-tra-materiali-innovativi-e-una-profonda-ricerca-estetica\/","title":{"rendered":"La gama de colores Plados: entre materiales innovadores y una profunda investigaci\u00f3n est\u00e9tica"},"content":{"rendered":"<p>En Plados, creemos que cada detalle contribuye a crear una cocina que no s\u00f3lo es funcional, sino tambi\u00e9n una obra de arte. Nuestros fregaderos de material compuesto se dise\u00f1an con pasi\u00f3n y dedicaci\u00f3n, fruto de a\u00f1os de investigaci\u00f3n e innovaciones tecnol\u00f3gicas que abrazan la <strong>sostenibilidad<\/strong>el <strong>dise\u00f1o<\/strong> y el<strong>excelencia<\/strong> calidad. En este art\u00edculo, nos gustar\u00eda hacerle un recorrido por nuestra refinada gama de colores, un universo de tonalidades dise\u00f1adas hasta el \u00faltimo detalle para hacer que cada habitaci\u00f3n sea \u00fanica y acogedora.<\/p>\n\n\n\n<h2 class=\"wp-block-heading\">El coraz\u00f3n de la investigaci\u00f3n: calidad, innovaci\u00f3n y sostenibilidad<\/h2>\n\n\n\n<p>Nuestro compromiso diario se refleja en la elecci\u00f3n de materiales y procesos de producci\u00f3n de vanguardia. La cadena de valor de Plados se caracteriza por una estricta atenci\u00f3n a la reducci\u00f3n del impacto ambiental y una b\u00fasqueda incesante de la excelencia. Por ejemplo, en la <strong>RINNOVA<\/strong> hemos replanteado el uso de materias primas, dando como resultado fregaderos compuestos por m\u00e1s de 90% de componentes rinnovabili. Esta elecci\u00f3n, adem\u00e1s de garantizar un rendimiento t\u00e9cnico igual al de los m\u00e9todos tradicionales, celebra un futuro m\u00e1s ecol\u00f3gico y consciente.<\/p>\n\n\n\n<h2 class=\"wp-block-heading\">RINNOVA: Elegancia ecosostenible<\/h2>\n\n\n\n<p>La l\u00ednea <strong>RINNOVA<\/strong> representa la combinaci\u00f3n perfecta de innovaci\u00f3n ecol\u00f3gica y belleza est\u00e9tica. Los colores dise\u00f1ados para esta serie son el resultado de profundos estudios y pruebas exhaustivas, que garantizan una reproducci\u00f3n crom\u00e1tica duradera y visualmente impactante:<\/p>\n\n\n\n<ul class=\"wp-block-list\">\n<li><strong>R1 - Arctic White:<\/strong> Un blanco puro y luminoso que evoca la pureza de los Alpes nevados y aporta frescura instant\u00e1nea a cualquier estancia.<\/li>\n\n\n\n<li><strong>R2 - Beige Duna:<\/strong> Un tono c\u00e1lido y natural, inspirado en las suaves curvas de las dunas, perfecto para crear ambientes acogedores y equilibrados.<\/li>\n\n\n\n<li><strong>R3 - Alp Stone:<\/strong> Un color que evoca la solidez de las rocas alpinas, caracterizado por tonos neutros y refinados, ideal para espacios de dise\u00f1o minimalista.<\/li>\n\n\n\n<li><strong>R4 - Volcano Black:<\/strong> Un negro intenso y profundo, que recuerda a la fuerza de la lava enfriada, d\u00e1ndole un toque de sofisticada elegancia.<\/li>\n<\/ul>\n\n\n<div class=\"wp-block-image\">\n<figure class=\"aligncenter size-large\"><img decoding=\"async\" width=\"1006\" height=\"1024\" src=\"https:\/\/www.pladostelma.com\/wp-content\/uploads\/Colori-RN-no-logo-1006x1024.jpg\" alt=\"Moderno fregadero negro con verduras y elegante grifo.\" class=\"wp-image-248080\" srcset=\"https:\/\/www.pladostelma.com\/wp-content\/uploads\/Colori-RN-no-logo-1006x1024.jpg 1006w, https:\/\/www.pladostelma.com\/wp-content\/uploads\/Colori-RN-no-logo-295x300.jpg 295w, https:\/\/www.pladostelma.com\/wp-content\/uploads\/Colori-RN-no-logo-768x782.jpg 768w, https:\/\/www.pladostelma.com\/wp-content\/uploads\/Colori-RN-no-logo-1509x1536.jpg 1509w, https:\/\/www.pladostelma.com\/wp-content\/uploads\/Colori-RN-no-logo-12x12.jpg 12w, https:\/\/www.pladostelma.com\/wp-content\/uploads\/Colori-RN-no-logo-590x600.jpg 590w, https:\/\/www.pladostelma.com\/wp-content\/uploads\/Colori-RN-no-logo-98x100.jpg 98w, https:\/\/www.pladostelma.com\/wp-content\/uploads\/Colori-RN-no-logo-50x50.jpg 50w, https:\/\/www.pladostelma.com\/wp-content\/uploads\/Colori-RN-no-logo.jpg 1634w\" sizes=\"(max-width: 1006px) 100vw, 1006px\" \/><\/figure><\/div>\n\n\n<p>Cada pantalla ha sido dise\u00f1ada para potenciar no s\u00f3lo el efecto est\u00e9tico, sino tambi\u00e9n para garantizar una perfecta integraci\u00f3n con los diferentes estilos de cocina, creando ambientes que realzan la luz y la spazio.<\/p>\n\n\n\n<p>el efecto seda de la superficie del fregadero proporciona un tacto extremadamente agradable<\/p>\n\n\n\n<h2 class=\"wp-block-heading\">nanoSTONE: tecnolog\u00eda invisible, belleza tangible<\/h2>\n\n\n\n<p>Pasando a la l\u00ednea <strong>nanoSTONE<\/strong>entramos en el territorio donde la tecnolog\u00eda se une a la sensibilidad del dise\u00f1o. Este material exclusivo, compuesto de resina acr\u00edlica pura y una mezcla de cargas minerales de alta tecnolog\u00eda, genera una red molecular que ofrece una resistencia superior a los impactos y al choque t\u00e9rmico, al tiempo que mantiene una superficie sorprendentemente sedosa al tacto. Los tonos ofrecidos en esta gama son:<\/p>\n\n\n\n<ul class=\"wp-block-list\">\n<li><strong>N1 - Blanco de leche:<\/strong> Un blanco cremoso que transmite suavidad y pureza, perfecto para ambientes luminosos.<\/li>\n\n\n\n<li><strong>N3 - Argan:<\/strong> Inspirada en la calidez y la elegancia, esta tonalidad evoca matices mediterr\u00e1neos, ideales para crear ambientes relajantes.<\/li>\n\n\n\n<li><strong>N4 - Urban Grey:<\/strong> Un gris moderno con un car\u00e1cter sofisticado, perfectamente adaptado a los contextos contempor\u00e1neos.<\/li>\n\n\n\n<li><strong>N6 - Deep Black:<\/strong> Un negro intenso y atrevido, capaz de dar profundidad y contraste, realzando las l\u00edneas de sus fregaderos.<\/li>\n<\/ul>\n\n\n<div class=\"wp-block-image\">\n<figure class=\"aligncenter size-large\"><img decoding=\"async\" width=\"1006\" height=\"1024\" src=\"https:\/\/www.pladostelma.com\/wp-content\/uploads\/Colori-NS-no-logo-1006x1024.jpg\" alt=\"Fregadero de cocina blanco con accesorios sobre encimera de m\u00e1rmol.\" class=\"wp-image-248081\" srcset=\"https:\/\/www.pladostelma.com\/wp-content\/uploads\/Colori-NS-no-logo-1006x1024.jpg 1006w, https:\/\/www.pladostelma.com\/wp-content\/uploads\/Colori-NS-no-logo-295x300.jpg 295w, https:\/\/www.pladostelma.com\/wp-content\/uploads\/Colori-NS-no-logo-768x782.jpg 768w, https:\/\/www.pladostelma.com\/wp-content\/uploads\/Colori-NS-no-logo-1509x1536.jpg 1509w, https:\/\/www.pladostelma.com\/wp-content\/uploads\/Colori-NS-no-logo-12x12.jpg 12w, https:\/\/www.pladostelma.com\/wp-content\/uploads\/Colori-NS-no-logo-590x600.jpg 590w, https:\/\/www.pladostelma.com\/wp-content\/uploads\/Colori-NS-no-logo-98x100.jpg 98w, https:\/\/www.pladostelma.com\/wp-content\/uploads\/Colori-NS-no-logo-50x50.jpg 50w, https:\/\/www.pladostelma.com\/wp-content\/uploads\/Colori-NS-no-logo.jpg 1634w\" sizes=\"(max-width: 1006px) 100vw, 1006px\" \/><\/figure><\/div>\n\n\n<p>La combinaci\u00f3n de innovaci\u00f3n tecnol\u00f3gica y est\u00e9tica moderna hace del nanoSTONE la elecci\u00f3n ideal para quienes desean un producto de \u00faltima generaci\u00f3n sin renunciar a un dise\u00f1o exclusivo.<\/p>\n\n\n\n<h2 class=\"wp-block-heading\">ULTRAMETAL: El poder del metal en la cocina<\/h2>\n\n\n\n<p>Para cocinas que exigen un toque de modernidad y sofisticaci\u00f3n, el <strong>ULTRAMETAL<\/strong> ofrece acabados caracterizados por part\u00edculas metalizadas, cristales de cuarzo y granito, que crean llamativos efectos crom\u00e1ticos. Estas superficies, de tonos fr\u00edos y satinados, combinan armoniosamente con electrodom\u00e9sticos de acero inoxidable y ambientes modernos:<\/p>\n\n\n\n<ul class=\"wp-block-list\">\n<li><strong>41 - Aluminio:<\/strong> Un color met\u00e1lico claro que recuerda la pureza y ligereza del metal mecanizado, ideal para interiores luminosos.<\/li>\n\n\n\n<li><strong>42 - Titanio:<\/strong> Un tono fuerte y contempor\u00e1neo, s\u00edmbolo de robustez e innovaci\u00f3n, perfecto para entornos din\u00e1micos.<\/li>\n\n\n\n<li><strong>14 - Concrete:<\/strong> Una interpretaci\u00f3n moderna del hormig\u00f3n, que combina urbanidad y funcionalidad, confiriendo un car\u00e1cter industrial al dise\u00f1o.<\/li>\n\n\n\n<li><strong>44 - Negro:<\/strong> Un negro metalizado, profundo y magn\u00e9tico, que destaca por su elegancia y versatilidad, adecuado para quienes buscan un estilo fuerte y moderno.<\/li>\n<\/ul>\n\n\n<div class=\"wp-block-image\">\n<figure class=\"aligncenter size-large\"><img decoding=\"async\" width=\"1006\" height=\"1024\" src=\"https:\/\/www.pladostelma.com\/wp-content\/uploads\/Colori-UM-no-logo-1006x1024.jpg\" alt=\"\" class=\"wp-image-248082\" srcset=\"https:\/\/www.pladostelma.com\/wp-content\/uploads\/Colori-UM-no-logo-1006x1024.jpg 1006w, https:\/\/www.pladostelma.com\/wp-content\/uploads\/Colori-UM-no-logo-295x300.jpg 295w, https:\/\/www.pladostelma.com\/wp-content\/uploads\/Colori-UM-no-logo-768x782.jpg 768w, https:\/\/www.pladostelma.com\/wp-content\/uploads\/Colori-UM-no-logo-1509x1536.jpg 1509w, https:\/\/www.pladostelma.com\/wp-content\/uploads\/Colori-UM-no-logo-12x12.jpg 12w, https:\/\/www.pladostelma.com\/wp-content\/uploads\/Colori-UM-no-logo-590x600.jpg 590w, https:\/\/www.pladostelma.com\/wp-content\/uploads\/Colori-UM-no-logo-98x100.jpg 98w, https:\/\/www.pladostelma.com\/wp-content\/uploads\/Colori-UM-no-logo-50x50.jpg 50w, https:\/\/www.pladostelma.com\/wp-content\/uploads\/Colori-UM-no-logo.jpg 1634w\" sizes=\"(max-width: 1006px) 100vw, 1006px\" \/><\/figure><\/div>\n\n\n<p>Las superficies ULTRAMETAL no s\u00f3lo son agradables a la vista: su car\u00e1cter higi\u00e9nico y su resistencia a ara\u00f1azos y productos qu\u00edmicos las hacen ideales para un mantenimiento f\u00e1cil y duradero.<\/p>\n\n\n\n<h2 class=\"wp-block-heading\">microULTRAGRANIT: refinamiento y durabilidad sin concesiones<\/h2>\n\n\n\n<p>La innovaci\u00f3n se completa con <strong>microULTRAGRANIT<\/strong>un acabado que aprovecha la sedimentaci\u00f3n de micropart\u00edculas de cuarzo y granito, creando una mayor concentraci\u00f3n superficial que el 80%. Este sofisticado proceso mejora las caracter\u00edsticas est\u00e9ticas y confiere al fregadero una incre\u00edble dureza superficial.<\/p>\n\n\n\n<p>Los tonos propuestos para el material microULTRAGRANIT son:<\/p>\n\n\n\n<ul class=\"wp-block-list\">\n<li><strong>56 - Jasmine<\/strong>: Un tono delicado y luminoso, que recuerda la pureza de la flor de la que toma su nombre. Perfecto para estancias con colores frescos y acogedores.<\/li>\n\n\n\n<li><strong>70 - Negro mate<\/strong>Elegancia absoluta en acabado mate. Un negro profundo y moderno, ideal para crear contrastes sofisticados y ambientes de gran impacto.<\/li>\n\n\n\n<li><strong>72 - Trufa<\/strong>: C\u00e1lido y envolvente, inspirado en los tonos tierra. Aporta un toque natural y refinado, perfecto para cocinas contempor\u00e1neas.<\/li>\n\n\n\n<li><strong>90 - Blanco \u00f3palo<\/strong>: Brillante y aterciopelado, evoca la delicadeza del \u00f3palo. Una elecci\u00f3n vers\u00e1til que se adapta a todos los estilos con sobriedad y elegancia.<\/li>\n\n\n\n<li><strong>94 - Avena<\/strong>: Suave y natural, recuerda los tonos c\u00e1lidos de los cereales. Ideal para ambientes de cocina que quieran transmitir confort y armon\u00eda.<\/li>\n\n\n\n<li><strong>95 - Negro \u00e9bano<\/strong>Color: Intenso y audaz, con matices profundos que recuerdan a la madera de \u00e9bano. Perfecto para quienes buscan una est\u00e9tica atrevida y atemporal.<\/li>\n\n\n\n<li><strong>98 - Blanco<\/strong>El cl\u00e1sico atemporal. Limpio, esencial, siempre actual: una base neutra que realza cualquier combinaci\u00f3n de colores.<\/li>\n<\/ul>\n\n\n<div class=\"wp-block-image\">\n<figure class=\"aligncenter size-large\"><img decoding=\"async\" width=\"790\" height=\"1024\" src=\"https:\/\/www.pladostelma.com\/wp-content\/uploads\/Colori-UG-no-logo-790x1024.jpg\" alt=\"Fregadero negro con grifo moderno\" class=\"wp-image-248083\" srcset=\"https:\/\/www.pladostelma.com\/wp-content\/uploads\/Colori-UG-no-logo-790x1024.jpg 790w, https:\/\/www.pladostelma.com\/wp-content\/uploads\/Colori-UG-no-logo-232x300.jpg 232w, https:\/\/www.pladostelma.com\/wp-content\/uploads\/Colori-UG-no-logo-768x995.jpg 768w, https:\/\/www.pladostelma.com\/wp-content\/uploads\/Colori-UG-no-logo-1186x1536.jpg 1186w, https:\/\/www.pladostelma.com\/wp-content\/uploads\/Colori-UG-no-logo-1581x2048.jpg 1581w, https:\/\/www.pladostelma.com\/wp-content\/uploads\/Colori-UG-no-logo-9x12.jpg 9w, https:\/\/www.pladostelma.com\/wp-content\/uploads\/Colori-UG-no-logo-463x600.jpg 463w, https:\/\/www.pladostelma.com\/wp-content\/uploads\/Colori-UG-no-logo-77x100.jpg 77w, https:\/\/www.pladostelma.com\/wp-content\/uploads\/Colori-UG-no-logo.jpg 1634w\" sizes=\"(max-width: 790px) 100vw, 790px\" \/><\/figure><\/div>\n\n\n<h2 class=\"wp-block-heading\">Una invitaci\u00f3n a descubrir la armon\u00eda de los colores<\/h2>\n\n\n\n<p>La riqueza de nuestra gama de colores no es fruto del azar, sino el resultado de un camino en el que la innovaci\u00f3n, la sostenibilidad y la pasi\u00f3n por el dise\u00f1o se unen para crear productos \u00fanicos.<\/p>\n\n\n\n<p>Cada tono, cada acabado es el resultado de una investigaci\u00f3n incesante destinada a realzar la esencia misma de la cocina: una spazio en la que funcionalidad y belleza se dan la mano. <strong>para hacer de la vida cotidiana una continua fiesta para los ojos.<\/strong><\/p>\n\n\n\n<p>Le invitamos a descubrir cada detalle de nuestra investigaci\u00f3n y a inspirarse en la sofisticaci\u00f3n de nuestros productos visitando nuestra p\u00e1gina de materiales y colores: <a href=\"https:\/\/www.pladostelma.com\/materiali-e-colori\/\" target=\"_blank\" rel=\"noreferrer noopener\"><strong>Plados Telma Materiales y colores<\/strong><\/a>. Cada color cuenta una historia, una filosof\u00eda que va m\u00e1s all\u00e1 de la est\u00e9tica y abarca valores est\u00e9ticos, innovaci\u00f3n y respeto absoluto por el planeta.<\/p>\n\n\n\n<p>En la l\u00ednea Plados, cada fregadero es una declaraci\u00f3n de estilo y una promesa de calidad. Si desea profundizar m\u00e1s en la tecnolog\u00eda y el dise\u00f1o que hay detr\u00e1s de nuestras creaciones, no dude en explorar nuestro <a href=\"https:\/\/www.pladostelma.com\/lavelli-cucina-plados\/\" target=\"_blank\" rel=\"noreferrer noopener\"><strong>l\u00edneas de productos<\/strong><\/a>dise\u00f1ado para complementar cualquier tipo de cocina.<\/p>\n\n\n\n<p><\/p>","protected":false},"excerpt":{"rendered":"<p>In Plados crediamo che ogni dettaglio contribuisca a creare una cucina che sia non solo funzionale, ma anche un\u2019opera d\u2019arte. I nostri lavelli in materiale composito sono concepiti con passione e dedizione, frutto di anni di ricerche e innovazioni tecnologiche che abbracciano la sostenibilit\u00e0, il design e l\u2019eccellenza qualitativa. In questo articolo vogliamo accompagnarvi alla [&hellip;]<\/p>\n","protected":false},"author":61,"featured_media":248086,"comment_status":"closed","ping_status":"closed","sticky":false,"template":"","format":"standard","meta":{"_acf_changed":false,"_seopress_robots_primary_cat":"none","_seopress_titles_title":"","_seopress_titles_desc":"","_seopress_robots_index":"","_uag_custom_page_level_css":"","iawp_total_views":363,"uix_meta_title":"","uix_meta_description":"","uix_canonical_url":"","footnotes":""},"categories":[79],"tags":[],"class_list":["post-248024","post","type-post","status-publish","format-standard","has-post-thumbnail","hentry","category-news"],"acf":[],"uagb_featured_image_src":{"full":["https:\/\/www.pladostelma.com\/wp-content\/uploads\/Plados-Telma-Gamma-Colori.jpg",1280,800,false],"thumbnail":["https:\/\/www.pladostelma.com\/wp-content\/uploads\/Plados-Telma-Gamma-Colori-150x150.jpg",150,150,true],"medium":["https:\/\/www.pladostelma.com\/wp-content\/uploads\/Plados-Telma-Gamma-Colori-300x188.jpg",300,188,true],"medium_large":["https:\/\/www.pladostelma.com\/wp-content\/uploads\/Plados-Telma-Gamma-Colori-768x480.jpg",768,480,true],"large":["https:\/\/www.pladostelma.com\/wp-content\/uploads\/Plados-Telma-Gamma-Colori-1024x640.jpg",1024,640,true],"1536x1536":["https:\/\/www.pladostelma.com\/wp-content\/uploads\/Plados-Telma-Gamma-Colori.jpg",1280,800,false],"2048x2048":["https:\/\/www.pladostelma.com\/wp-content\/uploads\/Plados-Telma-Gamma-Colori.jpg",1280,800,false],"trp-custom-language-flag":["https:\/\/www.pladostelma.com\/wp-content\/uploads\/Plados-Telma-Gamma-Colori-18x12.jpg",18,12,true],"woocommerce_thumbnail":["https:\/\/www.pladostelma.com\/wp-content\/uploads\/Plados-Telma-Gamma-Colori-300x188.jpg",300,188,true],"woocommerce_single":["https:\/\/www.pladostelma.com\/wp-content\/uploads\/Plados-Telma-Gamma-Colori-600x375.jpg",600,375,true],"woocommerce_gallery_thumbnail":["https:\/\/www.pladostelma.com\/wp-content\/uploads\/Plados-Telma-Gamma-Colori-100x63.jpg",100,63,true],"variation_swatches_image_size":["https:\/\/www.pladostelma.com\/wp-content\/uploads\/Plados-Telma-Gamma-Colori-50x50.jpg",50,50,true],"variation_swatches_tooltip_size":["https:\/\/www.pladostelma.com\/wp-content\/uploads\/Plados-Telma-Gamma-Colori-100x100.jpg",100,100,true]},"uagb_author_info":{"display_name":"PladosTelma","author_link":"https:\/\/www.pladostelma.com\/es\/author\/pladostelma\/"},"uagb_comment_info":0,"uagb_excerpt":"In Plados crediamo che ogni dettaglio contribuisca a creare una cucina che sia non solo funzionale, ma anche un\u2019opera d\u2019arte. I nostri lavelli in materiale composito sono concepiti con passione e dedizione, frutto di anni di ricerche e innovazioni tecnologiche che abbracciano la sostenibilit\u00e0, il design e l\u2019eccellenza qualitativa. In questo articolo vogliamo accompagnarvi alla&hellip;","_links":{"self":[{"href":"https:\/\/www.pladostelma.com\/es\/wp-json\/wp\/v2\/posts\/248024","targetHints":{"allow":["GET"]}}],"collection":[{"href":"https:\/\/www.pladostelma.com\/es\/wp-json\/wp\/v2\/posts"}],"about":[{"href":"https:\/\/www.pladostelma.com\/es\/wp-json\/wp\/v2\/types\/post"}],"author":[{"embeddable":true,"href":"https:\/\/www.pladostelma.com\/es\/wp-json\/wp\/v2\/users\/61"}],"replies":[{"embeddable":true,"href":"https:\/\/www.pladostelma.com\/es\/wp-json\/wp\/v2\/comments?post=248024"}],"version-history":[{"count":0,"href":"https:\/\/www.pladostelma.com\/es\/wp-json\/wp\/v2\/posts\/248024\/revisions"}],"wp:featuredmedia":[{"embeddable":true,"href":"https:\/\/www.pladostelma.com\/es\/wp-json\/wp\/v2\/media\/248086"}],"wp:attachment":[{"href":"https:\/\/www.pladostelma.com\/es\/wp-json\/wp\/v2\/media?parent=248024"}],"wp:term":[{"taxonomy":"category","embeddable":true,"href":"https:\/\/www.pladostelma.com\/es\/wp-json\/wp\/v2\/categories?post=248024"},{"taxonomy":"post_tag","embeddable":true,"href":"https:\/\/www.pladostelma.com\/es\/wp-json\/wp\/v2\/tags?post=248024"}],"curies":[{"name":"wp","href":"https:\/\/api.w.org\/{rel}","templated":true}]}}