{"id":246261,"date":"2024-05-27T09:54:17","date_gmt":"2024-05-27T07:54:17","guid":{"rendered":"https:\/\/www.pladostelma.com\/?p=246261"},"modified":"2024-05-27T09:54:17","modified_gmt":"2024-05-27T07:54:17","slug":"deficit-ecologico-risparmiare-risorse-con-il-riciclo","status":"publish","type":"post","link":"https:\/\/www.pladostelma.com\/es\/news\/deficit-ecologico-risparmiare-risorse-con-il-riciclo\/","title":{"rendered":"D\u00e9ficit ecol\u00f3gico: ahorrar recursos reciclando"},"content":{"rendered":"<p>El <strong>Red mundial<\/strong> mide cada a\u00f1o las demandas de recursos de las poblaciones y la capacidad de respuesta de los ecosistemas que habitan. Tambi\u00e9n este a\u00f1o, <strong>Italia ha consumido m\u00e1s recursos de los que dispone<\/strong>adelantando al 19 de mayo de 2024 el d\u00eda en que empez\u00f3 a consumir los previstos para 2025. Italia, en esencia, al igual que otros pa\u00edses, se encuentra en un <strong>peligroso d\u00e9ficit ecol\u00f3gico<\/strong>. <\/p>\n\n\n\n<p>Consumimos m\u00e1s de lo que el medio ambiente puede proporcionar y, de hecho, este consumo es un robo de recursos para las generaciones futuras. Si los gastos superan a los ingresos, hay que actuar. El WWF, con motivo de la jornada, declar\u00f3 la necesidad de volver a los l\u00edmites naturales apelando a <strong>tecnolog\u00edas m\u00e1s avanzadas<\/strong> <strong>y limpia<\/strong> y avanzando en la direcci\u00f3n de una econom\u00eda y una <strong>un desarrollo m\u00e1s justo.<\/strong><\/p>\n\n\n\n<p><strong><a href=\"https:\/\/www.pladostelma.com\/sostenibilita\/\" data-type=\"link\" data-id=\"https:\/\/www.pladostelma.com\/sostenibilita\/\">&lt; Scopri l\u2019impegno di Plados Telma per la sostenibilit\u00e0 ambientale, clicca qui! ><\/a><\/strong><\/p>\n\n\n\n<h2 class=\"wp-block-heading\">Luchar contra los residuos, los residuos se convierten en un recurso<a id=\"_msocom_1\"><\/a><\/h2>\n\n\n\n<p><a id=\"_msocom_6\"><\/a><\/p>\n\n\n\n<p>Una econom\u00eda y un desarrollo m\u00e1s justos empiezan por un cambio decisivo de mentalidad: las materias primas son recursos preciosos que no deben desperdiciarse, sino reintroducirse en los ciclos de producci\u00f3n. Teniendo esto en cuenta, se acabaron los residuos, <strong><a href=\"https:\/\/www.pladostelma.com\/news\/scarti-di-produzione-ed-economia-circolare\/\" data-type=\"link\" data-id=\"https:\/\/www.pladostelma.com\/news\/scarti-di-produzione-ed-economia-circolare\/\">s\u00f3lo hay recursos que entran y salen, circularmente, de los circuitos de producci\u00f3none.<\/a><\/strong><br><strong><a href=\"https:\/\/www.pladostelma.com\/\" data-type=\"link\" data-id=\"https:\/\/www.pladostelma.com\/\">Plados Telma<\/a><\/strong> ya ha iniciado un <strong>revolutionone verde<\/strong> que trajo la <strong>sostenibilidad medioambiental<\/strong> <strong>en la empresa<\/strong>desde la materia prima hasta el producto.<\/p>\n\n\n\n<h2 class=\"wp-block-heading\">Sumideros ecol\u00f3gicos de la m\u00e1xima calidad<\/h2>\n\n\n\n<figure class=\"wp-block-image size-large\"><img decoding=\"async\" width=\"1024\" height=\"686\" src=\"https:\/\/www.pladostelma.com\/wp-content\/uploads\/lavello_rinnova-1024x686.jpg\" alt=\"\" class=\"wp-image-246329\" srcset=\"https:\/\/www.pladostelma.com\/wp-content\/uploads\/lavello_rinnova-1024x686.jpg 1024w, https:\/\/www.pladostelma.com\/wp-content\/uploads\/lavello_rinnova-300x201.jpg 300w, https:\/\/www.pladostelma.com\/wp-content\/uploads\/lavello_rinnova-768x514.jpg 768w, https:\/\/www.pladostelma.com\/wp-content\/uploads\/lavello_rinnova-1536x1028.jpg 1536w, https:\/\/www.pladostelma.com\/wp-content\/uploads\/lavello_rinnova-18x12.jpg 18w, https:\/\/www.pladostelma.com\/wp-content\/uploads\/lavello_rinnova-600x402.jpg 600w, https:\/\/www.pladostelma.com\/wp-content\/uploads\/lavello_rinnova-100x67.jpg 100w, https:\/\/www.pladostelma.com\/wp-content\/uploads\/lavello_rinnova.jpg 1900w\" sizes=\"(max-width: 1024px) 100vw, 1024px\" \/><\/figure>\n\n\n\n<p>Rinnova es el proyecto Plados Telma que dio lugar a la producci\u00f3n de <strong>fregaderos de cocina ecol\u00f3gicos<\/strong> en el origen. Esto significa que <strong>acr\u00edlico regenerado y chatarra inorg\u00e1nica.<\/strong> <br>Materias primas rinnovate por tanto y no materias primas v\u00edrgenes, una diferencia sustancial que nos arroja a los principios de?<strong>econom\u00eda circular<\/strong>.<\/p>\n\n\n\n<h2 class=\"wp-block-heading\">\u00bfQu\u00e9 caracter\u00edsticas tienen los sumideros verdes Plados Telma?<\/h2>\n\n\n\n<p>Los fregaderos Rinnova de Plados Telma son fregaderos de alta calidad que <strong>garantizan lo mismo paraformance<\/strong> de los fregaderos tradicionales Plados Telma en cuanto a resistencia a manchas, impactos, ara\u00f1azos, calor y rayos UV. La \u00fanica diferencia es un plus, los fregaderos de cocina Rinnova est\u00e1n fabricados con <strong>componentes verdes \u2267 90%.<\/strong><br>Es una innovaci\u00f3n que le permite tener en su cocina un fregadero de dise\u00f1o que garantiza altos est\u00e1ndares de performance, dando prestigio a cualquier ambiente de cocina y es respetuoso con el medio ambiente.<\/p>\n\n\n\n<p><strong><a href=\"https:\/\/www.pladostelma.com\/news\/scarti-di-produzione-ed-economia-circolare\/\" data-type=\"link\" data-id=\"https:\/\/www.pladostelma.com\/news\/scarti-di-produzione-ed-economia-circolare\/\"><br \/> Si est\u00e1 interesado en obtener m\u00e1s informaci\u00f3n sobre los fregaderos Rinnova, visite nuestro sitio web e inf\u00f3rmese. &gt;<\/a><\/strong><\/p>","protected":false},"excerpt":{"rendered":"<p>Il Global footprint network misura ogni anno la domanda di risorse delle popolazioni e la capacit\u00e0 di risposta degli ecosistemi che abitano. Anche quest\u2019anno, l\u2019Italia ha consumato pi\u00f9 risorse di quelle di cui dispone, anticipando al 19 maggio 2024 il giorno in cui ha cominciato a consumare quelle previste per il 2025. L\u2019Italia, in sostanza, [&hellip;]<\/p>\n","protected":false},"author":60,"featured_media":246328,"comment_status":"closed","ping_status":"closed","sticky":false,"template":"","format":"standard","meta":{"_acf_changed":false,"_seopress_robots_primary_cat":"","_seopress_titles_title":"Deficit ecologico: risparmiare risorse con il riciclo ","_seopress_titles_desc":"Anche quest\u2019anno, l\u2019Italia ha consumato pi\u00f9 risorse di quelle di cui dispone. Plados Telma ha iniziato gi\u00e0 da anni una rivoluzione green.","_seopress_robots_index":"","_uag_custom_page_level_css":"","iawp_total_views":25,"uix_meta_title":"","uix_meta_description":"","uix_canonical_url":"","footnotes":""},"categories":[79],"tags":[],"class_list":["post-246261","post","type-post","status-publish","format-standard","has-post-thumbnail","hentry","category-news"],"acf":[],"uagb_featured_image_src":{"full":["https:\/\/www.pladostelma.com\/wp-content\/uploads\/Deficit-ecologico-risparmiare-risorse-con-il-riciclo-.jpg",1900,1272,false],"thumbnail":["https:\/\/www.pladostelma.com\/wp-content\/uploads\/Deficit-ecologico-risparmiare-risorse-con-il-riciclo--150x150.jpg",150,150,true],"medium":["https:\/\/www.pladostelma.com\/wp-content\/uploads\/Deficit-ecologico-risparmiare-risorse-con-il-riciclo--300x201.jpg",300,201,true],"medium_large":["https:\/\/www.pladostelma.com\/wp-content\/uploads\/Deficit-ecologico-risparmiare-risorse-con-il-riciclo--768x514.jpg",768,514,true],"large":["https:\/\/www.pladostelma.com\/wp-content\/uploads\/Deficit-ecologico-risparmiare-risorse-con-il-riciclo--1024x686.jpg",1024,686,true],"1536x1536":["https:\/\/www.pladostelma.com\/wp-content\/uploads\/Deficit-ecologico-risparmiare-risorse-con-il-riciclo--1536x1028.jpg",1536,1028,true],"2048x2048":["https:\/\/www.pladostelma.com\/wp-content\/uploads\/Deficit-ecologico-risparmiare-risorse-con-il-riciclo-.jpg",1900,1272,false],"trp-custom-language-flag":["https:\/\/www.pladostelma.com\/wp-content\/uploads\/Deficit-ecologico-risparmiare-risorse-con-il-riciclo--18x12.jpg",18,12,true],"woocommerce_thumbnail":["https:\/\/www.pladostelma.com\/wp-content\/uploads\/Deficit-ecologico-risparmiare-risorse-con-il-riciclo--300x201.jpg",300,201,true],"woocommerce_single":["https:\/\/www.pladostelma.com\/wp-content\/uploads\/Deficit-ecologico-risparmiare-risorse-con-il-riciclo--600x402.jpg",600,402,true],"woocommerce_gallery_thumbnail":["https:\/\/www.pladostelma.com\/wp-content\/uploads\/Deficit-ecologico-risparmiare-risorse-con-il-riciclo--100x67.jpg",100,67,true],"variation_swatches_image_size":["https:\/\/www.pladostelma.com\/wp-content\/uploads\/Deficit-ecologico-risparmiare-risorse-con-il-riciclo-.jpg",50,33,false],"variation_swatches_tooltip_size":["https:\/\/www.pladostelma.com\/wp-content\/uploads\/Deficit-ecologico-risparmiare-risorse-con-il-riciclo-.jpg",100,67,false]},"uagb_author_info":{"display_name":"Roberta Spinaci","author_link":"https:\/\/www.pladostelma.com\/es\/author\/roberta-quid\/"},"uagb_comment_info":0,"uagb_excerpt":"Il Global footprint network misura ogni anno la domanda di risorse delle popolazioni e la capacit\u00e0 di risposta degli ecosistemi che abitano. Anche quest\u2019anno, l\u2019Italia ha consumato pi\u00f9 risorse di quelle di cui dispone, anticipando al 19 maggio 2024 il giorno in cui ha cominciato a consumare quelle previste per il 2025. L\u2019Italia, in sostanza,&hellip;","_links":{"self":[{"href":"https:\/\/www.pladostelma.com\/es\/wp-json\/wp\/v2\/posts\/246261","targetHints":{"allow":["GET"]}}],"collection":[{"href":"https:\/\/www.pladostelma.com\/es\/wp-json\/wp\/v2\/posts"}],"about":[{"href":"https:\/\/www.pladostelma.com\/es\/wp-json\/wp\/v2\/types\/post"}],"author":[{"embeddable":true,"href":"https:\/\/www.pladostelma.com\/es\/wp-json\/wp\/v2\/users\/60"}],"replies":[{"embeddable":true,"href":"https:\/\/www.pladostelma.com\/es\/wp-json\/wp\/v2\/comments?post=246261"}],"version-history":[{"count":0,"href":"https:\/\/www.pladostelma.com\/es\/wp-json\/wp\/v2\/posts\/246261\/revisions"}],"wp:featuredmedia":[{"embeddable":true,"href":"https:\/\/www.pladostelma.com\/es\/wp-json\/wp\/v2\/media\/246328"}],"wp:attachment":[{"href":"https:\/\/www.pladostelma.com\/es\/wp-json\/wp\/v2\/media?parent=246261"}],"wp:term":[{"taxonomy":"category","embeddable":true,"href":"https:\/\/www.pladostelma.com\/es\/wp-json\/wp\/v2\/categories?post=246261"},{"taxonomy":"post_tag","embeddable":true,"href":"https:\/\/www.pladostelma.com\/es\/wp-json\/wp\/v2\/tags?post=246261"}],"curies":[{"name":"wp","href":"https:\/\/api.w.org\/{rel}","templated":true}]}}