{"id":245437,"date":"2023-06-19T17:57:20","date_gmt":"2023-06-19T15:57:20","guid":{"rendered":"https:\/\/www.pladostelma.com\/?p=245437"},"modified":"2023-06-19T17:58:57","modified_gmt":"2023-06-19T15:58:57","slug":"lavelli-in-materiale-riciclato","status":"publish","type":"post","link":"https:\/\/www.pladostelma.com\/es\/news\/lavelli-in-materiale-riciclato\/","title":{"rendered":"Fregaderos de material reciclado: \u00bfpor qu\u00e9 elegirlos?"},"content":{"rendered":"<p><a>L'<\/a><strong><a href=\"https:\/\/www.pladostelma.com\/news\/scarti-di-produzione-ed-economia-circolare\/\" data-type=\"URL\" data-id=\"https:\/\/www.pladostelma.com\/news\/scarti-di-produzione-ed-economia-circolare\/\">econom\u00eda circular<\/a><\/strong>basado en el principio de <strong>reducci\u00f3n del uso de materias primas<\/strong>tambi\u00e9n afecta a los procesos de producci\u00f3n de la empresa. Hemos visto c\u00f3mo la <strong>sostenibilidad empresarial<\/strong>de hecho, se refiere esencialmente a un replanteamiento y una transici\u00f3none hacia una <strong>una cadena de valor m\u00e1s atenta al impacto medioambiental<\/strong>.<\/p>\n\n\n\n<p><strong><a href=\"https:\/\/www.pladostelma.com\/\">Plados Telma<\/a><\/strong> lleva d\u00e9cadas comprometida con la sostenibilidad medioambiental y recientemente ha puesto en marcha la <strong>Rinnova<\/strong>inspirada en los principios de la econom\u00eda circular, <strong>reducir, reciclar y reutilizar<\/strong>.<\/p>\n\n\n\n<p><strong><a href=\"https:\/\/www.pladostelma.com\/rinnova\/\" data-type=\"URL\" data-id=\"https:\/\/www.pladostelma.com\/rinnova\/\">&lt; Scopri il progetto Rinnova di Plados Telma e i lavelli green all\u2019origine realizzati con materia prima riciclata! &gt; <\/a><\/strong><\/p>\n\n\n\n<p>El proyecto Rinnova es el resultado de una importante inversi\u00f3n en investigaci\u00f3n y desarrollo que ha permitido crear un sumidero que utiliza <strong>materias primas org\u00e1nicas e inorg\u00e1nicas para vertederos<\/strong>mediante un proceso de regeneraci\u00f3n fue posible obtener un <strong>compuesto verde en origen<\/strong> para hacer fregaderos del <strong>altas prestaciones t\u00e9cnicas y mec\u00e1nicas<\/strong>.<\/p>\n\n\n\n<p>Fabricar un fregadero con material reciclado no significa, de hecho, producir un fregadero con est\u00e1ndares de calidad inferiores a los de los fregaderos tradicionales; la proporci\u00f3n de componenti verde, <strong>\u2267<\/strong><strong> 90%<\/strong>Garantiza la resistencia a impactos, manchas, ara\u00f1azos, calor y radiaci\u00f3n UV.<\/p>\n\n\n\n<p>Por lo tanto, para las mismas caracter\u00edsticas t\u00e9cnicas y mec\u00e1nicas, los fregaderos de material reciclado deben elegirse porque:<\/p>\n\n\n\n<ul class=\"wp-block-list\">\n<li>Permiten <strong>reutilizar las materias primas<\/strong> que ir\u00edan a parar al vertedero;<\/li>\n\n\n\n<li>Permiten <strong>reducir la cantidad de residuos de producci\u00f3n<\/strong> internos y externos que pueden reintroducirse, una vez regenerados, en los procesos de producci\u00f3none;<\/li>\n\n\n\n<li>Permiten <strong>reducir el impacto medioambiental<\/strong> de materia prima que tiene un ciclo de vida m\u00e1s largo.<\/li>\n<\/ul>\n\n\n\n<p>Elegir fregaderos de material reciclado significa, por tanto, elegir <strong>fregaderos de alta calidad<\/strong> que tienen la ventaja a\u00f1adida de ser sostenibles desde el punto de vista medioambiental y de ser <strong>salud humana<\/strong> porque significa <strong>reducir la cantidad de emisiones contaminantes<\/strong> que empeoran la calidad del aire que respiramos y nuestra salud en general.<\/p>\n\n\n\n<hr class=\"wp-block-separator has-alpha-channel-opacity\"\/>\n\n\n\n<p><a id=\"_msocom_1\"><\/a><\/p>\n\n\n\n<p><\/p>","protected":false},"excerpt":{"rendered":"<p>L\u2019economia circolare, basata sul principio di riduzione dell\u2019uso di materie prime, riguarda anche i processi produttivi aziendali. Abbiamo visto come la sostenibilit\u00e0 aziendale, infatti, riguardi essenzialmente un ripensamento e una transizione verso una catena del valore pi\u00f9 attenta all\u2019impatto ambientale. Plados Telma \u00e8 impegnata da decenni sul fronte della sostenibilit\u00e0 ambientale e ha lanciato recentemente [&hellip;]<\/p>\n","protected":false},"author":60,"featured_media":245438,"comment_status":"closed","ping_status":"closed","sticky":false,"template":"","format":"standard","meta":{"_acf_changed":false,"_seopress_robots_primary_cat":"","_seopress_titles_title":"Lavelli in materiale riciclato: perch\u00e9 sceglierli? ","_seopress_titles_desc":"Plados Telma ha lanciato il progetto Rinnova: lavelli in materiale riciclato all&#039;insegna della sostenibilit\u00e0 e dell&#039;economia circolare, riduci, ricicla e riusa.\n","_seopress_robots_index":"","_uag_custom_page_level_css":"","iawp_total_views":103,"uix_meta_title":"","uix_meta_description":"","uix_canonical_url":"","footnotes":""},"categories":[79],"tags":[2561,2478,2473,2568,2479,2461],"class_list":["post-245437","post","type-post","status-publish","format-standard","has-post-thumbnail","hentry","category-news","tag-economia-circolare","tag-lavelli-ecologici","tag-lavelli-green","tag-lavelli-in-materiale-riciclato","tag-riciclo","tag-sostenibilita"],"acf":[],"uagb_featured_image_src":{"full":["https:\/\/www.pladostelma.com\/wp-content\/uploads\/lavelli_in_materiale_riciclato-scaled.jpg",2560,1714,false],"thumbnail":["https:\/\/www.pladostelma.com\/wp-content\/uploads\/lavelli_in_materiale_riciclato-150x150.jpg",150,150,true],"medium":["https:\/\/www.pladostelma.com\/wp-content\/uploads\/lavelli_in_materiale_riciclato-300x201.jpg",300,201,true],"medium_large":["https:\/\/www.pladostelma.com\/wp-content\/uploads\/lavelli_in_materiale_riciclato-768x514.jpg",768,514,true],"large":["https:\/\/www.pladostelma.com\/wp-content\/uploads\/lavelli_in_materiale_riciclato-1024x686.jpg",1024,686,true],"1536x1536":["https:\/\/www.pladostelma.com\/wp-content\/uploads\/lavelli_in_materiale_riciclato-1536x1028.jpg",1536,1028,true],"2048x2048":["https:\/\/www.pladostelma.com\/wp-content\/uploads\/lavelli_in_materiale_riciclato-2048x1371.jpg",2048,1371,true],"trp-custom-language-flag":["https:\/\/www.pladostelma.com\/wp-content\/uploads\/lavelli_in_materiale_riciclato-18x12.jpg",18,12,true],"woocommerce_thumbnail":["https:\/\/www.pladostelma.com\/wp-content\/uploads\/lavelli_in_materiale_riciclato-300x201.jpg",300,201,true],"woocommerce_single":["https:\/\/www.pladostelma.com\/wp-content\/uploads\/lavelli_in_materiale_riciclato-600x402.jpg",600,402,true],"woocommerce_gallery_thumbnail":["https:\/\/www.pladostelma.com\/wp-content\/uploads\/lavelli_in_materiale_riciclato-100x67.jpg",100,67,true],"variation_swatches_image_size":["https:\/\/www.pladostelma.com\/wp-content\/uploads\/lavelli_in_materiale_riciclato-scaled.jpg",50,33,false],"variation_swatches_tooltip_size":["https:\/\/www.pladostelma.com\/wp-content\/uploads\/lavelli_in_materiale_riciclato-scaled.jpg",100,67,false]},"uagb_author_info":{"display_name":"Roberta Spinaci","author_link":"https:\/\/www.pladostelma.com\/es\/author\/roberta-quid\/"},"uagb_comment_info":0,"uagb_excerpt":"L\u2019economia circolare, basata sul principio di riduzione dell\u2019uso di materie prime, riguarda anche i processi produttivi aziendali. Abbiamo visto come la sostenibilit\u00e0 aziendale, infatti, riguardi essenzialmente un ripensamento e una transizione verso una catena del valore pi\u00f9 attenta all\u2019impatto ambientale. Plados Telma \u00e8 impegnata da decenni sul fronte della sostenibilit\u00e0 ambientale e ha lanciato recentemente&hellip;","_links":{"self":[{"href":"https:\/\/www.pladostelma.com\/es\/wp-json\/wp\/v2\/posts\/245437","targetHints":{"allow":["GET"]}}],"collection":[{"href":"https:\/\/www.pladostelma.com\/es\/wp-json\/wp\/v2\/posts"}],"about":[{"href":"https:\/\/www.pladostelma.com\/es\/wp-json\/wp\/v2\/types\/post"}],"author":[{"embeddable":true,"href":"https:\/\/www.pladostelma.com\/es\/wp-json\/wp\/v2\/users\/60"}],"replies":[{"embeddable":true,"href":"https:\/\/www.pladostelma.com\/es\/wp-json\/wp\/v2\/comments?post=245437"}],"version-history":[{"count":0,"href":"https:\/\/www.pladostelma.com\/es\/wp-json\/wp\/v2\/posts\/245437\/revisions"}],"wp:featuredmedia":[{"embeddable":true,"href":"https:\/\/www.pladostelma.com\/es\/wp-json\/wp\/v2\/media\/245438"}],"wp:attachment":[{"href":"https:\/\/www.pladostelma.com\/es\/wp-json\/wp\/v2\/media?parent=245437"}],"wp:term":[{"taxonomy":"category","embeddable":true,"href":"https:\/\/www.pladostelma.com\/es\/wp-json\/wp\/v2\/categories?post=245437"},{"taxonomy":"post_tag","embeddable":true,"href":"https:\/\/www.pladostelma.com\/es\/wp-json\/wp\/v2\/tags?post=245437"}],"curies":[{"name":"wp","href":"https:\/\/api.w.org\/{rel}","templated":true}]}}