{"id":236211,"date":"2022-11-07T11:27:43","date_gmt":"2022-11-07T10:27:43","guid":{"rendered":"https:\/\/www.pladostelma.com\/?p=236211"},"modified":"2022-11-07T11:27:46","modified_gmt":"2022-11-07T10:27:46","slug":"cambiamento-climatico-e-autunno-anomalo","status":"publish","type":"post","link":"https:\/\/www.pladostelma.com\/es\/news\/cambiamento-climatico-e-autunno-anomalo\/","title":{"rendered":"Cambio clim\u00e1tico y oto\u00f1o anormal"},"content":{"rendered":"<p>Tras un verano caracterizado por <strong><a href=\"https:\/\/www.pladostelma.com\/news\/caldo-intenso-e-siccita-estrema\/\" data-type=\"URL\" data-id=\"https:\/\/www.pladostelma.com\/news\/caldo-intenso-e-siccita-estrema\/\">sequ\u00eda y altas temperaturas<\/a><\/strong>oto\u00f1o confirm\u00f3 la misma tendencia. En Italia fue <strong>el oto\u00f1o m\u00e1s caluroso de la historia<\/strong>con un aumento de la temperatura media de casi <strong>1 grado<\/strong> y la escasez de precipitaciones, vinculadas a <strong>fen\u00f3menos atmosf\u00e9ricos violentos<\/strong>.<br><br>La fuente de los datos, Coldiretti, pint\u00f3 un panorama preocupante que confirma la <strong>reducci\u00f3none de las precipitaciones en 1\/3 <\/strong>en los primeros nueve meses de este a\u00f1o e ilustr\u00f3 los da\u00f1os de esta prolongada temperatura estival: las hojas no caer\u00e1n de los \u00e1rboles, las flores comenzar\u00e1n pronto y los brotes estar\u00e1n peligrosamente expuestos a las heladas, produciendo <strong>un descenso significativo de la producci\u00f3n agr\u00edcola<\/strong>.<br><br><strong><a href=\"https:\/\/www.pladostelma.com\/lavelli-cucina-plados\/\" data-type=\"URL\" data-id=\"https:\/\/www.pladostelma.com\/lavelli-cucina-plados\/\">&lt; Scopri i lavelli ecologici Plados Telma. Clicca qui! ><\/a><\/strong><br><br>El panorama es cada vez m\u00e1s alarmante y la ONU pide medidas m\u00e1s estrictas contra el cambio clim\u00e1tico, seg\u00fan el \u00faltimo informe de la <strong>Convenci\u00f3n de las Naciones Unidas sobre el Cambio Clim\u00e1ticoone<\/strong> habla claro, incluso si cumplimos con todas las medidas previstas, la temperatura media seguir\u00e1 aumentando 2,5 grados por encima de las medias preindustriales.<br><br>Queda claro que el compromiso de todos es necesario para el objetivo de mitigar las consecuencias medioambientales y para la salud humana de este aumento de la temperatura.<br><br>Intentemos resumir en una lista los comportamientos que cada uno de nosotros puede poner en marcha para proteger el planeta del colapso clim\u00e1tico:<br><br><strong><a href=\"https:\/\/www.pladostelma.com\/news\/uso-ecologico-degli-elettrodomestici-in-cucina\/\" data-type=\"URL\" data-id=\"https:\/\/www.pladostelma.com\/news\/uso-ecologico-degli-elettrodomestici-in-cucina\/\">- Uso ecol\u00f3gico de los electrodom\u00e9sticos en la cocina;<\/a><br><a href=\"https:\/\/www.pladostelma.com\/news\/3-consigli-contro-lo-spreco-in-cucina\/\" data-type=\"URL\" data-id=\"https:\/\/www.pladostelma.com\/news\/3-consigli-contro-lo-spreco-in-cucina\/\">- Combatir el despilfarro en la cocina;<\/a><br><a href=\"https:\/\/www.pladostelma.com\/news\/come-risparmiare-acqua-in-cucina\/\" data-type=\"URL\" data-id=\"https:\/\/www.pladostelma.com\/news\/come-risparmiare-acqua-in-cucina\/\">- Optimizar el consumo de agua en la cocina;<\/a><br><a href=\"https:\/\/www.pladostelma.com\/news\/come-imparare-a-vivere-in-modo-ecosostenibile\/\" data-type=\"URL\" data-id=\"https:\/\/www.pladostelma.com\/news\/come-imparare-a-vivere-in-modo-ecosostenibile\/\">- Vida sostenible;<\/a><br><a href=\"https:\/\/www.pladostelma.com\/news\/scegliere-energie-rinnovabili-per-la-casa\/\" data-type=\"URL\" data-id=\"https:\/\/www.pladostelma.com\/news\/scegliere-energie-rinnovabili-per-la-casa\/\">- Elegir la energ\u00eda renovable para el hogar;<\/a><br><a href=\"https:\/\/www.pladostelma.com\/news\/lavelli-ecologici-per-cucine-ecologiche\/\" data-type=\"URL\" data-id=\"https:\/\/www.pladostelma.com\/news\/lavelli-ecologici-per-cucine-ecologiche\/\">- Envejeciendo nuestra cocina.<\/a><\/strong><\/p>\n\n\n\n<p>En estas reflexiones encontrar\u00e1 muchos consejos \u00fatiles para reducir el desperdicio de recursos y contrarrestar el impacto medioambiental de nuestras actividades en el hogar.<br><br>Tambi\u00e9n se pide a las empresas, as\u00ed como a los ciudadanos individuales, que se comporten de forma m\u00e1s respetuosa, <strong>esforzarse por mejorar sus procesos de producci\u00f3n internos<\/strong>dise\u00f1ar y fabricar productos atentos al origen de la materia prima, destinados a un ciclo de vida m\u00e1s largo, reciclables y <strong>reutilizable<\/strong> en la cadena de producci\u00f3none.<br><br><strong><a href=\"https:\/\/www.pladostelma.com\/\" data-type=\"URL\" data-id=\"https:\/\/www.pladostelma.com\/\">Plados Telma<\/a><\/strong>desde su fundaci\u00f3n, ha asumido importantes compromisos con la sostenibilidad, consider\u00e1ndola un motor estrat\u00e9gico de dise\u00f1oone y aplicaci\u00f3none; nuestro <strong><a href=\"https:\/\/www.pladostelma.com\/delta-lab\/\" data-type=\"URL\" data-id=\"https:\/\/www.pladostelma.com\/delta-lab\/\">laboratorio de investigaci\u00f3n y desarrollo<\/a><\/strong> invierte constantemente en recursos capaces de generar innovaci\u00f3none en materiales.<br><br>Si est\u00e1 interesado en saber m\u00e1s sobre nuestros fregaderos ecol\u00f3gicos, <strong><a href=\"https:\/\/www.pladostelma.com\/contatti\/\" data-type=\"URL\" data-id=\"https:\/\/www.pladostelma.com\/contatti\/\">contacto con nosotros<\/a><\/strong>.<\/p>","protected":false},"excerpt":{"rendered":"<p>Dopo un\u2019estate caratterizzata da siccit\u00e0 e temperature elevate, l\u2019autunno ha confermato lo stesso trend. In Italia \u00e8 stato l\u2019autunno pi\u00f9 caldo di sempre, con un aumento della temperatura media di quasi 1 grado e scarse precipitazioni, legate a fenomeni atmosferici violenti. La fonte dei dati, Coldiretti, ha delineato un quadro preoccupante confermando la riduzione delle [&hellip;]<\/p>\n","protected":false},"author":60,"featured_media":236212,"comment_status":"closed","ping_status":"closed","sticky":false,"template":"","format":"standard","meta":{"_acf_changed":false,"_seopress_robots_primary_cat":"","_seopress_titles_title":"Cambiamento climatico e autunno anomalo","_seopress_titles_desc":"Il panorama \u00e8 sempre pi\u00f9 allarmante e l\u2019ONU invita a prendere misure pi\u00f9 stringenti nei confronti del cambiamento climatico. ","_seopress_robots_index":"","_uag_custom_page_level_css":"","iawp_total_views":11,"uix_meta_title":"","uix_meta_description":"","uix_canonical_url":"","footnotes":""},"categories":[79],"tags":[],"class_list":["post-236211","post","type-post","status-publish","format-standard","has-post-thumbnail","hentry","category-news"],"acf":[],"uagb_featured_image_src":{"full":["https:\/\/www.pladostelma.com\/wp-content\/uploads\/alt_imm_cambiamenti_climatici.jpg",1900,1272,false],"thumbnail":["https:\/\/www.pladostelma.com\/wp-content\/uploads\/alt_imm_cambiamenti_climatici-150x150.jpg",150,150,true],"medium":["https:\/\/www.pladostelma.com\/wp-content\/uploads\/alt_imm_cambiamenti_climatici-300x201.jpg",300,201,true],"medium_large":["https:\/\/www.pladostelma.com\/wp-content\/uploads\/alt_imm_cambiamenti_climatici-768x514.jpg",768,514,true],"large":["https:\/\/www.pladostelma.com\/wp-content\/uploads\/alt_imm_cambiamenti_climatici-1024x686.jpg",1024,686,true],"1536x1536":["https:\/\/www.pladostelma.com\/wp-content\/uploads\/alt_imm_cambiamenti_climatici-1536x1028.jpg",1536,1028,true],"2048x2048":["https:\/\/www.pladostelma.com\/wp-content\/uploads\/alt_imm_cambiamenti_climatici.jpg",1900,1272,false],"trp-custom-language-flag":["https:\/\/www.pladostelma.com\/wp-content\/uploads\/alt_imm_cambiamenti_climatici-18x12.jpg",18,12,true],"woocommerce_thumbnail":["https:\/\/www.pladostelma.com\/wp-content\/uploads\/alt_imm_cambiamenti_climatici-300x201.jpg",300,201,true],"woocommerce_single":["https:\/\/www.pladostelma.com\/wp-content\/uploads\/alt_imm_cambiamenti_climatici-600x402.jpg",600,402,true],"woocommerce_gallery_thumbnail":["https:\/\/www.pladostelma.com\/wp-content\/uploads\/alt_imm_cambiamenti_climatici-100x67.jpg",100,67,true],"variation_swatches_image_size":["https:\/\/www.pladostelma.com\/wp-content\/uploads\/alt_imm_cambiamenti_climatici.jpg",50,33,false],"variation_swatches_tooltip_size":["https:\/\/www.pladostelma.com\/wp-content\/uploads\/alt_imm_cambiamenti_climatici.jpg",100,67,false]},"uagb_author_info":{"display_name":"Roberta Spinaci","author_link":"https:\/\/www.pladostelma.com\/es\/author\/roberta-quid\/"},"uagb_comment_info":0,"uagb_excerpt":"Dopo un\u2019estate caratterizzata da siccit\u00e0 e temperature elevate, l\u2019autunno ha confermato lo stesso trend. In Italia \u00e8 stato l\u2019autunno pi\u00f9 caldo di sempre, con un aumento della temperatura media di quasi 1 grado e scarse precipitazioni, legate a fenomeni atmosferici violenti. La fonte dei dati, Coldiretti, ha delineato un quadro preoccupante confermando la riduzione delle&hellip;","_links":{"self":[{"href":"https:\/\/www.pladostelma.com\/es\/wp-json\/wp\/v2\/posts\/236211","targetHints":{"allow":["GET"]}}],"collection":[{"href":"https:\/\/www.pladostelma.com\/es\/wp-json\/wp\/v2\/posts"}],"about":[{"href":"https:\/\/www.pladostelma.com\/es\/wp-json\/wp\/v2\/types\/post"}],"author":[{"embeddable":true,"href":"https:\/\/www.pladostelma.com\/es\/wp-json\/wp\/v2\/users\/60"}],"replies":[{"embeddable":true,"href":"https:\/\/www.pladostelma.com\/es\/wp-json\/wp\/v2\/comments?post=236211"}],"version-history":[{"count":0,"href":"https:\/\/www.pladostelma.com\/es\/wp-json\/wp\/v2\/posts\/236211\/revisions"}],"wp:featuredmedia":[{"embeddable":true,"href":"https:\/\/www.pladostelma.com\/es\/wp-json\/wp\/v2\/media\/236212"}],"wp:attachment":[{"href":"https:\/\/www.pladostelma.com\/es\/wp-json\/wp\/v2\/media?parent=236211"}],"wp:term":[{"taxonomy":"category","embeddable":true,"href":"https:\/\/www.pladostelma.com\/es\/wp-json\/wp\/v2\/categories?post=236211"},{"taxonomy":"post_tag","embeddable":true,"href":"https:\/\/www.pladostelma.com\/es\/wp-json\/wp\/v2\/tags?post=236211"}],"curies":[{"name":"wp","href":"https:\/\/api.w.org\/{rel}","templated":true}]}}