{"id":233048,"date":"2022-07-19T17:03:04","date_gmt":"2022-07-19T15:03:04","guid":{"rendered":"https:\/\/www.pladostelma.com\/?p=233048"},"modified":"2022-07-19T17:03:04","modified_gmt":"2022-07-19T15:03:04","slug":"casa-fresca-senza-condizionatore","status":"publish","type":"post","link":"https:\/\/www.pladostelma.com\/es\/news\/casa-fresca-senza-condizionatore\/","title":{"rendered":"Crisis energ\u00e9tica: c\u00f3mo tener una casa fresca sin aire acondicionado"},"content":{"rendered":"<p>La <strong>crisis energ\u00e9tica<\/strong> llam\u00f3 a todos a un <strong><a href=\"https:\/\/www.pladostelma.com\/news\/uso-ecologico-degli-elettrodomestici-in-cucina\/\" data-type=\"URL\" data-id=\"https:\/\/www.pladostelma.com\/news\/uso-ecologico-degli-elettrodomestici-in-cucina\/\">un uso m\u00e1s responsable de los electrodom\u00e9sticos <\/a><\/strong>presente en el hogar. Si ya est\u00e1 sensibilizado con el<strong>impacto ambiental<\/strong> de nuestras actividades dom\u00e9sticas hab\u00eda cambiado nuestros h\u00e1bitos a un compromiso con la <strong>reduciendo el consumo de recursos deone<\/strong>El aumento de los precios de la energ\u00eda ha provocado un cambio de tendencia en el uso de un aparato en particular, el aire acondicionado.<br>\u00bfPuedes mantener tu casa fresca en verano reduciendo el uso del aire acondicionado?<\/p>\n\n\n\n<p><strong><a href=\"https:\/\/www.pladostelma.com\/downloads\/\" data-type=\"URL\" data-id=\"https:\/\/www.pladostelma.com\/downloads\/\">&lt; Scopri l\u2019ampia gamma di prodotti Plados Telma, scarica i nostri cataloghi! ><\/a><\/strong><\/p>\n\n\n\n<p>En este art\u00edculo te damos algunos consejos \u00fatiles para <strong>mantener la casa fresca<\/strong> y reducir el uso del aire acondicionado.<br>En primer lugar, es una buena pr\u00e1ctica hacer circular la mayor cantidad de electricidad posible, por lo que a primera hora de la ma\u00f1ana y por la noche, cuando bajan las temperaturas, hay que abrir las ventanas. En cambio, durante las horas de mayor insolaci\u00f3n, es una buena pr\u00e1ctica cerrar las persianas y las ventanas, para mantener constante la temperatura interior. Instalar toldos y persianas interiores de colores claros puede ayudar a reflejar la luz y el sol.<br>La presencia de plantas en los espacios vitales tambi\u00e9n puede <strong><a href=\"https:\/\/www.pladostelma.com\/news\/come-migliorare-la-qualita-dellaria-in-cucina\/\" data-type=\"URL\" data-id=\"https:\/\/www.pladostelma.com\/news\/come-migliorare-la-qualita-dellaria-in-cucina\/\">mejorar la calidad del aire que se respira<\/a><\/strong>.<br>Otra medida para evitar que suba la temperatura en el hogar es limitar el uso de los electrodom\u00e9sticos: las lavadoras y los lavavajillas producen calor durante su funcionamiento, al igual que las bombillas incandescentes.<br>Para un sue\u00f1o saludable en verano, elija s\u00e1banas de cotone o de lino y ropa de los mismos tejidos, ya que favorecen la transpiraci\u00f3n y dormir\u00e1 mejor.<\/p>\n\n\n\n<p>Lo <strong><a href=\"https:\/\/www.pladostelma.com\/news\/stato-di-salute-del-nostro-pianeta\/\" data-type=\"URL\" data-id=\"https:\/\/www.pladostelma.com\/news\/stato-di-salute-del-nostro-pianeta\/\">salud del planeta<\/a><\/strong> El cambio clim\u00e1tico, la crisis del agua, la crisis energ\u00e9tica, nos llaman a un comportamiento cada vez m\u00e1s responsable con los recursos disponibles. La sostenibilidad, en definitiva, se convierte en una filosof\u00eda necesaria de la vida cotidiana para proteger nuestra salud y la del medio ambiente.<br>Tambi\u00e9n se pide a las empresas que se alineen con este comportamiento y se esfuercen por mejorar sus procesos de producci\u00f3n y sus productos para crear nuevos modelos de desarrollo que mejoren la vida de las persone sin perjudicar al medio ambiente.<br><strong><a href=\"https:\/\/www.pladostelma.com\/\" data-type=\"URL\" data-id=\"https:\/\/www.pladostelma.com\/\">Plados Telma<\/a><\/strong>ha tenido la sostenibilidad ambiental en su coraz\u00f3n desde su creaci\u00f3n, y nuestro laboratorio de investigaci\u00f3n y desarrollo est\u00e1 constantemente comprometido con la innovaci\u00f3n verde.<\/p>","protected":false},"excerpt":{"rendered":"<p>La crisi energetica ha chiamato tutti ad un uso pi\u00f9 responsabile degli elettrodomestici presenti in casa. Se gi\u00e0 la sensibilit\u00e0 nei confronti dell\u2019impatto ambientale delle nostre attivit\u00e0 domestiche aveva cambiato le nostre abitudini nel segno di un impegno alla riduzione del consumo di risorse, l\u2019aumento del prezzo dell\u2019energia ha definitivamente fatto scattare un\u2019inversione nell\u2019uso di [&hellip;]<\/p>\n","protected":false},"author":60,"featured_media":233049,"comment_status":"closed","ping_status":"closed","sticky":false,"template":"","format":"standard","meta":{"_acf_changed":false,"_seopress_robots_primary_cat":"","_seopress_titles_title":"Crisi energetica: casa fresca senza condizionatore ","_seopress_titles_desc":"La crisi energetica ci impone un uso responsabile degli elettrodomestici. Si pu\u00f2 mantenere la casa fresca anche senza utilizzare il condizionatore.   ","_seopress_robots_index":"","_uag_custom_page_level_css":"","iawp_total_views":17,"uix_meta_title":"","uix_meta_description":"","uix_canonical_url":"","footnotes":""},"categories":[79],"tags":[],"class_list":["post-233048","post","type-post","status-publish","format-standard","has-post-thumbnail","hentry","category-news"],"acf":[],"uagb_featured_image_src":{"full":["https:\/\/www.pladostelma.com\/wp-content\/uploads\/alt_imm_aria_fresca_senza_condizionatore.jpg",1900,1272,false],"thumbnail":["https:\/\/www.pladostelma.com\/wp-content\/uploads\/alt_imm_aria_fresca_senza_condizionatore-150x150.jpg",150,150,true],"medium":["https:\/\/www.pladostelma.com\/wp-content\/uploads\/alt_imm_aria_fresca_senza_condizionatore-300x201.jpg",300,201,true],"medium_large":["https:\/\/www.pladostelma.com\/wp-content\/uploads\/alt_imm_aria_fresca_senza_condizionatore-768x514.jpg",768,514,true],"large":["https:\/\/www.pladostelma.com\/wp-content\/uploads\/alt_imm_aria_fresca_senza_condizionatore-1024x686.jpg",1024,686,true],"1536x1536":["https:\/\/www.pladostelma.com\/wp-content\/uploads\/alt_imm_aria_fresca_senza_condizionatore-1536x1028.jpg",1536,1028,true],"2048x2048":["https:\/\/www.pladostelma.com\/wp-content\/uploads\/alt_imm_aria_fresca_senza_condizionatore.jpg",1900,1272,false],"trp-custom-language-flag":["https:\/\/www.pladostelma.com\/wp-content\/uploads\/alt_imm_aria_fresca_senza_condizionatore-18x12.jpg",18,12,true],"woocommerce_thumbnail":["https:\/\/www.pladostelma.com\/wp-content\/uploads\/alt_imm_aria_fresca_senza_condizionatore-300x201.jpg",300,201,true],"woocommerce_single":["https:\/\/www.pladostelma.com\/wp-content\/uploads\/alt_imm_aria_fresca_senza_condizionatore-600x402.jpg",600,402,true],"woocommerce_gallery_thumbnail":["https:\/\/www.pladostelma.com\/wp-content\/uploads\/alt_imm_aria_fresca_senza_condizionatore-100x100.jpg",100,100,true],"variation_swatches_image_size":["https:\/\/www.pladostelma.com\/wp-content\/uploads\/alt_imm_aria_fresca_senza_condizionatore.jpg",50,33,false],"variation_swatches_tooltip_size":["https:\/\/www.pladostelma.com\/wp-content\/uploads\/alt_imm_aria_fresca_senza_condizionatore.jpg",100,67,false]},"uagb_author_info":{"display_name":"Roberta Spinaci","author_link":"https:\/\/www.pladostelma.com\/es\/author\/roberta-quid\/"},"uagb_comment_info":0,"uagb_excerpt":"La crisi energetica ha chiamato tutti ad un uso pi\u00f9 responsabile degli elettrodomestici presenti in casa. Se gi\u00e0 la sensibilit\u00e0 nei confronti dell\u2019impatto ambientale delle nostre attivit\u00e0 domestiche aveva cambiato le nostre abitudini nel segno di un impegno alla riduzione del consumo di risorse, l\u2019aumento del prezzo dell\u2019energia ha definitivamente fatto scattare un\u2019inversione nell\u2019uso di&hellip;","_links":{"self":[{"href":"https:\/\/www.pladostelma.com\/es\/wp-json\/wp\/v2\/posts\/233048","targetHints":{"allow":["GET"]}}],"collection":[{"href":"https:\/\/www.pladostelma.com\/es\/wp-json\/wp\/v2\/posts"}],"about":[{"href":"https:\/\/www.pladostelma.com\/es\/wp-json\/wp\/v2\/types\/post"}],"author":[{"embeddable":true,"href":"https:\/\/www.pladostelma.com\/es\/wp-json\/wp\/v2\/users\/60"}],"replies":[{"embeddable":true,"href":"https:\/\/www.pladostelma.com\/es\/wp-json\/wp\/v2\/comments?post=233048"}],"version-history":[{"count":0,"href":"https:\/\/www.pladostelma.com\/es\/wp-json\/wp\/v2\/posts\/233048\/revisions"}],"wp:featuredmedia":[{"embeddable":true,"href":"https:\/\/www.pladostelma.com\/es\/wp-json\/wp\/v2\/media\/233049"}],"wp:attachment":[{"href":"https:\/\/www.pladostelma.com\/es\/wp-json\/wp\/v2\/media?parent=233048"}],"wp:term":[{"taxonomy":"category","embeddable":true,"href":"https:\/\/www.pladostelma.com\/es\/wp-json\/wp\/v2\/categories?post=233048"},{"taxonomy":"post_tag","embeddable":true,"href":"https:\/\/www.pladostelma.com\/es\/wp-json\/wp\/v2\/tags?post=233048"}],"curies":[{"name":"wp","href":"https:\/\/api.w.org\/{rel}","templated":true}]}}