{"id":216018,"date":"2021-07-07T08:39:57","date_gmt":"2021-07-07T06:39:57","guid":{"rendered":"https:\/\/www.pladostelma.com\/?p=216018"},"modified":"2021-07-07T08:43:06","modified_gmt":"2021-07-07T06:43:06","slug":"energie-rinnovabili","status":"publish","type":"post","link":"https:\/\/www.pladostelma.com\/es\/news\/energie-rinnovabili\/","title":{"rendered":"Plados Telma invierte en energ\u00edas renovables"},"content":{"rendered":"<p>La sostenibilidad s\u00f3lo es un valor cuando se convierte en azione.<br>Y creemos que esto se aplica tanto a las persone como a las empresas.<\/p>\n\n\n\n<p>Hablar de sostenibilidad medioambiental sin <strong>hacer realidad la sostenibilidad medioambiental<\/strong> no puede producir valor, valor para la genteone, para el territorio, para el medio ambiente.<br>Por ello, creemos que es importante realizar acciones sostenibles que no s\u00f3lo afecten a la cadena de valor de nuestro producto, sino a la empresa en su realidad diaria.<br>Plados Telma ha decidido <strong>invertir en energ\u00edas renovables<\/strong> porque representa una herramienta concreta para la sostenibilidad, una herramienta que permite <strong>reducir el impacto de las actividades de la empresa en el medio ambiente<\/strong>.<\/p>\n\n\n\n<p>A <strong>sistema fotovoltaico<\/strong> en las cubiertas industriales de 2 de las f\u00e1bricas m\u00e1s importantes de la empresa en Montecassiano (MC).<br>La planta, que est\u00e1 a punto de entrar en funcionamiento, proporcionar\u00e1 una producci\u00f3n anual de electricidad limpia de one capaz de <strong>cubrir el consumo de la planta<\/strong> (85%) y permitir\u00e1 <strong>alimentar el excedente en el circuito de la red nacional<\/strong>.<br>El sistema fotovoltaico nos permitir\u00e1 concretar <strong>ahorrar la emisi\u00f3none de 300 toneladas de CO2 en el medio ambiente<\/strong>Para hacerse una idea de la importancia que tiene esto para la econom\u00eda de la sostenibilidad, basta con considerar que ser\u00eda necesario plantar un gran n\u00famero de \u00e1rboles en la zona. <strong>20.000 \u00e1rboles<\/strong> para poder absorber esa cantidad de CO2.<br>Para Plados Telma, la decisi\u00f3n de centrarse en las energ\u00edas renovables representa un importante paso adelante en el camino verde emprendido hace muchos a\u00f1os; no es una meta, sino una etapa decisiva en el camino hacia la sostenibilidad.<br>En los pr\u00f3ximos a\u00f1os <strong>se pedir\u00e1 a todas las empresas que se comprometan seriamente con el medio ambiente y las generaciones futuras<\/strong>Es un compromiso que no se puede rechazar.<br><strong>No hay desarrollo econ\u00f3mico si no hay valor para la comunidad y el medio ambiente<\/strong>.<\/p>\n\n\n\n<p>La energ\u00eda renovable es una herramienta accesible para todos, es una de esas cosas que puede utilizar todo el mundo. <strong>acciones concretas y cotidianas que cada uno de nosotros puede llevar a cabo.<\/strong> Aunque no todo el mundo puede instalar un sistema fotovoltaico dom\u00e9stico, todos podemos elegir proveedores de energ\u00eda verde que alimenten la red nacional con energ\u00eda producida a partir de fuentes renovables.<br>Si cada vez m\u00e1s personas y empresas optan por las energ\u00edas renovables, cada vez circular\u00e1 m\u00e1s energ\u00eda limpia por la red nacional y menos energ\u00eda procedente de combustibles f\u00f3siles que contaminan el medio ambiente y perjudican nuestra salud.<\/p>","protected":false},"excerpt":{"rendered":"<p>La sostenibilit\u00e0 \u00e8 un valore solo quando diventa azione.E noi crediamo che questo valga sia per le persone che per le aziende. Parlare di sostenibilit\u00e0 ambientale senza fare concretamente sostenibilit\u00e0 ambientale non pu\u00f2 produrre valore, valore per le persone, per il territorio, per l\u2019ambiente.Per questa ragione crediamo che sia importante fare azioni sostenibili che non [&hellip;]<\/p>\n","protected":false},"author":60,"featured_media":216019,"comment_status":"closed","ping_status":"closed","sticky":false,"template":"","format":"standard","meta":{"_acf_changed":false,"_seopress_robots_primary_cat":"","_seopress_titles_title":"Plados Telma investe sulle rinnovabili","_seopress_titles_desc":"Plados Telma ha deciso di investire sull\u2019energia rinnovabile perch\u00e9 rappresenta uno strumento concreto di sostenibilit\u00e0, uno strumento che permette di diminuire l\u2019impatto delle attivit\u00e0 aziendali sull\u2019ambiente.\n","_seopress_robots_index":"","_uag_custom_page_level_css":"","iawp_total_views":7,"uix_meta_title":"","uix_meta_description":"","uix_canonical_url":"","footnotes":""},"categories":[79],"tags":[2460,2461],"class_list":["post-216018","post","type-post","status-publish","format-standard","has-post-thumbnail","hentry","category-news","tag-energie-rinnovabili","tag-sostenibilita"],"acf":[],"uagb_featured_image_src":{"full":["https:\/\/www.pladostelma.com\/wp-content\/uploads\/2021\/07\/alt_imm_sostenibilita\u0300_plados_telma.jpg",1900,1272,false],"thumbnail":["https:\/\/www.pladostelma.com\/wp-content\/uploads\/2021\/07\/alt_imm_sostenibilita\u0300_plados_telma-150x150.jpg",150,150,true],"medium":["https:\/\/www.pladostelma.com\/wp-content\/uploads\/2021\/07\/alt_imm_sostenibilita\u0300_plados_telma-300x201.jpg",300,201,true],"medium_large":["https:\/\/www.pladostelma.com\/wp-content\/uploads\/2021\/07\/alt_imm_sostenibilita\u0300_plados_telma-768x514.jpg",768,514,true],"large":["https:\/\/www.pladostelma.com\/wp-content\/uploads\/2021\/07\/alt_imm_sostenibilita\u0300_plados_telma-1024x686.jpg",1024,686,true],"1536x1536":["https:\/\/www.pladostelma.com\/wp-content\/uploads\/2021\/07\/alt_imm_sostenibilita\u0300_plados_telma-1536x1028.jpg",1536,1028,true],"2048x2048":["https:\/\/www.pladostelma.com\/wp-content\/uploads\/2021\/07\/alt_imm_sostenibilita\u0300_plados_telma.jpg",1900,1272,false],"trp-custom-language-flag":["https:\/\/www.pladostelma.com\/wp-content\/uploads\/2021\/07\/alt_imm_sostenibilita\u0300_plados_telma-16x12.jpg",16,12,true],"woocommerce_thumbnail":["https:\/\/www.pladostelma.com\/wp-content\/uploads\/2021\/07\/alt_imm_sostenibilita\u0300_plados_telma-300x201.jpg",300,201,true],"woocommerce_single":["https:\/\/www.pladostelma.com\/wp-content\/uploads\/2021\/07\/alt_imm_sostenibilita\u0300_plados_telma-600x402.jpg",600,402,true],"woocommerce_gallery_thumbnail":["https:\/\/www.pladostelma.com\/wp-content\/uploads\/2021\/07\/alt_imm_sostenibilita\u0300_plados_telma-100x100.jpg",100,100,true],"variation_swatches_image_size":["https:\/\/www.pladostelma.com\/wp-content\/uploads\/2021\/07\/alt_imm_sostenibilita\u0300_plados_telma.jpg",50,33,false],"variation_swatches_tooltip_size":["https:\/\/www.pladostelma.com\/wp-content\/uploads\/2021\/07\/alt_imm_sostenibilita\u0300_plados_telma.jpg",100,67,false]},"uagb_author_info":{"display_name":"Roberta Spinaci","author_link":"https:\/\/www.pladostelma.com\/es\/author\/roberta-quid\/"},"uagb_comment_info":0,"uagb_excerpt":"La sostenibilit\u00e0 \u00e8 un valore solo quando diventa azione.E noi crediamo che questo valga sia per le persone che per le aziende. Parlare di sostenibilit\u00e0 ambientale senza fare concretamente sostenibilit\u00e0 ambientale non pu\u00f2 produrre valore, valore per le persone, per il territorio, per l\u2019ambiente.Per questa ragione crediamo che sia importante fare azioni sostenibili che non&hellip;","_links":{"self":[{"href":"https:\/\/www.pladostelma.com\/es\/wp-json\/wp\/v2\/posts\/216018","targetHints":{"allow":["GET"]}}],"collection":[{"href":"https:\/\/www.pladostelma.com\/es\/wp-json\/wp\/v2\/posts"}],"about":[{"href":"https:\/\/www.pladostelma.com\/es\/wp-json\/wp\/v2\/types\/post"}],"author":[{"embeddable":true,"href":"https:\/\/www.pladostelma.com\/es\/wp-json\/wp\/v2\/users\/60"}],"replies":[{"embeddable":true,"href":"https:\/\/www.pladostelma.com\/es\/wp-json\/wp\/v2\/comments?post=216018"}],"version-history":[{"count":0,"href":"https:\/\/www.pladostelma.com\/es\/wp-json\/wp\/v2\/posts\/216018\/revisions"}],"wp:featuredmedia":[{"embeddable":true,"href":"https:\/\/www.pladostelma.com\/es\/wp-json\/wp\/v2\/media\/216019"}],"wp:attachment":[{"href":"https:\/\/www.pladostelma.com\/es\/wp-json\/wp\/v2\/media?parent=216018"}],"wp:term":[{"taxonomy":"category","embeddable":true,"href":"https:\/\/www.pladostelma.com\/es\/wp-json\/wp\/v2\/categories?post=216018"},{"taxonomy":"post_tag","embeddable":true,"href":"https:\/\/www.pladostelma.com\/es\/wp-json\/wp\/v2\/tags?post=216018"}],"curies":[{"name":"wp","href":"https:\/\/api.w.org\/{rel}","templated":true}]}}