{"id":209992,"date":"2021-03-11T17:20:18","date_gmt":"2021-03-11T16:20:18","guid":{"rendered":"https:\/\/www.pladostelma.com\/?p=209992"},"modified":"2021-03-26T11:54:28","modified_gmt":"2021-03-26T10:54:28","slug":"intervista-a-riccardo-bertini-managing-director-di-plados-telma","status":"publish","type":"post","link":"https:\/\/www.pladostelma.com\/es\/news\/intervista-a-riccardo-bertini-managing-director-di-plados-telma\/","title":{"rendered":"Entrevista con Riccardo Bertini Director General de Plados Telma"},"content":{"rendered":"<p><strong>Riccardo, el a\u00f1o comenz\u00f3 con la noticia de que los productos de PladosTelma aparecer\u00e1n en la d\u00e9cima edici\u00f3n del programa de cocina m\u00e1s famoso de la televisi\u00f3n, Masterchef Italia. Una importante colaboraci\u00f3n que vincula la calidad de sus productos con la excelencia gastron\u00f3mica italiana.<\/strong><\/p>\n\n\n\n<p>En el a\u00f1o del 30\u00ba aniversario de nuestra empresa, esta es una oportunidad que nos hace sentir doblemente orgullosos. Masterchef no es s\u00f3lo un talent show, sino que encarna a la perfecci\u00f3n los valores de muchas empresas italianas, promueve la excelencia del Made in Italy, realza la creatividad y la artesan\u00eda que siempre han caracterizado el saber hacer de nuestro pa\u00eds.<\/p>\n\n\n\n<p><strong>Calidad y estilo a un precio adecuado es una frase que resume la filosof\u00eda de su marca y habla de su compromiso de utilizar los mejores materiales y tecnolog\u00edas para hacer un producto que sea performante en todos los sentidos.<\/strong><\/p>\n\n\n\n<p>Nuestra misi\u00f3n siempre ha sido crear productos est\u00e9ticos, pr\u00e1cticos y funcionales, y lo hacemos a trav\u00e9s de soluciones de dise\u00f1o con materiales y funciones muy innovadoras. En cuanto a los fregaderos de material compuesto, es precisamente en la gama de colores donde nuestras propuestas encuentran su m\u00e1xima expresi\u00f3none, \u00a1queremos contribuir a que el ambiente de la cocina sea m\u00e1s agradable y vivo!<\/p>\n\n\n\n<p><strong>La investigaci\u00f3n y la innovaci\u00f3n son dos aspectos fundamentales de la empresa. Investigar para fabricar productos cada vez m\u00e1s cercanos a las necesidades de las personas significa tambi\u00e9n trabajar para mejorar su calidad de vida. H\u00e1blenos del laboratorio Delta.<\/strong><\/p>\n\n\n\n<p>Nuestro centro de I+D est\u00e1 formado por el laboratorio qu\u00edmico-f\u00edsico y la planta de producci\u00f3n de materias primas y es el coraz\u00f3n de la empresa.<\/p>\n\n\n\n<p>Adem\u00e1s de prestar apoyo t\u00e9cnico y cient\u00edfico a las actividades de la empresa, participa en numerosos proyectos de econom\u00eda circular y ecosostenibilidad en los que participan universidades y empresas de otros sectores: este es tambi\u00e9n el prop\u00f3sito de nuestro laboratorio, poner a disposici\u00f3n nuestros conocimientos t\u00e9cnicos y trabajar en red con otras realidades por una causa com\u00fan.<\/p>\n\n\n\n<p><strong>Hemos hablado de investigaci\u00f3n e innovaci\u00f3n al servicio de las personas, pero PladosTelma siempre se ha preocupado por el medio ambiente. \u00bfCu\u00e1les son las pr\u00e1cticas sostenibles de la empresa buone?<\/strong><\/p>\n\n\n\n<p>Nuestra estrategia medioambiental viene de lejos y siempre se ha expresado en cada acto de la vida de nuestros productos y procesos. El proyecto europeo Green Sinks, en el \u00e1mbito de la econom\u00eda circular y financiado por la Unione europea, es sin duda un ejemplo de ello. Promovemos productos respetuosos con el medio ambiente que permiten ahorrar agua y energ\u00eda. <a href=\"https:\/\/www.pladostelma.com\/miscelatori\/polytech\/?swcfpc=1\" class=\"rank-math-link\">(vea nuestros mezcladores ecol\u00f3gicos)<\/a>.<\/p>\n\n\n\n<p><strong>Ha terminado un a\u00f1o muy excepcional, \u00bfc\u00f3mo ha afrontado los cambios impuestos por la pandemia en su empresa?<\/strong><\/p>\n\n\n\n<p>Afortunadamente, nuestra empresa ya llevaba unos a\u00f1os en la senda de la transformaci\u00f3n digital. La pandemia ha acelerado este proceso, aunque todav\u00eda queda mucho camino por recorrer, las necesidades de los consumidores de hoy no ser\u00e1n las de ma\u00f1ana. En medio de la tragedia mundial con sus devastadores impactos, creo que las empresas, incluida la nuestra, han encontrado nuevas ideas y nuevas energ\u00edas para afrontar los retos del futuro. La organizaci\u00f3n empresarial y la tecnolog\u00eda tendr\u00e1n que estar cada vez m\u00e1s integradas y hablar el mismo \"idioma\". Este ser\u00e1 probablemente el reto m\u00e1s dif\u00edcil y estimulante para todos.<\/p>\n\n\n\n<p><strong>\u00bfCu\u00e1les son los deseos y objetivos de la empresa para 2021?<\/strong><\/p>\n\n\n\n<p>Continuar en la senda de la transformazione digital y trabajar en la seguridad total ser\u00e1n las principales prioridades en 2021.<\/p>\n\n\n\n<p>En el plano comercial, trataremos de reforzar nuestra presencia en los mercados internacionales -actualmente estamos presentes en 50 pa\u00edses- mediante nuevas formas de asociaci\u00f3n y colaboraci\u00f3n.<\/p>","protected":false},"excerpt":{"rendered":"<p>Riccardo Bertini, Director General de Plados Telma, relata los 30 a\u00f1os de actividad de la empresa que fabrica fregaderos de cocina de material compuesto y la innovaci\u00f3n de materiales ecol\u00f3gicos.<\/p>","protected":false},"author":60,"featured_media":209995,"comment_status":"closed","ping_status":"closed","sticky":false,"template":"","format":"standard","meta":{"_acf_changed":false,"_seopress_robots_primary_cat":"","_seopress_titles_title":"","_seopress_titles_desc":"","_seopress_robots_index":"","_uag_custom_page_level_css":"","iawp_total_views":74,"uix_meta_title":"","uix_meta_description":"","uix_canonical_url":"","footnotes":""},"categories":[79],"tags":[],"class_list":["post-209992","post","type-post","status-publish","format-standard","has-post-thumbnail","hentry","category-news"],"acf":[],"uagb_featured_image_src":{"full":["https:\/\/www.pladostelma.com\/wp-content\/uploads\/2021\/03\/riccardo_bertini_plados_telma.jpg",1900,1272,false],"thumbnail":["https:\/\/www.pladostelma.com\/wp-content\/uploads\/2021\/03\/riccardo_bertini_plados_telma-150x150.jpg",150,150,true],"medium":["https:\/\/www.pladostelma.com\/wp-content\/uploads\/2021\/03\/riccardo_bertini_plados_telma-300x201.jpg",300,201,true],"medium_large":["https:\/\/www.pladostelma.com\/wp-content\/uploads\/2021\/03\/riccardo_bertini_plados_telma-768x514.jpg",768,514,true],"large":["https:\/\/www.pladostelma.com\/wp-content\/uploads\/2021\/03\/riccardo_bertini_plados_telma-1024x686.jpg",1024,686,true],"1536x1536":["https:\/\/www.pladostelma.com\/wp-content\/uploads\/2021\/03\/riccardo_bertini_plados_telma-1536x1028.jpg",1536,1028,true],"2048x2048":["https:\/\/www.pladostelma.com\/wp-content\/uploads\/2021\/03\/riccardo_bertini_plados_telma.jpg",1900,1272,false],"trp-custom-language-flag":["https:\/\/www.pladostelma.com\/wp-content\/uploads\/2021\/03\/riccardo_bertini_plados_telma.jpg",18,12,false],"woocommerce_thumbnail":["https:\/\/www.pladostelma.com\/wp-content\/uploads\/2021\/03\/riccardo_bertini_plados_telma-300x201.jpg",300,201,true],"woocommerce_single":["https:\/\/www.pladostelma.com\/wp-content\/uploads\/2021\/03\/riccardo_bertini_plados_telma-600x402.jpg",600,402,true],"woocommerce_gallery_thumbnail":["https:\/\/www.pladostelma.com\/wp-content\/uploads\/2021\/03\/riccardo_bertini_plados_telma-100x100.jpg",100,100,true],"variation_swatches_image_size":["https:\/\/www.pladostelma.com\/wp-content\/uploads\/2021\/03\/riccardo_bertini_plados_telma.jpg",50,33,false],"variation_swatches_tooltip_size":["https:\/\/www.pladostelma.com\/wp-content\/uploads\/2021\/03\/riccardo_bertini_plados_telma.jpg",100,67,false]},"uagb_author_info":{"display_name":"Roberta Spinaci","author_link":"https:\/\/www.pladostelma.com\/es\/author\/roberta-quid\/"},"uagb_comment_info":0,"uagb_excerpt":"Riccardo Bertini Managing Director di Plados Telma racconta la i 30 di attivit\u00e0 dell'azienda che produce lavelli da cucina in composito e l'innovazione dei materiali ecologici.","_links":{"self":[{"href":"https:\/\/www.pladostelma.com\/es\/wp-json\/wp\/v2\/posts\/209992","targetHints":{"allow":["GET"]}}],"collection":[{"href":"https:\/\/www.pladostelma.com\/es\/wp-json\/wp\/v2\/posts"}],"about":[{"href":"https:\/\/www.pladostelma.com\/es\/wp-json\/wp\/v2\/types\/post"}],"author":[{"embeddable":true,"href":"https:\/\/www.pladostelma.com\/es\/wp-json\/wp\/v2\/users\/60"}],"replies":[{"embeddable":true,"href":"https:\/\/www.pladostelma.com\/es\/wp-json\/wp\/v2\/comments?post=209992"}],"version-history":[{"count":0,"href":"https:\/\/www.pladostelma.com\/es\/wp-json\/wp\/v2\/posts\/209992\/revisions"}],"wp:featuredmedia":[{"embeddable":true,"href":"https:\/\/www.pladostelma.com\/es\/wp-json\/wp\/v2\/media\/209995"}],"wp:attachment":[{"href":"https:\/\/www.pladostelma.com\/es\/wp-json\/wp\/v2\/media?parent=209992"}],"wp:term":[{"taxonomy":"category","embeddable":true,"href":"https:\/\/www.pladostelma.com\/es\/wp-json\/wp\/v2\/categories?post=209992"},{"taxonomy":"post_tag","embeddable":true,"href":"https:\/\/www.pladostelma.com\/es\/wp-json\/wp\/v2\/tags?post=209992"}],"curies":[{"name":"wp","href":"https:\/\/api.w.org\/{rel}","templated":true}]}}