{"id":1148,"date":"2016-11-21T00:00:00","date_gmt":"2016-11-20T23:00:00","guid":{"rendered":"https:\/\/www.pladostelma.com\/plados-miglior-pmi-esportatrice-2016\/"},"modified":"2020-10-12T11:55:23","modified_gmt":"2020-10-12T09:55:23","slug":"plados-miglior-pmi-esportatrice-2016","status":"publish","type":"post","link":"https:\/\/www.pladostelma.com\/es\/news\/plados-miglior-pmi-esportatrice-2016\/","title":{"rendered":"PLADOS RECIBE EL PREMIO A LA MEJOR PYME EXPORTADORA 2016"},"content":{"rendered":"<p>\u00a0<\/p>\n<p>\u00a0<\/p>\n<p>\u00a0<\/p>\n<p>\u00a0<\/p>\n<p><span style=\"font-size: 12pt;\">Un premio m\u00e1s en casa <strong>Plados-Delta<\/strong>.<\/span><\/p>\n<p style=\"text-align: justify;\"><span style=\"font-size: 12pt;\">El pasado jueves 17 de noviembre de 2016, Plados fue premiado en el Circolo della Stampa de Mil\u00e1n, por la conocida empresa UPS, l\u00edder mundial en log\u00edstica.<\/span><\/p>\n<p style=\"text-align: justify;\"><span style=\"font-size: 12pt;\">Las empresas finalistas del <strong>Premio Export2Succeed<\/strong> presentaron sus estudios de caso y proyectos de exportaci\u00f3n durante la conferencia \"Export: Peque\u00f1as empresas, grandes oportunidades\", a la que asistieron Licia Mattioli, vicepresidenta de Confindustria para la Internacionalizaci\u00f3n, y los miembros del jurado Diego Mingarelli, vicepresidente de Piccola Industria di Confindustria responsable de la Internacionalizaci\u00f3n, Alessandro Franci, director general de Dedar Spa, Iulia Nartea, directora nacional de UPS Italia, y Carlo Robiglio, director de L'Imprenditore.<\/span><\/p>\n<p style=\"text-align: justify;\"><span style=\"font-size: 12pt;\"><strong>La iniciativa ha sido promovida por UPS, l\u00edder mundial en log\u00edstica, en colaboraci\u00f3n con L'Imprenditore, la revista mensual de Piccola Industria di Confindustria.<\/strong>El objetivo es promover la internacionalizaci\u00f3n de las PYME y la exportaci\u00f3n de productos italianos al extranjero.<\/span><\/p>\n<p style=\"text-align: justify;\"><span style=\"font-size: 12pt;\"><strong>El proyecto de internacionalizaci\u00f3n de Plados spa ha sido considerado el m\u00e1s valioso y ha sido considerado por el jurado como el mejor, ganando el premio nacional Export2Succeed con el t\u00edtulo de \"Mejor PYME Exportadora 2016\".<\/strong>\u00a0\u00a0<\/span><\/p>\n<p style=\"text-align: justify;\"><span style=\"font-size: 10pt;\">\u00a0<\/span><\/p>\n<p><span style=\"font-size: 14pt;\"><strong><img decoding=\"async\" class=\"size-full wp-image-1140\" style=\"display: block; margin-left: auto; margin-right: auto;\" src=\"https:\/\/www.pladostelma.com\/wp-content\/uploads\/2016\/11\/WP_20161121_11_06_58_Pro.jpg\" alt=\"\" width=\"395\" height=\"296\" srcset=\"https:\/\/www.pladostelma.com\/wp-content\/uploads\/2016\/11\/WP_20161121_11_06_58_Pro-300x226.jpg 300w, https:\/\/www.pladostelma.com\/wp-content\/uploads\/2016\/11\/WP_20161121_11_06_58_Pro-1024x771.jpg 1024w, https:\/\/www.pladostelma.com\/wp-content\/uploads\/2016\/11\/WP_20161121_11_06_58_Pro-20x15.jpg 20w\" sizes=\"(max-width: 395px) 100vw, 395px\" \/><\/strong><\/span><\/p>\n<p style=\"text-align: justify;\"><span style=\"font-size: 12pt;\">Plados siempre ha aspirado a expandirse en el mercado mundial y recibir un premio por ello no puede sino alegrarnos porque siempre hemos cre\u00eddo que la exportaci\u00f3n es un pilar estrat\u00e9gico de nuestro plan de negocio.<\/span><\/p>\n<p style=\"text-align: justify;\"><span style=\"font-size: 12pt;\">Agradecemos sinceramente a los organizadores que hayan valorado nuestro proyecto de internacionalizaci\u00f3n. <\/span><\/p>\n<p style=\"text-align: justify;\"><span style=\"font-size: 12pt;\">Seguiremos trabajando con el objetivo de convertir a Plados en un l\u00edder mundial.<\/span><\/p>\n<p style=\"text-align: justify;\"><span style=\"font-size: 10pt;\">\u00a0<\/span><\/p>\n<p><span style=\"font-size: 14pt;\"><img decoding=\"async\" class=\"size-full wp-image-1144\" style=\"display: block; margin-left: auto; margin-right: auto;\" src=\"https:\/\/www.pladostelma.com\/wp-content\/uploads\/2016\/11\/UPS_Export2Succeed_2.jpg\" alt=\"\" width=\"640\" height=\"426\" srcset=\"https:\/\/www.pladostelma.com\/wp-content\/uploads\/2016\/11\/UPS_Export2Succeed_2.jpg 640w, https:\/\/www.pladostelma.com\/wp-content\/uploads\/2016\/11\/UPS_Export2Succeed_2-300x200.jpg 300w, https:\/\/www.pladostelma.com\/wp-content\/uploads\/2016\/11\/UPS_Export2Succeed_2-600x399.jpg 600w, https:\/\/www.pladostelma.com\/wp-content\/uploads\/2016\/11\/UPS_Export2Succeed_2-20x13.jpg 20w\" sizes=\"(max-width: 640px) 100vw, 640px\" \/><\/span><\/p>\n<p>\u00a0<\/p>","protected":false},"excerpt":{"rendered":"<p>\u00a0 \u00a0 \u00a0 \u00a0 Ancora un premio in casa Plados-Delta. Lo scorso Gioved\u00ec 17 Novembre 2016, la Plados \u00e8 stata premiata al Circolo della Stampa di Milano, dalla nota azienda UPS, leader mondiale della logistica. Le imprese finaliste del Premio Export2Succeed hanno presentato le loro case study e progetti di esportazione nell\u2019 ambito della conferenza [&hellip;]<\/p>\n","protected":false},"author":1,"featured_media":1140,"comment_status":"closed","ping_status":"closed","sticky":false,"template":"","format":"standard","meta":{"_acf_changed":false,"_seopress_robots_primary_cat":"","_seopress_titles_title":"","_seopress_titles_desc":"","_seopress_robots_index":"","_uag_custom_page_level_css":"","iawp_total_views":15,"uix_meta_title":"","uix_meta_description":"","uix_canonical_url":"","footnotes":""},"categories":[79],"tags":[],"class_list":["post-1148","post","type-post","status-publish","format-standard","has-post-thumbnail","hentry","category-news"],"acf":[],"uagb_featured_image_src":{"full":["https:\/\/www.pladostelma.com\/wp-content\/uploads\/2016\/11\/WP_20161121_11_06_58_Pro.jpg",1172,883,false],"thumbnail":["https:\/\/www.pladostelma.com\/wp-content\/uploads\/2016\/11\/WP_20161121_11_06_58_Pro-150x150.jpg",150,150,true],"medium":["https:\/\/www.pladostelma.com\/wp-content\/uploads\/2016\/11\/WP_20161121_11_06_58_Pro-300x226.jpg",300,226,true],"medium_large":["https:\/\/www.pladostelma.com\/wp-content\/uploads\/2016\/11\/WP_20161121_11_06_58_Pro-768x579.jpg",768,579,true],"large":["https:\/\/www.pladostelma.com\/wp-content\/uploads\/2016\/11\/WP_20161121_11_06_58_Pro-1024x771.jpg",1024,771,true],"1536x1536":["https:\/\/www.pladostelma.com\/wp-content\/uploads\/2016\/11\/WP_20161121_11_06_58_Pro.jpg",1172,883,false],"2048x2048":["https:\/\/www.pladostelma.com\/wp-content\/uploads\/2016\/11\/WP_20161121_11_06_58_Pro.jpg",1172,883,false],"trp-custom-language-flag":["https:\/\/www.pladostelma.com\/wp-content\/uploads\/2016\/11\/WP_20161121_11_06_58_Pro.jpg",16,12,false],"woocommerce_thumbnail":["https:\/\/www.pladostelma.com\/wp-content\/uploads\/2016\/11\/WP_20161121_11_06_58_Pro-300x226.jpg",300,226,true],"woocommerce_single":["https:\/\/www.pladostelma.com\/wp-content\/uploads\/2016\/11\/WP_20161121_11_06_58_Pro-600x452.jpg",600,452,true],"woocommerce_gallery_thumbnail":["https:\/\/www.pladostelma.com\/wp-content\/uploads\/2016\/11\/WP_20161121_11_06_58_Pro-100x100.jpg",100,100,true],"variation_swatches_image_size":["https:\/\/www.pladostelma.com\/wp-content\/uploads\/2016\/11\/WP_20161121_11_06_58_Pro.jpg",50,38,false],"variation_swatches_tooltip_size":["https:\/\/www.pladostelma.com\/wp-content\/uploads\/2016\/11\/WP_20161121_11_06_58_Pro.jpg",100,75,false]},"uagb_author_info":{"display_name":"admino","author_link":"https:\/\/www.pladostelma.com\/es\/author\/admino\/"},"uagb_comment_info":0,"uagb_excerpt":"\u00a0 \u00a0 \u00a0 \u00a0 Ancora un premio in casa Plados-Delta. Lo scorso Gioved\u00ec 17 Novembre 2016, la Plados \u00e8 stata premiata al Circolo della Stampa di Milano, dalla nota azienda UPS, leader mondiale della logistica. Le imprese finaliste del Premio Export2Succeed hanno presentato le loro case study e progetti di esportazione nell\u2019 ambito della conferenza&hellip;","_links":{"self":[{"href":"https:\/\/www.pladostelma.com\/es\/wp-json\/wp\/v2\/posts\/1148","targetHints":{"allow":["GET"]}}],"collection":[{"href":"https:\/\/www.pladostelma.com\/es\/wp-json\/wp\/v2\/posts"}],"about":[{"href":"https:\/\/www.pladostelma.com\/es\/wp-json\/wp\/v2\/types\/post"}],"author":[{"embeddable":true,"href":"https:\/\/www.pladostelma.com\/es\/wp-json\/wp\/v2\/users\/1"}],"replies":[{"embeddable":true,"href":"https:\/\/www.pladostelma.com\/es\/wp-json\/wp\/v2\/comments?post=1148"}],"version-history":[{"count":0,"href":"https:\/\/www.pladostelma.com\/es\/wp-json\/wp\/v2\/posts\/1148\/revisions"}],"wp:featuredmedia":[{"embeddable":true,"href":"https:\/\/www.pladostelma.com\/es\/wp-json\/wp\/v2\/media\/1140"}],"wp:attachment":[{"href":"https:\/\/www.pladostelma.com\/es\/wp-json\/wp\/v2\/media?parent=1148"}],"wp:term":[{"taxonomy":"category","embeddable":true,"href":"https:\/\/www.pladostelma.com\/es\/wp-json\/wp\/v2\/categories?post=1148"},{"taxonomy":"post_tag","embeddable":true,"href":"https:\/\/www.pladostelma.com\/es\/wp-json\/wp\/v2\/tags?post=1148"}],"curies":[{"name":"wp","href":"https:\/\/api.w.org\/{rel}","templated":true}]}}