{"id":1039,"date":"2015-03-20T00:00:00","date_gmt":"2015-03-19T23:00:00","guid":{"rendered":"https:\/\/www.pladostelma.com\/open-day-unicam-green-sinks\/"},"modified":"2020-10-12T11:56:04","modified_gmt":"2020-10-12T09:56:04","slug":"open-day-unicam-green-sinks","status":"publish","type":"post","link":"https:\/\/www.pladostelma.com\/es\/news\/open-day-unicam-green-sinks\/","title":{"rendered":"Jornada de puertas abiertas en la Unicam para el proyecto de sumideros verdes"},"content":{"rendered":"<p>\u00a0<\/p>\n<p><img decoding=\"async\" class=\"size-full wp-image-1035\" src=\"https:\/\/www.pladostelma.com\/wp-content\/uploads\/2015\/03\/Delta-Plados-3.jpg\" width=\"500\" height=\"375\" srcset=\"https:\/\/www.pladostelma.com\/wp-content\/uploads\/2015\/03\/Delta-Plados-3.jpg 800w, https:\/\/www.pladostelma.com\/wp-content\/uploads\/2015\/03\/Delta-Plados-3-300x225.jpg 300w, https:\/\/www.pladostelma.com\/wp-content\/uploads\/2015\/03\/Delta-Plados-3-600x450.jpg 600w, https:\/\/www.pladostelma.com\/wp-content\/uploads\/2015\/03\/Delta-Plados-3-768x576.jpg 768w, https:\/\/www.pladostelma.com\/wp-content\/uploads\/2015\/03\/Delta-Plados-3-20x15.jpg 20w\" sizes=\"(max-width: 500px) 100vw, 500px\" \/><\/p>\n<p>\u00a0<\/p>\n<p><span style=\"font-size: medium;\"><span style=\"line-height: 1.3em;\">El jueves 19 de marzo, la segunda conferencia \"<\/span><\/span><strong><span style=\"font-size: medium;\">Green Sinks<\/span><\/strong><span style=\"font-size: medium;\"><span style=\"line-height: 1.3em;\">\" para presentar los avances del proyecto relativo a la realizaci\u00f3n de un sumidero totalmente ecol\u00f3gico financiado por la Unione europea. <\/span><\/span><\/p>\n<p><span style=\"font-size: medium;\"><span style=\"line-height: 1.3em;\">El ecolavado, promovido por <strong>Delta<\/strong> en colaboraci\u00f3n con la Universidad de Camerino, la Universit\u00e0 Politecnica delle Marche y la Universidad de Brescia, fue <\/span><strong>uno de los 12 proyectos industriales italianos financiados por el programa LIFE<\/strong><span style=\"line-height: 1.3em;\"> (Fondo Europeo de Medio Ambiente Unione).<\/span><\/span><\/p>\n<p><span style=\"font-size: medium; line-height: 1.3em;\"> La jornada de puertas abiertas tuvo lugar en la Sala de Escudos del Palacio Ducal de Camerino, donde<strong> se ha presentado a la comunidad cient\u00edfica la nueva l\u00ednea de fregaderos ecosostenibles fabricados \u00edntegramente con materias primas org\u00e1nicas e inorg\u00e1nicas respetuosas con el medio ambiente<\/strong>. Adem\u00e1s de los expertos del sector, intervinieron el rector Flavio Corradini, que destac\u00f3 la importancia de la colaboraci\u00f3n entre Delta y Unicam, que representa perfectamente la transferencia de la excelencia producida por la investigaci\u00f3n universitaria a la innovaci\u00f3n de productos y procesos y, por tanto, al desarrollo de las empresas locales. <\/span><\/p>\n<p><span style=\"font-size: medium; line-height: 1.3em;\">Se hace eco de \u00e9l el ingeniero <strong>Sandro Bertini<\/strong>CEO de Delta s.r.l.: \"La de hoy es una iniciativa importante que subraya y confirma la obstinaci\u00f3n y el esp\u00edritu innovador del empresariado de Macerata. Una ocasi\u00f3n \u00fanica para difundir un tema fundamental como la protecci\u00f3n del medio ambiente a trav\u00e9s de la investigaci\u00f3n cient\u00edfica combinada con los conocimientos t\u00e9cnicos, el esp\u00edritu creativo de las PYME locales y un proyecto en red con las excelencias universitarias\".<\/span><\/p>\n<p><span style=\"font-size: medium;\">\u00a0<\/span><\/p>","protected":false},"excerpt":{"rendered":"<p>\u00a0<\/p>\n<p><img decoding=\"async\" class=\"size-full wp-image-1035\" src=\"https:\/\/www.pladostelma.com\/wp-content\/uploads\/2015\/03\/Delta-Plados-3.jpg\" width=\"500\" height=\"375\" srcset=\"https:\/\/www.pladostelma.com\/wp-content\/uploads\/2015\/03\/Delta-Plados-3.jpg 800w, https:\/\/www.pladostelma.com\/wp-content\/uploads\/2015\/03\/Delta-Plados-3-300x225.jpg 300w, https:\/\/www.pladostelma.com\/wp-content\/uploads\/2015\/03\/Delta-Plados-3-600x450.jpg 600w, https:\/\/www.pladostelma.com\/wp-content\/uploads\/2015\/03\/Delta-Plados-3-768x576.jpg 768w, https:\/\/www.pladostelma.com\/wp-content\/uploads\/2015\/03\/Delta-Plados-3-20x15.jpg 20w\" sizes=\"(max-width: 500px) 100vw, 500px\" \/><\/p>\n<p>\u00a0<\/p>\n<p><span style=\"font-size: medium;\"><span style=\"line-height: 1.3em;\">El jueves 19 de marzo, la segunda conferencia \"<\/span><\/span><strong><span style=\"font-size: medium;\">Green Sinks<\/span><\/strong><span style=\"font-size: medium;\"><span style=\"line-height: 1.3em;\">\" para presentar los avances del proyecto relativo a la realizaci\u00f3n de un sumidero totalmente ecol\u00f3gico financiado por la Unione europea. <\/span><\/span><\/p>\n<p><span style=\"font-size: medium;\"><span style=\"line-height: 1.3em;\">El ecolavado, promovido por <strong>Delta<\/strong> en colaboraci\u00f3n con la Universidad de Camerino, la Universit\u00e0 Politecnica delle Marche y la Universidad de Brescia, fue <\/span><strong>uno de los 12 proyectos industriales italianos financiados por el programa LIFE<\/strong><span style=\"line-height: 1.3em;\"> (Fondo Europeo de Medio Ambiente Unione).<\/span><\/span><\/p>\n<p><span style=\"font-size: medium; line-height: 1.3em;\"> La jornada de puertas abiertas tuvo lugar en la Sala de Escudos del Palacio Ducal de Camerino, donde<strong> se ha presentado a la comunidad cient\u00edfica la nueva l\u00ednea de fregaderos ecosostenibles fabricados \u00edntegramente con materias primas org\u00e1nicas e inorg\u00e1nicas respetuosas con el medio ambiente<\/strong>. Adem\u00e1s de los expertos del sector, intervinieron el rector Flavio Corradini, que destac\u00f3 la importancia de la colaboraci\u00f3n entre Delta y Unicam, que representa perfectamente la transferencia de la excelencia producida por la investigaci\u00f3n universitaria a la innovaci\u00f3n de productos y procesos y, por tanto, al desarrollo de las empresas locales. <\/span><\/p>\n<p><span style=\"font-size: medium; line-height: 1.3em;\">Se hace eco de \u00e9l el ingeniero <strong>Sandro Bertini<\/strong>CEO de Delta s.r.l.: \"La de hoy es una iniciativa importante que subraya y confirma la obstinaci\u00f3n y el esp\u00edritu innovador del empresariado de Macerata. Una ocasi\u00f3n \u00fanica para difundir un tema fundamental como la protecci\u00f3n del medio ambiente a trav\u00e9s de la investigaci\u00f3n cient\u00edfica combinada con los conocimientos t\u00e9cnicos, el esp\u00edritu creativo de las PYME locales y un proyecto en red con las excelencias universitarias\".<\/span><\/p>","protected":false},"author":1,"featured_media":1035,"comment_status":"closed","ping_status":"closed","sticky":false,"template":"","format":"standard","meta":{"_acf_changed":false,"_seopress_robots_primary_cat":"","_seopress_titles_title":"","_seopress_titles_desc":"","_seopress_robots_index":"","_uag_custom_page_level_css":"","iawp_total_views":7,"uix_meta_title":"","uix_meta_description":"","uix_canonical_url":"","footnotes":""},"categories":[79],"tags":[],"class_list":["post-1039","post","type-post","status-publish","format-standard","has-post-thumbnail","hentry","category-news"],"acf":[],"uagb_featured_image_src":{"full":["https:\/\/www.pladostelma.com\/wp-content\/uploads\/2015\/03\/Delta-Plados-3.jpg",800,600,false],"thumbnail":["https:\/\/www.pladostelma.com\/wp-content\/uploads\/2015\/03\/Delta-Plados-3-150x150.jpg",150,150,true],"medium":["https:\/\/www.pladostelma.com\/wp-content\/uploads\/2015\/03\/Delta-Plados-3-300x225.jpg",300,225,true],"medium_large":["https:\/\/www.pladostelma.com\/wp-content\/uploads\/2015\/03\/Delta-Plados-3-768x576.jpg",768,576,true],"large":["https:\/\/www.pladostelma.com\/wp-content\/uploads\/2015\/03\/Delta-Plados-3.jpg",800,600,false],"1536x1536":["https:\/\/www.pladostelma.com\/wp-content\/uploads\/2015\/03\/Delta-Plados-3.jpg",800,600,false],"2048x2048":["https:\/\/www.pladostelma.com\/wp-content\/uploads\/2015\/03\/Delta-Plados-3.jpg",800,600,false],"trp-custom-language-flag":["https:\/\/www.pladostelma.com\/wp-content\/uploads\/2015\/03\/Delta-Plados-3.jpg",16,12,false],"woocommerce_thumbnail":["https:\/\/www.pladostelma.com\/wp-content\/uploads\/2015\/03\/Delta-Plados-3-300x225.jpg",300,225,true],"woocommerce_single":["https:\/\/www.pladostelma.com\/wp-content\/uploads\/2015\/03\/Delta-Plados-3-600x450.jpg",600,450,true],"woocommerce_gallery_thumbnail":["https:\/\/www.pladostelma.com\/wp-content\/uploads\/2015\/03\/Delta-Plados-3-100x100.jpg",100,100,true],"variation_swatches_image_size":["https:\/\/www.pladostelma.com\/wp-content\/uploads\/2015\/03\/Delta-Plados-3.jpg",50,38,false],"variation_swatches_tooltip_size":["https:\/\/www.pladostelma.com\/wp-content\/uploads\/2015\/03\/Delta-Plados-3.jpg",100,75,false]},"uagb_author_info":{"display_name":"admino","author_link":"https:\/\/www.pladostelma.com\/es\/author\/admino\/"},"uagb_comment_info":0,"uagb_excerpt":"\u00a0 \u00a0 Nella giornata di Gioved\u00ec 19 Marzo \u00e8 andato in scena il secondo convegno \"Green Sinks\" per presentare gli stati d'avanzamento del progetto relativo alla realizzazione di un lavello totalmente ecologico finanziato dall'Unione Europea. L'ecolavello, promosso da Delta in collaborazione con l' Universit\u00e0 di Camerino, l'Universit\u00e0 Politecnica delle Marche e l'Universit\u00e0 di Brescia, \u00e8&hellip;","_links":{"self":[{"href":"https:\/\/www.pladostelma.com\/es\/wp-json\/wp\/v2\/posts\/1039","targetHints":{"allow":["GET"]}}],"collection":[{"href":"https:\/\/www.pladostelma.com\/es\/wp-json\/wp\/v2\/posts"}],"about":[{"href":"https:\/\/www.pladostelma.com\/es\/wp-json\/wp\/v2\/types\/post"}],"author":[{"embeddable":true,"href":"https:\/\/www.pladostelma.com\/es\/wp-json\/wp\/v2\/users\/1"}],"replies":[{"embeddable":true,"href":"https:\/\/www.pladostelma.com\/es\/wp-json\/wp\/v2\/comments?post=1039"}],"version-history":[{"count":0,"href":"https:\/\/www.pladostelma.com\/es\/wp-json\/wp\/v2\/posts\/1039\/revisions"}],"wp:featuredmedia":[{"embeddable":true,"href":"https:\/\/www.pladostelma.com\/es\/wp-json\/wp\/v2\/media\/1035"}],"wp:attachment":[{"href":"https:\/\/www.pladostelma.com\/es\/wp-json\/wp\/v2\/media?parent=1039"}],"wp:term":[{"taxonomy":"category","embeddable":true,"href":"https:\/\/www.pladostelma.com\/es\/wp-json\/wp\/v2\/categories?post=1039"},{"taxonomy":"post_tag","embeddable":true,"href":"https:\/\/www.pladostelma.com\/es\/wp-json\/wp\/v2\/tags?post=1039"}],"curies":[{"name":"wp","href":"https:\/\/api.w.org\/{rel}","templated":true}]}}