{"id":248099,"date":"2025-08-28T12:53:12","date_gmt":"2025-08-28T10:53:12","guid":{"rendered":"https:\/\/www.pladostelma.com\/?p=248099"},"modified":"2025-08-28T12:53:16","modified_gmt":"2025-08-28T10:53:16","slug":"plados-e-la-sostenibilita-ambientale","status":"publish","type":"post","link":"https:\/\/www.pladostelma.com\/en\/news\/plados-e-la-sostenibilita-ambientale\/","title":{"rendered":"Plados and Environmental Sustainability: a Certified and Concrete Commitment"},"content":{"rendered":"<p>For over 25 years, Plados Telma has distinguished itself as an industry capable of combining <strong>innovation<\/strong>, <strong>quality<\/strong> and <strong>environmental responsibility<\/strong>.<\/p>\n\n\n\n<p>Underlying our vision is the realisation that every business decision can generate not only economic value, but also <strong>social<\/strong> and <strong>ecological<\/strong>.<\/p>\n\n\n\n<p>Therefore, our path to sustainability is <strong>structured<\/strong>, <strong>measurable<\/strong> and <strong>noted<\/strong> international level.<\/p>\n\n\n\n<h2 class=\"wp-block-heading\"><strong>ISO 14001-certified environmental management system<\/strong><\/h2>\n\n\n\n<p>Our certification <strong>ISO 14001:2015<\/strong> is concrete evidence of an organised and proactive system for controlling and improving the environmental impact of our activities.<\/p>\n\n\n\n<p>This is not an obligation, but a conscious choice: <strong>Define<\/strong>, <strong>implement<\/strong> and <strong>refine<\/strong> a corporate environmental policy involving all stages of the production cycle.<\/p>\n\n\n\n<p>From sourcing raw materials to making sinks that reduce energy and water consumption, every choice is guided by principles of ecological responsibility.<\/p>\n\n\n\n<p>Who chooses<strong> Plados<\/strong>also chooses an industry that acts for a more sustainable future.<\/p>\n\n\n<div class=\"wp-block-image\">\n<figure class=\"aligncenter size-large is-resized\"><img decoding=\"async\" width=\"1024\" height=\"686\" src=\"https:\/\/www.pladostelma.com\/wp-content\/uploads\/progetto_life_green_composite-1024x686.jpg\" alt=\"\" class=\"wp-image-245682\" style=\"width:587px;height:auto\" srcset=\"https:\/\/www.pladostelma.com\/wp-content\/uploads\/progetto_life_green_composite-1024x686.jpg 1024w, https:\/\/www.pladostelma.com\/wp-content\/uploads\/progetto_life_green_composite-300x201.jpg 300w, https:\/\/www.pladostelma.com\/wp-content\/uploads\/progetto_life_green_composite-768x514.jpg 768w, https:\/\/www.pladostelma.com\/wp-content\/uploads\/progetto_life_green_composite-1536x1028.jpg 1536w, https:\/\/www.pladostelma.com\/wp-content\/uploads\/progetto_life_green_composite-2048x1371.jpg 2048w, https:\/\/www.pladostelma.com\/wp-content\/uploads\/progetto_life_green_composite-18x12.jpg 18w, https:\/\/www.pladostelma.com\/wp-content\/uploads\/progetto_life_green_composite-600x402.jpg 600w, https:\/\/www.pladostelma.com\/wp-content\/uploads\/progetto_life_green_composite-100x67.jpg 100w\" sizes=\"(max-width: 1024px) 100vw, 1024px\" \/><\/figure><\/div>\n\n\n<h2 class=\"wp-block-heading\"><strong>Solar energy and emission reduction<\/strong><\/h2>\n\n\n\n<p>Our commitment to reducing energy consumption is translated into concrete actions, such as the installation of a photovoltaic system on the roofs of our factories.<\/p>\n\n\n\n<p>Thanks to this investment:<\/p>\n\n\n\n<ul class=\"wp-block-list\">\n<li><strong>Up to 40% of the energy requirement is covered by rinnovabili sources<\/strong>;<\/li>\n\n\n\n<li><strong>We avoid the emission of around 300 tonnes of CO\u2082 per year.<\/strong>;<\/li>\n\n\n\n<li><strong>This saving is equivalent to 20,000 trees needed to offset the same amount of greenhouse gases<\/strong>.<\/li>\n<\/ul>\n\n\n<div class=\"wp-block-image\">\n<figure class=\"aligncenter size-large is-resized\"><img decoding=\"async\" width=\"1024\" height=\"683\" src=\"https:\/\/www.pladostelma.com\/wp-content\/uploads\/FOTOVOLTAICO-1024x683.jpg\" alt=\"\" class=\"wp-image-239342\" style=\"width:591px;height:auto\" srcset=\"https:\/\/www.pladostelma.com\/wp-content\/uploads\/FOTOVOLTAICO-1024x683.jpg 1024w, https:\/\/www.pladostelma.com\/wp-content\/uploads\/FOTOVOLTAICO-300x200.jpg 300w, https:\/\/www.pladostelma.com\/wp-content\/uploads\/FOTOVOLTAICO-768x512.jpg 768w, https:\/\/www.pladostelma.com\/wp-content\/uploads\/FOTOVOLTAICO-1536x1024.jpg 1536w, https:\/\/www.pladostelma.com\/wp-content\/uploads\/FOTOVOLTAICO-18x12.jpg 18w, https:\/\/www.pladostelma.com\/wp-content\/uploads\/FOTOVOLTAICO-600x400.jpg 600w, https:\/\/www.pladostelma.com\/wp-content\/uploads\/FOTOVOLTAICO-100x67.jpg 100w, https:\/\/www.pladostelma.com\/wp-content\/uploads\/FOTOVOLTAICO.jpg 1920w\" sizes=\"(max-width: 1024px) 100vw, 1024px\" \/><figcaption class=\"wp-element-caption\">Solar PV Rooftop System Cloudy Sky Background<\/figcaption><\/figure><\/div>\n\n\n<h2 class=\"wp-block-heading\"><strong>An all-round sustainable revolution<\/strong><\/h2>\n\n\n\n<p>L'<strong>green soul<\/strong> by <strong>Plados<\/strong> crosses the entire value chain:<\/p>\n\n\n\n<ul class=\"wp-block-list\">\n<li><strong>Selection of raw material;<\/strong><\/li>\n\n\n\n<li><strong>Efficient production processes;<\/strong><\/li>\n\n\n\n<li><strong>Optimising the use of resources;<\/strong><\/li>\n\n\n\n<li><strong>Studying the life cycle of products.<\/strong><\/li>\n<\/ul>\n\n\n\n<p>From this perspective, the environment is not an external variable, but an element interconnected to the <strong>product quality<\/strong> and the <strong>people's well-being<\/strong>.<\/p>\n\n\n\n<h2 class=\"wp-block-heading\"><strong>Packaging 100% plastic free<\/strong><\/h2>\n\n\n\n<p><strong>Packaging also speaks the language of sustainability<\/strong>. After intensive research and development work, we have introduced completely plastic-free packaging, made at the <strong>100% in FSC\u00ae-certified board<\/strong>.<\/p>\n\n\n\n<p>Its main characteristics:<\/p>\n\n\n\n<ul class=\"wp-block-list\">\n<li><strong>Zero plastic<\/strong> internal and external<\/li>\n\n\n\n<li><strong>Neutral environmental impact<\/strong> through the reduction of life-cycle emissions<\/li>\n\n\n\n<li><strong>Biodegradable and natural materials<\/strong> protecting biodiversity<\/li>\n\n\n\n<li><strong>100% recyclable<\/strong>in line with the principles of the circular economy<\/li>\n\n\n\n<li><strong>Guaranteed security<\/strong> according to ISTA 1C international tests<\/li>\n<\/ul>\n\n\n<div class=\"wp-block-image\">\n<figure class=\"aligncenter size-large is-resized\"><img decoding=\"async\" width=\"819\" height=\"1024\" src=\"https:\/\/www.pladostelma.com\/wp-content\/uploads\/100plasticfree-819x1024.jpg\" alt=\"Illustrazione whale, 100% without plastic\" class=\"wp-image-247834\" style=\"width:386px;height:auto\" srcset=\"https:\/\/www.pladostelma.com\/wp-content\/uploads\/100plasticfree-819x1024.jpg 819w, https:\/\/www.pladostelma.com\/wp-content\/uploads\/100plasticfree-240x300.jpg 240w, https:\/\/www.pladostelma.com\/wp-content\/uploads\/100plasticfree-768x960.jpg 768w, https:\/\/www.pladostelma.com\/wp-content\/uploads\/100plasticfree-10x12.jpg 10w, https:\/\/www.pladostelma.com\/wp-content\/uploads\/100plasticfree-480x600.jpg 480w, https:\/\/www.pladostelma.com\/wp-content\/uploads\/100plasticfree-80x100.jpg 80w, https:\/\/www.pladostelma.com\/wp-content\/uploads\/100plasticfree.jpg 1024w\" sizes=\"(max-width: 819px) 100vw, 819px\" \/><\/figure><\/div>\n\n\n<h2 class=\"wp-block-heading\"><strong>Conclusion: for the environment and for people<\/strong><\/h2>\n\n\n\n<p>At Plados, we believe that sustainability means <strong>daily commitment<\/strong>, <strong>consistent choices<\/strong> and <strong>forward-looking investments<\/strong>.<\/p>\n\n\n\n<p>Every technological innovation, every sink we produce, every detail of our packaging tells a story of respect for the environment and confidence in the future.<\/p>\n\n\n\n<p><strong>A responsible choice today, for a better kitchen and planet tomorrow.<\/strong><\/p>\n\n\n\n<p><\/p>","protected":false},"excerpt":{"rendered":"<p>Da oltre 25 anni, Plados Telma si distingue come realt\u00e0 industriale capace di coniugare innovazione, qualit\u00e0 e responsabilit\u00e0 ambientale. Alla base della nostra visione, c\u2019\u00e8 la consapevolezza che ogni scelta aziendale pu\u00f2 generare valore non solo economico, ma anche sociale ed ecologico. Per questo, il nostro percorso verso la sostenibilit\u00e0 \u00e8 strutturato, misurabile e riconosciuto [&hellip;]<\/p>\n","protected":false},"author":61,"featured_media":248104,"comment_status":"closed","ping_status":"closed","sticky":false,"template":"","format":"standard","meta":{"_acf_changed":false,"_seopress_robots_primary_cat":"none","_seopress_titles_title":"","_seopress_titles_desc":"","_seopress_robots_index":"","_uag_custom_page_level_css":"","iawp_total_views":1140,"uix_meta_title":"","uix_meta_description":"","uix_canonical_url":"","footnotes":""},"categories":[79],"tags":[],"class_list":["post-248099","post","type-post","status-publish","format-standard","has-post-thumbnail","hentry","category-news"],"acf":[],"uagb_featured_image_src":{"full":["https:\/\/www.pladostelma.com\/wp-content\/uploads\/Plados-sostenibilita-ambientale-scaled.jpg",2560,1440,false],"thumbnail":["https:\/\/www.pladostelma.com\/wp-content\/uploads\/Plados-sostenibilita-ambientale-150x150.jpg",150,150,true],"medium":["https:\/\/www.pladostelma.com\/wp-content\/uploads\/Plados-sostenibilita-ambientale-300x169.jpg",300,169,true],"medium_large":["https:\/\/www.pladostelma.com\/wp-content\/uploads\/Plados-sostenibilita-ambientale-768x432.jpg",768,432,true],"large":["https:\/\/www.pladostelma.com\/wp-content\/uploads\/Plados-sostenibilita-ambientale-1024x576.jpg",1024,576,true],"1536x1536":["https:\/\/www.pladostelma.com\/wp-content\/uploads\/Plados-sostenibilita-ambientale-1536x864.jpg",1536,864,true],"2048x2048":["https:\/\/www.pladostelma.com\/wp-content\/uploads\/Plados-sostenibilita-ambientale-2048x1152.jpg",2048,1152,true],"trp-custom-language-flag":["https:\/\/www.pladostelma.com\/wp-content\/uploads\/Plados-sostenibilita-ambientale-18x10.jpg",18,10,true],"woocommerce_thumbnail":["https:\/\/www.pladostelma.com\/wp-content\/uploads\/Plados-sostenibilita-ambientale-300x169.jpg",300,169,true],"woocommerce_single":["https:\/\/www.pladostelma.com\/wp-content\/uploads\/Plados-sostenibilita-ambientale-600x338.jpg",600,338,true],"woocommerce_gallery_thumbnail":["https:\/\/www.pladostelma.com\/wp-content\/uploads\/Plados-sostenibilita-ambientale-100x56.jpg",100,56,true],"variation_swatches_image_size":["https:\/\/www.pladostelma.com\/wp-content\/uploads\/Plados-sostenibilita-ambientale-50x50.jpg",50,50,true],"variation_swatches_tooltip_size":["https:\/\/www.pladostelma.com\/wp-content\/uploads\/Plados-sostenibilita-ambientale-100x100.jpg",100,100,true]},"uagb_author_info":{"display_name":"PladosTelma","author_link":"https:\/\/www.pladostelma.com\/en\/author\/pladostelma\/"},"uagb_comment_info":0,"uagb_excerpt":"Da oltre 25 anni, Plados Telma si distingue come realt\u00e0 industriale capace di coniugare innovazione, qualit\u00e0 e responsabilit\u00e0 ambientale. Alla base della nostra visione, c\u2019\u00e8 la consapevolezza che ogni scelta aziendale pu\u00f2 generare valore non solo economico, ma anche sociale ed ecologico. Per questo, il nostro percorso verso la sostenibilit\u00e0 \u00e8 strutturato, misurabile e riconosciuto&hellip;","_links":{"self":[{"href":"https:\/\/www.pladostelma.com\/en\/wp-json\/wp\/v2\/posts\/248099","targetHints":{"allow":["GET"]}}],"collection":[{"href":"https:\/\/www.pladostelma.com\/en\/wp-json\/wp\/v2\/posts"}],"about":[{"href":"https:\/\/www.pladostelma.com\/en\/wp-json\/wp\/v2\/types\/post"}],"author":[{"embeddable":true,"href":"https:\/\/www.pladostelma.com\/en\/wp-json\/wp\/v2\/users\/61"}],"replies":[{"embeddable":true,"href":"https:\/\/www.pladostelma.com\/en\/wp-json\/wp\/v2\/comments?post=248099"}],"version-history":[{"count":0,"href":"https:\/\/www.pladostelma.com\/en\/wp-json\/wp\/v2\/posts\/248099\/revisions"}],"wp:featuredmedia":[{"embeddable":true,"href":"https:\/\/www.pladostelma.com\/en\/wp-json\/wp\/v2\/media\/248104"}],"wp:attachment":[{"href":"https:\/\/www.pladostelma.com\/en\/wp-json\/wp\/v2\/media?parent=248099"}],"wp:term":[{"taxonomy":"category","embeddable":true,"href":"https:\/\/www.pladostelma.com\/en\/wp-json\/wp\/v2\/categories?post=248099"},{"taxonomy":"post_tag","embeddable":true,"href":"https:\/\/www.pladostelma.com\/en\/wp-json\/wp\/v2\/tags?post=248099"}],"curies":[{"name":"wp","href":"https:\/\/api.w.org\/{rel}","templated":true}]}}